{"id":382782,"date":"2025-09-11T12:41:13","date_gmt":"2025-09-11T12:41:13","guid":{"rendered":"https:\/\/www.europesays.com\/fr\/382782\/"},"modified":"2025-09-11T12:41:13","modified_gmt":"2025-09-11T12:41:13","slug":"nous-veillons-a-ce-que-trump-sache-qui-alimente-la-machine-de-guerre-russe-le-president-finlandais-tacle-la-hongrie-et-la-slovaquie","status":"publish","type":"post","link":"https:\/\/www.europesays.com\/fr\/382782\/","title":{"rendered":"\u00ab\u00a0Nous veillons \u00e0 ce que Trump sache qui alimente la machine de guerre russe\u00a0\u00bb : le pr\u00e9sident finlandais t\u00e2cle la Hongrie et la Slovaquie"},"content":{"rendered":"<p class=\"text-left ap-StoryElement ap-StoryElement--mb js-paywall-target ap-StoryText\">\u00ab\u00a0Je pense que le pr\u00e9sident Trump a raison lorsqu&rsquo;il dit que l&rsquo;Europe doit cesser d&rsquo;acheter du p\u00e9trole et du gaz russes. Deux pays sont point\u00e9s du doigt : l&rsquo;un est la Hongrie et l&rsquo;autre la Slovaquie\u00a0\u00bb, a affirm\u00e9 <a href=\"https:\/\/www.lalibre.be\/international\/europe\/guerre-ukraine-russie\/2025\/08\/18\/qui-est-alexander-stubb-le-president-finlandais-qui-murmure-a-loreille-de-trump-et-se-rend-a-washington-avec-les-chefs-detat-europeens-2CG43OBGRFB4ZI5SB6WDZR5RMI\/\" target=\"_self\" rel=\"noopener\">M. Stubb<\/a> lors d&rsquo;une conf\u00e9rence de presse conjointe avec son homologue ukrainien.<\/p>\n<p class=\"ap-StoryElement ap-StoryElement--mb ap-StoryText\">\u00ab\u00a0Nous veillons \u00e0 ce que le pr\u00e9sident Trump sache qui alimente la machine de guerre russe en achetant de l&rsquo;\u00e9nergie russe\u00a0\u00bb, a-t-il ajout\u00e9.<\/p>\n<p><a href=\"https:\/\/www.lalibre.be\/international\/europe\/guerre-ukraine-russie\/2025\/09\/10\/les-drones-en-pologne-un-acte-de-guerre-ou-bien-de-provocation-de-la-part-de-moscou-ca-va-beaucoup-plus-loin-que-ce-quon-avait-vu-jusquici-BDDUYAXLONAXTCRCELGVOOM5TA\/\" target=\"_blank\" rel=\"noopener noreferrer\" class=\"ap-StoryInterstitialLink ap-StoryElement ap-StoryElement--mb\">Drones russes en Pologne, acte de guerre ou provocation de la part de Moscou? \u00ab\u00a0Ca va beaucoup plus loin que ce qu&rsquo;on avait vu jusqu&rsquo;ici\u00a0\u00bb<\/a><\/p>\n<p class=\"text-left ap-StoryElement ap-StoryElement--mb ap-StoryText\">En 2022, apr\u00e8s le d\u00e9clenchement de l&rsquo;<a href=\"https:\/\/www.lalibre.be\/international\/europe\/guerre-ukraine-russie\/\" target=\"_self\" rel=\"noopener\">invasion de l&rsquo;Ukraine par la Russie<\/a>, l&rsquo;UE a interdit la plupart des importations de p\u00e9trole en provenance de Russie.<\/p>\n<p class=\"ap-StoryElement ap-StoryElement--mb ap-StoryText\">Mais la Hongrie et la Slovaquie, tous deux membres de l&rsquo;UE, b\u00e9n\u00e9ficient d&rsquo;une exemption pour continuer leurs importations de p\u00e9trole russe via l&rsquo;ol\u00e9oduc Droujba, qui a \u00e9t\u00e9 vis\u00e9 \u00e0 plusieurs reprises par des frappes ukrainiennes ces derni\u00e8res semaines.<\/p>\n<p class=\"text-left ap-StoryElement ap-StoryElement--mb ap-StoryText\">Vendredi, <a href=\"https:\/\/www.lalibre.be\/international\/europe\/guerre-ukraine-russie\/2025\/09\/01\/en-coulisses-certains-manoeuvrent-pour-remplacer-zelensky-et-ils-pensent-lui-avoir-trouve-un-successeur-33TS3ODSSBENLADW6VTCS2KC6I\/\" target=\"_self\" rel=\"noopener\">M. Zelensky<\/a> avait demand\u00e9 au Premier ministre slovaque Robert Fico, tr\u00e8s critique envers l&rsquo;Ukraine, d&rsquo;arr\u00eater ses achats de p\u00e9trole et de gaz russe, proposant en \u00e9change de fournir ces \u00e9nergies fossiles.<\/p>\n<p class=\"ap-StoryElement ap-StoryElement--mb ap-StoryText\">Les gouvernements hongrois et slovaques sont connus pour leurs politiques conciliantes envers la Russie et leurs critiques s\u00e9v\u00e8res \u00e0 l&rsquo;encontre du chef de l&rsquo;\u00c9tat ukrainien, \u00e0 rebours de la position de l&rsquo;Union europ\u00e9enne.<\/p>\n<p class=\"ap-StoryElement ap-StoryElement--mb ap-StoryText\">La Russie a de son c\u00f4t\u00e9 redirig\u00e9 une partie de ses ventes de p\u00e9trole et de gaz vers d&rsquo;autres partenaires tels que l&rsquo;Inde, la Chine et la Turquie. Elle continue de vendre d&rsquo;importantes quantit\u00e9s de gaz naturel liqu\u00e9fi\u00e9 (GNL) aux pays de l&rsquo;UE, notamment \u00e0 la France.<\/p>\n<p class=\"ap-StoryElement ap-StoryElement--mb ap-StoryText\">La France et l&rsquo;Allemagne ont propos\u00e9 de cibler le p\u00e9trole russe dans le prochain paquet de sanctions en pr\u00e9paration contre Moscou, le 19e en date.<\/p>\n<p><a href=\"https:\/\/www.lalibre.be\/international\/2025\/09\/08\/soutenue-par-ses-allies-la-russie-augmente-petit-a-petit-sa-production-de-drones-OPE4ZBVQC5CSTCMA57SPBCOTKQ\/\" target=\"_blank\" rel=\"noopener noreferrer\" class=\"ap-StoryInterstitialLink ap-StoryElement ap-StoryElement--mb\">Soutenue par ses alli\u00e9s, la Russie augmente petit \u00e0 petit sa production de drones<\/a><\/p>\n","protected":false},"excerpt":{"rendered":"\u00ab\u00a0Je pense que le pr\u00e9sident Trump a raison lorsqu&rsquo;il dit que l&rsquo;Europe doit cesser d&rsquo;acheter du p\u00e9trole et&hellip;\n","protected":false},"author":2,"featured_media":382783,"comment_status":"","ping_status":"","sticky":false,"template":"","format":"standard","meta":{"footnotes":""},"categories":[1590],"tags":[11,2120,893,1777,674,12,132,220],"class_list":{"0":"post-382782","1":"post","2":"type-post","3":"status-publish","4":"format-standard","5":"has-post-thumbnail","7":"category-ukraine","8":"tag-actualites","9":"tag-conflit","10":"tag-energie","11":"tag-eu","12":"tag-europe","13":"tag-news","14":"tag-russie","15":"tag-ukraine"},"share_on_mastodon":{"url":"https:\/\/pubeurope.com\/@fr\/115185718825131805","error":""},"_links":{"self":[{"href":"https:\/\/www.europesays.com\/fr\/wp-json\/wp\/v2\/posts\/382782","targetHints":{"allow":["GET"]}}],"collection":[{"href":"https:\/\/www.europesays.com\/fr\/wp-json\/wp\/v2\/posts"}],"about":[{"href":"https:\/\/www.europesays.com\/fr\/wp-json\/wp\/v2\/types\/post"}],"author":[{"embeddable":true,"href":"https:\/\/www.europesays.com\/fr\/wp-json\/wp\/v2\/users\/2"}],"replies":[{"embeddable":true,"href":"https:\/\/www.europesays.com\/fr\/wp-json\/wp\/v2\/comments?post=382782"}],"version-history":[{"count":0,"href":"https:\/\/www.europesays.com\/fr\/wp-json\/wp\/v2\/posts\/382782\/revisions"}],"wp:featuredmedia":[{"embeddable":true,"href":"https:\/\/www.europesays.com\/fr\/wp-json\/wp\/v2\/media\/382783"}],"wp:attachment":[{"href":"https:\/\/www.europesays.com\/fr\/wp-json\/wp\/v2\/media?parent=382782"}],"wp:term":[{"taxonomy":"category","embeddable":true,"href":"https:\/\/www.europesays.com\/fr\/wp-json\/wp\/v2\/categories?post=382782"},{"taxonomy":"post_tag","embeddable":true,"href":"https:\/\/www.europesays.com\/fr\/wp-json\/wp\/v2\/tags?post=382782"}],"curies":[{"name":"wp","href":"https:\/\/api.w.org\/{rel}","templated":true}]}}