{"id":382784,"date":"2025-09-11T12:42:16","date_gmt":"2025-09-11T12:42:16","guid":{"rendered":"https:\/\/www.europesays.com\/fr\/382784\/"},"modified":"2025-09-11T12:42:16","modified_gmt":"2025-09-11T12:42:16","slug":"keir-starmer-contraint-de-limoger-cet-ambassadeur-aux-etats-unis-pour-ses-liens-avec-jeffrey-epstein","status":"publish","type":"post","link":"https:\/\/www.europesays.com\/fr\/382784\/","title":{"rendered":"Keir Starmer contraint de limoger cet ambassadeur aux \u00c9tats-Unis pour ses liens avec Jeffrey Epstein"},"content":{"rendered":"<p>        <img decoding=\"async\" loading=\"lazy\" src=\"https:\/\/www.europesays.com\/fr\/wp-content\/uploads\/2025\/09\/c1e7c59_upload-1-zfz5rwejxdnr-afp-20250227-36yr9cr-v1-midres-britishprimeministerkeirstarmerarrivesi.jpeg\"  width=\"728\" height=\"409\" alt=\"Keir Starmer contraint de limoger cet ambassadeur aux \u00c9tats-Unis pour ses liens avec Jeffrey Epstein (Peter Mandelson et Keir Starmer en f\u00e9vrier 2025)\"\/>  <\/p>\n<p>CARL COURT \/ AFP<\/p>\n<p>Keir Starmer contraint de limoger cet ambassadeur aux \u00c9tats-Unis pour ses liens avec Jeffrey Epstein (Peter Mandelson et Keir Starmer en f\u00e9vrier 2025)<\/p>\n<p class=\"asset asset-text\">ROYAUME-UNI &#8211; Face \u00e0 la pression,<a href=\"https:\/\/www.huffingtonpost.fr\/international\/article\/keir-starmer-premier-ministre-britannique-empetre-dans-une-affaire-de-cadeaux-recus-qu-il-a-rendus_239904.html\" target=\"_blank\" rel=\"noopener\"> Keir Starmer<\/a> a c\u00e9d\u00e9. L\u2019ambassadeur britannique aux \u00c9tats-Unis, Peter Mandelson, a \u00e9t\u00e9 limog\u00e9 ce jeudi 11\u00a0septembre en raison de ses liens avec le d\u00e9linquant sexuel am\u00e9ricain Jeffrey Epstein, un revers <a href=\"https:\/\/www.huffingtonpost.fr\/international\/video\/face-a-donald-trump-keir-starmer-tente-de-defendre-le-maire-de-londres-sadiq-khan-c-est-mon-ami_253070.html\" target=\"_blank\" rel=\"noopener\">de plus pour le Premier ministre<\/a> avant la visite d\u2019\u00c9tat de<a href=\"https:\/\/www.huffingtonpost.fr\/international\/article\/donald-trump-a-ete-poursuivi-jusqu-en-ecosse-par-les-polemiques-brulantes-sur-l-affaire-epstein_253097.html\" target=\"_blank\" rel=\"noopener\"> Donald Trump au Royaume-Uni<\/a>.<\/p>\n<p class=\"asset asset-text\">La pression montait depuis plusieurs jours sur Keir Starmer, qui avait nomm\u00e9 il y a moins d\u2019un an cet\u00a0architecte du \u00ab\u00a0New Labour\u00a0\u00bb de Tony Blair dans les ann\u00e9es 1990, pour tenter de consolider les liens entre son gouvernement et la nouvelle administration Trump.<\/p>\n<p class=\"asset asset-text\">Des mails entre le v\u00e9t\u00e9ran du parti travailliste de 71\u00a0ans et le financier am\u00e9ricain, mort en prison en 2019, r\u00e9v\u00e9l\u00e9s cette semaine \u00ab\u00a0montrent que la profondeur et l\u2019\u00e9tendue des relations de Peter Mandelson <a href=\"https:\/\/www.huffingtonpost.fr\/international\/article\/apres-les-revelations-du-wall-street-journal-sur-trump-et-epstein-la-maison-blanche-contre-attaque_252841.html\" target=\"_blank\" rel=\"noopener\">avec Jeffrey Epstein <\/a>sont sensiblement diff\u00e9rentes de celles connues au moment de sa nomination\u00a0\u00bb, a indiqu\u00e9 le minist\u00e8re des Affaires \u00e9trang\u00e8res dans un communiqu\u00e9.<\/p>\n<p class=\"asset asset-text\">\u00ab\u00a0Compte tenu de cela, et par \u00e9gard pour les victimes des crimes d\u2019Epstein, il a \u00e9t\u00e9 r\u00e9voqu\u00e9 comme ambassadeur avec effet imm\u00e9diat\u00a0\u00bb, a ajout\u00e9 le Foreign Office.<\/p>\n<p>                     Son \u00ab\u00a0meilleur ami\u00a0\u00bb    <\/p>\n<p class=\"asset asset-text\">Dans une lettre \u00e9crite par Peter Mandelson pour les 50\u00a0ans de Jeffrey Epstein en 2003, et publi\u00e9e en d\u00e9but de semaine par des parlementaires \u00e0 Washington, le Britannique affirme que le financier am\u00e9ricain est son \u00ab\u00a0meilleur ami\u00a0\u00bb.<\/p>\n<p class=\"asset asset-text\">Interrog\u00e9 apr\u00e8s la publication de cette lettre, le Premier ministre Keir Starmer lui avait apport\u00e9 mercredi son soutien, assurant que Peter Mandelson avait \u00ab\u00a0exprim\u00e9 \u00e0 plusieurs reprises son profond regret d\u2019avoir \u00e9t\u00e9 associ\u00e9\u00a0\u00bb \u00e0 Jeffrey Epstein.<\/p>\n<p class=\"asset asset-text\">Mais cette position est rapidement devenue intenable. En fin de journ\u00e9e mercredi, des m\u00e9dias britanniques, dont le tablo\u00efd The Sun, ont rapport\u00e9 que Peter Mandelson avait envoy\u00e9 des mails de soutien \u00e0 Jeffrey Epstein alors que ce dernier \u00e9tait poursuivi en Floride pour trafic de mineures.<\/p>\n<p class=\"asset asset-text\">Juste avant que Jeffrey Epstein ne plaide coupable pour conclure un arrangement dans cette affaire en 2008, Peter Mandelson lui aurait \u00e9crit\u00a0: \u00ab\u00a0Je pense \u00e9norm\u00e9ment \u00e0 toi et je me sens impuissant et furieux \u00e0 propos de ce qui est arriv\u00e9\u00a0\u00bb, l\u2019incitant \u00e0 \u00ab\u00a0(se) battre pour une lib\u00e9ration anticip\u00e9e\u00a0\u00bb. \u00ab\u00a0Je regrette vraiment tr\u00e8s profond\u00e9ment d\u2019avoir entretenu cette relation avec lui bien plus longtemps que je n\u2019aurais d\u00fb\u00a0\u00bb, avait tent\u00e9 de se d\u00e9fendre l\u2019ambassadeur dans un entretien diffus\u00e9 mercredi sur la cha\u00eene YouTube du Sun.<\/p>\n<p class=\"asset asset-text\">Il y a affirm\u00e9 n\u2019avoir \u00ab\u00a0jamais \u00e9t\u00e9 t\u00e9moin d\u2019actes r\u00e9pr\u00e9hensibles\u00a0\u00bb ou \u00ab\u00a0de preuves d\u2019activit\u00e9s criminelles\u00a0\u00bb.<\/p>\n<p>    Temps mouvement\u00e9s pour Starmer    <\/p>\n<p class=\"asset asset-text\">\u00ab\u00a0L\u2019affirmation de Peter Mandelson selon laquelle la premi\u00e8re condamnation de Jeffrey Epstein \u00e9tait injustifi\u00e9e et devait \u00eatre contest\u00e9e constitue une nouvelle information\u00a0\u00bb, a fait valoir le Foreign Office pour expliquer la d\u00e9cision de le limoger.<\/p>\n<p class=\"asset asset-text\">Pour Keir Starmer, ce d\u00e9part, \u00e0 moins d\u2019une semaine de la visite d\u2019\u00c9tat du pr\u00e9sident Donald Trump au Royaume-Uni les 17 et 18\u00a0septembre, est un nouveau coup dur. Le dirigeant travailliste a d\u00e9j\u00e0 d\u00fb se s\u00e9parer il y a quelques jours de sa vice-Premi\u00e8re ministre, Angela Rayner, emport\u00e9e par une affaire fiscale, ce qui a d\u00e9clench\u00e9 un remaniement de taille du gouvernement.<\/p>\n<p class=\"asset asset-text\">Au plus bas dans les sondages, Starmer est aussi en difficult\u00e9 pour convaincre les Britanniques de l\u2019efficacit\u00e9 de sa politique, \u00e0 la fois sur le plan \u00e9conomique et sur la lutte contre l\u2019immigration.<\/p>\n<p>    \u00ab\u00a0Prince des t\u00e9n\u00e8bres\u00a0\u00bb    <\/p>\n<p class=\"asset asset-text\">Trois fois ministre et commissaire europ\u00e9en, Peter Mandelson \u00e9tait le premier responsable politique nomm\u00e9 ambassadeur \u00e0 Washington, un poste traditionnellement r\u00e9serv\u00e9 \u00e0 des diplomates chevronn\u00e9s.<\/p>\n<p class=\"asset asset-text\">Cet homme de r\u00e9seaux et d\u2019influence, ce qui lui a valu le surnom de \u00ab\u00a0Prince des t\u00e9n\u00e8bres\u00a0\u00bb, \u00e9tait d\u00e9j\u00e0 tomb\u00e9 \u00e0 deux reprises par le pass\u00e9 en raison d\u2019accusations de comportements r\u00e9pr\u00e9hensibles ou compromettants.<\/p>\n<p class=\"asset asset-text\">La cheffe de\u00a0l\u2019opposition conservatrice Kemi Badenoch a fustig\u00e9 le \u00ab\u00a0manque de courage\u00a0\u00bb de Keir Starmer, qui \u00ab\u00a0a encore \u00e9chou\u00e9 \u00e0 un test de son leadership\u00a0\u00bb.<\/p>\n","protected":false},"excerpt":{"rendered":"CARL COURT \/ AFP Keir Starmer contraint de limoger cet ambassadeur aux \u00c9tats-Unis pour ses liens avec Jeffrey&hellip;\n","protected":false},"author":2,"featured_media":382785,"comment_status":"","ping_status":"","sticky":false,"template":"","format":"standard","meta":{"footnotes":""},"categories":[1589],"tags":[11,73,1866,14,28790,2581,12,473,1864,1865,1863,308],"class_list":{"0":"post-382784","1":"post","2":"type-post","3":"status-publish","4":"format-standard","5":"has-post-thumbnail","7":"category-etats-unis","8":"tag-actualites","9":"tag-etats-unis","10":"tag-etats-unis-damerique","11":"tag-international","12":"tag-jeffrey-epstein","13":"tag-keir-starmer","14":"tag-news","15":"tag-royaume-uni","16":"tag-united-states","17":"tag-united-states-of-america","18":"tag-us","19":"tag-usa"},"share_on_mastodon":{"url":"https:\/\/pubeurope.com\/@fr\/115185722820675587","error":""},"_links":{"self":[{"href":"https:\/\/www.europesays.com\/fr\/wp-json\/wp\/v2\/posts\/382784","targetHints":{"allow":["GET"]}}],"collection":[{"href":"https:\/\/www.europesays.com\/fr\/wp-json\/wp\/v2\/posts"}],"about":[{"href":"https:\/\/www.europesays.com\/fr\/wp-json\/wp\/v2\/types\/post"}],"author":[{"embeddable":true,"href":"https:\/\/www.europesays.com\/fr\/wp-json\/wp\/v2\/users\/2"}],"replies":[{"embeddable":true,"href":"https:\/\/www.europesays.com\/fr\/wp-json\/wp\/v2\/comments?post=382784"}],"version-history":[{"count":0,"href":"https:\/\/www.europesays.com\/fr\/wp-json\/wp\/v2\/posts\/382784\/revisions"}],"wp:featuredmedia":[{"embeddable":true,"href":"https:\/\/www.europesays.com\/fr\/wp-json\/wp\/v2\/media\/382785"}],"wp:attachment":[{"href":"https:\/\/www.europesays.com\/fr\/wp-json\/wp\/v2\/media?parent=382784"}],"wp:term":[{"taxonomy":"category","embeddable":true,"href":"https:\/\/www.europesays.com\/fr\/wp-json\/wp\/v2\/categories?post=382784"},{"taxonomy":"post_tag","embeddable":true,"href":"https:\/\/www.europesays.com\/fr\/wp-json\/wp\/v2\/tags?post=382784"}],"curies":[{"name":"wp","href":"https:\/\/api.w.org\/{rel}","templated":true}]}}