{"id":38279,"date":"2025-04-20T07:05:10","date_gmt":"2025-04-20T07:05:10","guid":{"rendered":"https:\/\/www.europesays.com\/fr\/38279\/"},"modified":"2025-04-20T07:05:10","modified_gmt":"2025-04-20T07:05:10","slug":"la-ville-de-nice-installe-des-ventilateurs-de-plafond-dans-les-salles-de-classe-pour-eviter-les-coups-de-chaud","status":"publish","type":"post","link":"https:\/\/www.europesays.com\/fr\/38279\/","title":{"rendered":"La Ville de Nice installe des ventilateurs de plafond dans les salles de classe pour \u00e9viter les coups de chaud"},"content":{"rendered":"<p>\u00c7a bosse dur dans les \u00e9coles ni\u00e7oises pendant les vacances scolaires. Tandis que professeurs et \u00e9l\u00e8ves se reposent, les services municipaux en profitent pour am\u00e9nager les salles de classe. Dix-huit d\u2019entre elles \u2013 dans neuf \u00e9coles (1) &#8211; ont \u00e9t\u00e9 \u00e9quip\u00e9es de ventilateurs de plafond pour un budget de 58\u2005600\u2005euros au cours de ces cong\u00e9s de printemps (quoi qu\u2019en dise la m\u00e9t\u00e9o).<br \/>&#13;<br \/>\n\u00ab\u00a0Ces travaux s\u2019inscrivent dans l\u2019adaptation au changement climatique, entame Pierre Fiori, conseiller municipal subd\u00e9l\u00e9gu\u00e9 aux Travaux dans les \u00e9coles. Installer la climatisation partout, ce n\u2019est pas possible pour des raisons financi\u00e8res, techniques mais aussi et surtout parce que cela engendrerait une hausse de la consommation \u00e9nerg\u00e9tique et des \u00e9missions de CO2. Le choix a \u00e9t\u00e9 fait de proc\u00e9der diff\u00e9remment.\u00a0\u00bb<\/p>\n<p>Il d\u00e9taille: \u00ab\u00a0Ces nouveaux dispositifs s\u2019inscrivent ainsi dans une approche globale. En 2020, la Ville de Nice a engag\u00e9 la v\u00e9g\u00e9talisation des cours d\u2019\u00e9cole. La plantation d\u2019arbres permet aux enfants de b\u00e9n\u00e9ficier de leur ombre mais aussi, en enlevant le bitume, on reperm\u00e9abilise les sols et on limite la r\u00e9verb\u00e9ration. Ces op\u00e9rations sont progressives. Et dans le m\u00eame temps, toutes les cours d\u2019\u00e9coles sont d\u00e9j\u00e0 \u00e9quip\u00e9es de brumisateurs.\u00a0\u00bb\u00a0\u00c0 noter toutefois que les dortoirs des maternelles sont climatis\u00e9s pour le confort des tout-petits.<\/p>\n<p>\u00ab\u00a0R\u00e9pondre aux situations les plus urgentes\u00a0\u00bb<\/p>\n<p>Dans les salles de classe, il peut faire chaud en juin et en septembre. \u00ab\u00a0Nous observons les situations au cas par cas pour r\u00e9pondre aux plus urgentes. Ainsi, des rideaux occultants et des filtres anti-UV ont pu \u00eatre pos\u00e9s. Dans certaines classes identifi\u00e9es comme prioritaires, par leur exposition ou leur emplacement, nous avons d\u00e9cid\u00e9 de poser des ventilateurs de plafond. La d\u00e9marche a \u00e9t\u00e9 initi\u00e9e l\u2019an dernier et se poursuivra \u00e0 l\u2019avenir.\u00a0\u00bb<\/p>\n<p>Dans ces salles, quatre ventilateurs sont pos\u00e9s. \u00ab\u00a0Ce sont des appareils modernes, \u00e9quip\u00e9s de programmateurs afin que l\u2019enseignant puisse moduler selon les besoins, commente l\u2019\u00e9lu. Dans la plupart des \u00e9coles, il y a des faux plafonds\u2005; cela implique donc de les refaire en partie. Et les \u00e9quipes en profitent pour changer l\u2019\u00e9clairage lorsqu\u2019il est vieillissant, pour le remplacer par des LED. D\u2019o\u00f9 le co\u00fbt de l\u2019op\u00e9ration.\u00a0\u00bb\u00a0Et de conclure sur une perspective: \u00ab\u00a0Au retour des vacances, nous validerons les 250 chantiers de l\u2019\u00e9t\u00e9.\u00a0\u00bb<\/p>\n<p>1. Sept autres le seront dans le courant de l\u2019ann\u00e9e.<\/p>\n","protected":false},"excerpt":{"rendered":"\u00c7a bosse dur dans les \u00e9coles ni\u00e7oises pendant les vacances scolaires. Tandis que professeurs et \u00e9l\u00e8ves se reposent,&hellip;\n","protected":false},"author":2,"featured_media":38280,"comment_status":"","ping_status":"","sticky":false,"template":"","format":"standard","meta":{"footnotes":""},"categories":[2819],"tags":[1111,11,893,1777,674,1011,27,12,2401,882,25],"class_list":{"0":"post-38279","1":"post","2":"type-post","3":"status-publish","4":"format-standard","5":"has-post-thumbnail","7":"category-nice","8":"tag-actu","9":"tag-actualites","10":"tag-energie","11":"tag-eu","12":"tag-europe","13":"tag-fr","14":"tag-france","15":"tag-news","16":"tag-nice","17":"tag-provence-alpes-cote-dazur","18":"tag-republique-francaise"},"share_on_mastodon":{"url":"https:\/\/pubeurope.com\/@fr\/114369024728368037","error":""},"_links":{"self":[{"href":"https:\/\/www.europesays.com\/fr\/wp-json\/wp\/v2\/posts\/38279","targetHints":{"allow":["GET"]}}],"collection":[{"href":"https:\/\/www.europesays.com\/fr\/wp-json\/wp\/v2\/posts"}],"about":[{"href":"https:\/\/www.europesays.com\/fr\/wp-json\/wp\/v2\/types\/post"}],"author":[{"embeddable":true,"href":"https:\/\/www.europesays.com\/fr\/wp-json\/wp\/v2\/users\/2"}],"replies":[{"embeddable":true,"href":"https:\/\/www.europesays.com\/fr\/wp-json\/wp\/v2\/comments?post=38279"}],"version-history":[{"count":0,"href":"https:\/\/www.europesays.com\/fr\/wp-json\/wp\/v2\/posts\/38279\/revisions"}],"wp:featuredmedia":[{"embeddable":true,"href":"https:\/\/www.europesays.com\/fr\/wp-json\/wp\/v2\/media\/38280"}],"wp:attachment":[{"href":"https:\/\/www.europesays.com\/fr\/wp-json\/wp\/v2\/media?parent=38279"}],"wp:term":[{"taxonomy":"category","embeddable":true,"href":"https:\/\/www.europesays.com\/fr\/wp-json\/wp\/v2\/categories?post=38279"},{"taxonomy":"post_tag","embeddable":true,"href":"https:\/\/www.europesays.com\/fr\/wp-json\/wp\/v2\/tags?post=38279"}],"curies":[{"name":"wp","href":"https:\/\/api.w.org\/{rel}","templated":true}]}}