{"id":382800,"date":"2025-09-11T12:50:19","date_gmt":"2025-09-11T12:50:19","guid":{"rendered":"https:\/\/www.europesays.com\/fr\/382800\/"},"modified":"2025-09-11T12:50:19","modified_gmt":"2025-09-11T12:50:19","slug":"scottie-scheffler-motive-pour-la-ryder-cup-par-une-defaite-douloureuse","status":"publish","type":"post","link":"https:\/\/www.europesays.com\/fr\/382800\/","title":{"rendered":"Scottie Scheffler motiv\u00e9 pour la Ryder Cup par une d\u00e9faite \u00ab douloureuse \u00bb"},"content":{"rendered":"<p>\t\t\t\t\t\t<img width=\"770\" height=\"556\" src=\"data:image\/svg+xml,%3Csvg%20xmlns=\" http:=\"\" class=\"img-responsive wp-post-image\" alt=\"\" decoding=\"async\" fetchpriority=\"high\" data-lazy- data-lazy- data-lazy-src=\"https:\/\/www.europesays.com\/fr\/wp-content\/uploads\/2025\/06\/afp__20231001__1711656629__v2__highres__2023rydercupsinglesmatches-770x556.jpg\"\/>\t\t\t\t\t<\/p>\n<p>\t\t\t\t\t\t Partager cet article <\/p>\n<p class=\"screen-reader-text juiz_sps_maybe_hidden_text\">Partager la publication \u00ab\u00a0Scottie Scheffler motiv\u00e9 pour la Ryder Cup par une d\u00e9faite \u00ab douloureuse \u00bb\u00a0\u00bb<\/p>\n<p><strong>Apr\u00e8s une Ryder Cup 2023 qui a laiss\u00e9 des traces, Scottie Scheffler a canalis\u00e9 sa frustration en une pr\u00e9paration intense pour briller \u00e0 Bethpage lors de l\u2019\u00e9dition 2025.<\/strong><\/p>\n<p>\t\t\t\t\t<a id=\"183926\" href=\"https:\/\/www.formigolf.fr\/voyage-pays~elba-sunset-mallorca-4etoiles~803~baleares\" target=\"_blank\" rel=\"sponsorised nofollow noopener\"><img decoding=\"async\" src=\"data:image\/svg+xml,%3Csvg%20xmlns=\" http:=\"\" class=\"img-responsive\" alt=\"\" data-lazy-src=\"https:\/\/www.europesays.com\/fr\/wp-content\/uploads\/2025\/09\/formigolf-e09-majorque-elba-1170x275-1.gif\"\/><\/a><\/p>\n<p><strong>Scottie Scheffler<\/strong> se souvient avec amertume de la <strong>Ryder Cup<\/strong> 2023 \u00e0 Rome, dont il est reparti sans avoir remport\u00e9 un seul match.<\/p>\n<p>\u00ab Quand je regarde la Ryder Cup 2023, je pense avoir fait deux matches nuls et en avoir perdu deux, donc je suis reparti sans gagner un seul match et \u00e7a a fait mal \u00bb, a expliqu\u00e9 le n\u00b01 mondial avant le d\u00e9but du <strong>Procore Championship<\/strong>.<\/p>\n<blockquote><p>&#13;<br \/>\nJe travaille beaucoup depuis deux ans pour arriver au meilleur de ma forme \u00e0 cet \u00e9v\u00e9nement.&#13;<\/p>\n<p>Scottie Scheffler<\/p>\n<p>&#13;\n<\/p><\/blockquote>\n<p>Il ajoute que ce revers l\u2019a pouss\u00e9 \u00e0 intensifier son travail pour \u00eatre pr\u00eat pour Bethpage : \u00ab Cela m\u2019a un peu bless\u00e9 parce je n\u2019\u00e9tais pas aussi aff\u00fbt\u00e9 que j\u2019aurais pu l\u2019\u00eatre, a-t-il ajout\u00e9. J\u2019ai donc beaucoup travaill\u00e9 depuis deux ans pour arriver au meilleur de ma forme \u00e0 cet \u00e9v\u00e9nement. \u00bb <\/p>\n<blockquote class=\"twitter-tweet\" data-media-max-width=\"560\"><p>&#13;<\/p>\n<p dir=\"ltr\" lang=\"en\">In the 2023 Ryder Cup, Scottie Scheffler went 0-2-2 on the losing Ryder Cup side, including getting dispatched 9&amp;7 by Viktor Hovland and Ludvig Aberg. He says that leaving Rome without winning a single match \u201churt\u201d and it\u2019s helped motivate him to put a lot of work into his game\u2026 <a href=\"https:\/\/t.co\/ep7svgrfgq\" rel=\"nofollow\">pic.twitter.com\/ep7svgrfgq<\/a><\/p>\n<p>&#13;<br \/>\n&#13;<br \/>\n\u2014 Flushing It (@flushingitgolf) <a href=\"https:\/\/twitter.com\/flushingitgolf\/status\/1965851157684781095?ref_src=twsrc%5Etfw\" rel=\"nofollow noopener\" target=\"_blank\">September 10, 2025<\/a><\/p><\/blockquote>\n<p>&#13;<br \/>\nDu succ\u00e8s en 2021 \u00e0 la le\u00e7on de 2023<\/p>\n<p>La victoire \u00e9crasante de 2021 avait propuls\u00e9 sa carri\u00e8re, mais c\u2019est la d\u00e9faite cuisante en 2023 qui a renforc\u00e9 sa d\u00e9termination.<\/p>\n<p>Scottie Scheffler a insist\u00e9 sur l\u2019importance de repr\u00e9senter son pays : \u00ab Lorsque vous repr\u00e9sentez votre pays, vous voulez donner le meilleur de vous-m\u00eame. Porter le drapeau sur ma poitrine signifie donc \u00e9norm\u00e9ment pour moi, a-t-il pr\u00e9cis\u00e9. Il y a une raison pour laquelle je suis \u00e9mu lorsque j\u2019en parle, il y a une raison pour laquelle je suis \u00e9mu aux Jeux olympiques. J\u2019aime mon pays et j\u2019aime avoir l\u2019opportunit\u00e9 de le repr\u00e9senter.\u00a0\u00bb<\/p>\n<p>\t\t\t\t\t<a id=\"184740\" href=\"https:\/\/leclub-golf.com\/fr\/actualites\/en-septembre-achetez-votre-carte-classic-et-tentez-de-gagner-votre-abonnement-de-golf?utm_source=golf+planete&amp;utm_medium=referral&amp;utm_campaign=gagner+un+abonnement+golf&amp;utm_id=gagner+un+abonnement+golf_golf+planete_referral_banner\" target=\"_blank\" rel=\"sponsorised nofollow noopener\"><img decoding=\"async\" src=\"data:image\/svg+xml,%3Csvg%20xmlns=\" http:=\"\" class=\"img-responsive\" alt=\"\" data-lazy-src=\"https:\/\/www.europesays.com\/fr\/wp-content\/uploads\/2025\/09\/leclubgolf-e11-niveau-superieur-v2-1170x275-1.gif\"\/><\/a><\/p>\n<p>Photo : Richard Heatchote \/ Getty Images via AFP<\/p>\n<p>\t\t\t<script async src=\"https:\/\/platform.twitter.com\/widgets.js\" charset=\"utf-8\"><\/script><\/p>\n","protected":false},"excerpt":{"rendered":"Partager cet article Partager la publication \u00ab\u00a0Scottie Scheffler motiv\u00e9 pour la Ryder Cup par une d\u00e9faite \u00ab douloureuse&hellip;\n","protected":false},"author":2,"featured_media":153380,"comment_status":"","ping_status":"","sticky":false,"template":"","format":"standard","meta":{"footnotes":""},"categories":[1418],"tags":[1011,27,1472,60],"class_list":{"0":"post-382800","1":"post","2":"type-post","3":"status-publish","4":"format-standard","5":"has-post-thumbnail","7":"category-golf","8":"tag-fr","9":"tag-france","10":"tag-golf","11":"tag-sports"},"share_on_mastodon":{"url":"https:\/\/pubeurope.com\/@fr\/115185754202380753","error":""},"_links":{"self":[{"href":"https:\/\/www.europesays.com\/fr\/wp-json\/wp\/v2\/posts\/382800","targetHints":{"allow":["GET"]}}],"collection":[{"href":"https:\/\/www.europesays.com\/fr\/wp-json\/wp\/v2\/posts"}],"about":[{"href":"https:\/\/www.europesays.com\/fr\/wp-json\/wp\/v2\/types\/post"}],"author":[{"embeddable":true,"href":"https:\/\/www.europesays.com\/fr\/wp-json\/wp\/v2\/users\/2"}],"replies":[{"embeddable":true,"href":"https:\/\/www.europesays.com\/fr\/wp-json\/wp\/v2\/comments?post=382800"}],"version-history":[{"count":0,"href":"https:\/\/www.europesays.com\/fr\/wp-json\/wp\/v2\/posts\/382800\/revisions"}],"wp:featuredmedia":[{"embeddable":true,"href":"https:\/\/www.europesays.com\/fr\/wp-json\/wp\/v2\/media\/153380"}],"wp:attachment":[{"href":"https:\/\/www.europesays.com\/fr\/wp-json\/wp\/v2\/media?parent=382800"}],"wp:term":[{"taxonomy":"category","embeddable":true,"href":"https:\/\/www.europesays.com\/fr\/wp-json\/wp\/v2\/categories?post=382800"},{"taxonomy":"post_tag","embeddable":true,"href":"https:\/\/www.europesays.com\/fr\/wp-json\/wp\/v2\/tags?post=382800"}],"curies":[{"name":"wp","href":"https:\/\/api.w.org\/{rel}","templated":true}]}}