{"id":382801,"date":"2025-09-11T12:51:17","date_gmt":"2025-09-11T12:51:17","guid":{"rendered":"https:\/\/www.europesays.com\/fr\/382801\/"},"modified":"2025-09-11T12:51:17","modified_gmt":"2025-09-11T12:51:17","slug":"etoffer-le-groupe-gagner-en-experience-et-viser-plus-haut-les-bleues-ont-hate-de-se-retrouver-apres-leur-mondial-prometteur-lequipe","status":"publish","type":"post","link":"https:\/\/www.europesays.com\/fr\/382801\/","title":{"rendered":"\u00c9toffer le groupe, gagner en exp\u00e9rience et viser plus haut : les Bleues ont h\u00e2te de se retrouver apr\u00e8s leur Mondial prometteur &#8211; L&#039;\u00c9quipe"},"content":{"rendered":"<ol>\n<li><a href=\"https:\/\/news.google.com\/rss\/articles\/CBMiiAJBVV95cUxOU3VkRzJGOGhtYy14enhxcDlnMW85bWtFR3VZZHVNSXZOcnNfRnVlQ0xnM2Z6R2VycDBYaEoyblFFSkFYYzk5cllQQTQ5UXZxOUtkYnNNeE1yWTZvUVJ5dVoyRm40RE8zZjNta2VMTEJMV1YzSVc5cTVBSi11SWVQQlM5clVrRkZtT3B4UTRKUDZIWTVqZ2tSbTk4WVE2Z3ZEQ2hXUE5KZnlQVGRDS3hDTHFnVXdKdkVJaE54X2dOaml1SzV5M3dmNjQ3R3FYVW43aGlmOUQ4WnM4dm1JR0ZmcjNKU0RFQ2xDZ1ZFczM2YXVNWUowY3RITGY2VHFjT2tHaG95U2d6MFA?oc=5\" target=\"_blank\" rel=\"nofollow noopener\">\u00c9toffer le groupe, gagner en exp\u00e9rience et viser plus haut : les Bleues ont h\u00e2te de se retrouver apr\u00e8s leur Mondial prometteur<\/a>&nbsp;&nbsp;L&rsquo;\u00c9quipe<\/li>\n<li><a href=\"https:\/\/news.google.com\/rss\/articles\/CBMigwJBVV95cUxNbWx2VDNnZzZoaFROeUF6Ym5nMVRKLVh4Nl9sWldzd3BnUHpKcXh0cnFiU0RTWDgwcUZOaFE5dGNJZDFlbGY5UnNqOHRPVjQ3NFNnZDROVGp3d0hEZDZSMjBFejdXaTh0TlY0YWdYOENsUFVDR1VHN09tNjIxNnFIZFBtN2NHYk94d1pGM19qbllRWTdia1J1MjdNb2ZPSWUzVklqeVdkZVhoRU9HbHZLMm40NmJ6Ym5VNFpxWlc5ODBqNW5XbFN0cXp3U2RCUW1HZnV5aXFZWXd6NGw3ZVZUekxyZmdxWnJBdjNRNm1QWUZCenI1Wk00QzBvYThoczZ5dDFN?oc=5\" target=\"_blank\" rel=\"nofollow noopener\">\u00ab Des liens et des souvenirs se sont cr\u00e9\u00e9s \u00bb, raconte H\u00e9l\u00e9na Cazaute, capitaine des Bleues de retour du Championnat du monde<\/a>&nbsp;&nbsp;L&rsquo;\u00c9quipe<\/li>\n<li><a href=\"https:\/\/news.google.com\/rss\/articles\/CBMi0AFBVV95cUxQYjNGWW54MEE1b19IbV9VVGtaUHhLcF82RHZtOXVKWGh5WWtnVDJZZk9XdkdWS0NXMTZqSlExd1J2OEtieGxzNk85SzFpODg5Z2dyMFVkNm1vcFNwVlJ2VXNZS0R0a0thQVZPa1hSb2FPYnEtVUp3OWFGWWttUUg0WE1YUk4zaXlQdDJQaUtCYmp1blBLN0dDRVZFTW9SczlycVYzVmhNY2EzV0tZMHhzQmk3WlNveklQTXVtRDl1MV81T2c5Wkd1SXMyMGJxRjlX?oc=5\" target=\"_blank\" rel=\"nofollow noopener\">Gelin : \u00abLa magie du sport de haut niveau\u00bb &#8211; Volley &#8211; Mondial (F) &#8211; Bleues<\/a>&nbsp;&nbsp;Orange Actualit\u00e9s | Sports<\/li>\n<li><a href=\"https:\/\/news.google.com\/rss\/articles\/CBMijAJBVV95cUxQS1NIX3QzUWFfc2NSb1dNYjBWRDJFb0Q2elF2YUdRUlB0dVJCSTdtZGRUTnlHRXd2MzBRc1dSZEdBRElqSjNzUXlaU2JVM3FqTW5ISGViU09BcDFVNEdBanN5WC1uazdZdUtUaTZ2aTRRNld3RGlUbDFGY1YwaXUxS3hleTJIeFlkMlVnRDlDRzBKbUlRYklESlVYa3llRFRta2pCSTducUNaaDU2RnctRU9FZFVyaHhBX2VYMkVOQXkzZHZaMndRaGFKYVF0cVRYcnNyUnFlemNuSldTNVhyUjJQc2J6NndHckpSX2JUdDlwemY4dmVlWGF0VGthanBxQjBVNlkxMlJvd2tL?oc=5\" target=\"_blank\" rel=\"nofollow noopener\">France-Br\u00e9sil : les Bleues s\u2019arr\u00eatent en quarts de finale du championnat du monde de volley<\/a>&nbsp;&nbsp;Le Monde.fr<\/li>\n<li><a href=\"https:\/\/news.google.com\/rss\/articles\/CBMixgFBVV95cUxNYkNlQ25OR3BORHBYamQ5NmpqTWNNUzI3a19mZFJJa2otaHYyck5nd0MzNWdxNXFsOC1jVk0ySUhhckxzc1F0UW5CZmdzVldEbWVfYTRjVTk3UnYzc1VMWHdhU3dHaU9USjhlYjk4eWNaWkJUdlpvV0RleVlhbXNnbUdBVGl4aWw2bjc0bHFyS1hvamJnaml0dmRsOFRMaGZOaEdXZ0UyeTFwOFBsLWpvZHhEXzdmQXRCREtTRXl2am93RXZGTUE?oc=5\" target=\"_blank\" rel=\"nofollow noopener\">Nawelle Chouikh-Barbez, la Dunkerquoise d\u2019une \u00e9quipe de France qui cr\u00e9e l\u2019histoire<\/a>&nbsp;&nbsp;La Voix du Nord<\/li>\n<\/ol>\n","protected":false},"excerpt":{"rendered":"\u00c9toffer le groupe, gagner en exp\u00e9rience et viser plus haut : les Bleues ont h\u00e2te de se retrouver&hellip;\n","protected":false},"author":2,"featured_media":382802,"comment_status":"","ping_status":"","sticky":false,"template":"","format":"standard","meta":{"footnotes":""},"categories":[1417],"tags":[1011,27,60,1470,1469],"class_list":{"0":"post-382801","1":"post","2":"type-post","3":"status-publish","4":"format-standard","5":"has-post-thumbnail","7":"category-volley","8":"tag-fr","9":"tag-france","10":"tag-sports","11":"tag-volley","12":"tag-volleyball"},"share_on_mastodon":{"url":"https:\/\/pubeurope.com\/@fr\/115185758958206120","error":""},"_links":{"self":[{"href":"https:\/\/www.europesays.com\/fr\/wp-json\/wp\/v2\/posts\/382801","targetHints":{"allow":["GET"]}}],"collection":[{"href":"https:\/\/www.europesays.com\/fr\/wp-json\/wp\/v2\/posts"}],"about":[{"href":"https:\/\/www.europesays.com\/fr\/wp-json\/wp\/v2\/types\/post"}],"author":[{"embeddable":true,"href":"https:\/\/www.europesays.com\/fr\/wp-json\/wp\/v2\/users\/2"}],"replies":[{"embeddable":true,"href":"https:\/\/www.europesays.com\/fr\/wp-json\/wp\/v2\/comments?post=382801"}],"version-history":[{"count":0,"href":"https:\/\/www.europesays.com\/fr\/wp-json\/wp\/v2\/posts\/382801\/revisions"}],"wp:featuredmedia":[{"embeddable":true,"href":"https:\/\/www.europesays.com\/fr\/wp-json\/wp\/v2\/media\/382802"}],"wp:attachment":[{"href":"https:\/\/www.europesays.com\/fr\/wp-json\/wp\/v2\/media?parent=382801"}],"wp:term":[{"taxonomy":"category","embeddable":true,"href":"https:\/\/www.europesays.com\/fr\/wp-json\/wp\/v2\/categories?post=382801"},{"taxonomy":"post_tag","embeddable":true,"href":"https:\/\/www.europesays.com\/fr\/wp-json\/wp\/v2\/tags?post=382801"}],"curies":[{"name":"wp","href":"https:\/\/api.w.org\/{rel}","templated":true}]}}