{"id":382805,"date":"2025-09-11T12:53:15","date_gmt":"2025-09-11T12:53:15","guid":{"rendered":"https:\/\/www.europesays.com\/fr\/382805\/"},"modified":"2025-09-11T12:53:15","modified_gmt":"2025-09-11T12:53:15","slug":"corentin-moutet-et-arthur-rinderknech-alignes-en-simple-contre-la-croatie-en-coupe-davis-lequipe","status":"publish","type":"post","link":"https:\/\/www.europesays.com\/fr\/382805\/","title":{"rendered":"Corentin Moutet et Arthur Rinderknech align\u00e9s en simple contre la Croatie en Coupe Davis &#8211; L&#039;\u00c9quipe"},"content":{"rendered":"<ol>\n<li><a href=\"https:\/\/news.google.com\/rss\/articles\/CBMi0wFBVV95cUxQTFBFc1RSLTJUcFh2X3h5SlBCNkZjQ09Sa05NRE9Rd3V6Rkk0OGwtblk2RU5nQm5oZGJ0MlBIQWpQaHowMEVrQ1BHUFZxUkxzMm1KZVRpR1N6WGQ0QnZJU0I1WlU0VHcyRVZabm5mYjBhbjFHSE1HV3ZqZ0xScF9feVZQOGVaX3pscThNTDdGYTBfSFdqY2p3dVZFUU55aEpORWxDS1E4UnQ2QVBXWmtiMFByUHpTVDYxbHlSYy1rYUZiSENCekh5amYzdThFS0RnRTNJ?oc=5\" target=\"_blank\" rel=\"nofollow noopener\">Corentin Moutet et Arthur Rinderknech align\u00e9s en simple contre la Croatie en Coupe Davis<\/a>&nbsp;&nbsp;L&rsquo;\u00c9quipe<\/li>\n<li><a href=\"https:\/\/news.google.com\/rss\/articles\/CBMi0gFBVV95cUxQT0dSZHlvelVJN3FrUG5SdWFpQzJ3NEN2cjFFejJDNmNPUWxBZ2F3Y1ZaUUtxNUNUblJYdkNhMEVKR2RGMGRIUFhNcTB4ajlSbjByTnJBM3lsZ3pvQV9sazZqT0JFc2hqUjFSYXVxcjMtWm5UeFhGb3dPUG56Zjh3Ui1HS21CMUtqWjRMcGFRRVhmdGo4UjEyUGJQdWxqbExHQ2pqUG4xNG9hMXp5RDRFNFlTbFZtcXc4SllLZDdFS0NlLVFQd045VVRfTlJkc3I1dEE?oc=5\" target=\"_blank\" rel=\"nofollow noopener\">Richard Gasquet, tout jeune retrait\u00e9, renfort de luxe pour l&rsquo;\u00e9quipe de France de Coupe Davis<\/a>&nbsp;&nbsp;L&rsquo;\u00c9quipe<\/li>\n<li><a href=\"https:\/\/news.google.com\/rss\/articles\/CBMikAFBVV95cUxNbmtqMXVLRldkMldhV3VwT0twVVdINnlNa3B4MGVLOG9ab2k0bUl3V2E2c3BHUTF0bUdPYXVjSFlKeDB0dm5CM090TEw2WmRueE1uUS1qcGpGVjRHZF9ZN2REaHN3VDJZS3NJNnk1MHVIOXY4S1poSEhhQXFZUlFsMzFmTHpEU3g4YllFY256NjY?oc=5\" target=\"_blank\" rel=\"nofollow noopener\">L&rsquo;interview premi\u00e8re s\u00e9lection de Corentin Moutet<\/a>&nbsp;&nbsp;F\u00e9d\u00e9ration Fran\u00e7aise de Tennis<\/li>\n<li><a href=\"https:\/\/news.google.com\/rss\/articles\/CBMizgFBVV95cUxPSGczS1FUMGZxVWlMMWM1amVIMVdRTEU5N0RNVmN1RzJVaFktUFpRRE5ncGk2WXVGcUIwSDV4NWtZd1JpTWQwYm5KZ1NkSk9iQW9qS3dKS25HV0dfMEV5NGlmWGx2Z3hEMTl6SXVtWFV6V0NFTmtmMXBSTnVfWExjc2NUXzRCR3ItSEpjaFBMZkw0U2I3QW8zMS1YZzN0Z2VBdXZnT3U4b3BfVkhTQlQzeUExOTd1MDRMTlhzb3JGS3NKN1FkYXc2NEs2SFlxUdIBzAFBVV95cUxOdlU1V2xoSDFpWkRqZUdHaDRlOElWNFFnc0FORS1ESjlSY2hRc3BuSlJGT3YzN0FWNmFMQW4zSkZaTlhQZHFSNVlDcjlFRVZteS12YnNCY3VibHdlcF85RnRIYW5QODB2MTdiZDU2ZlpJd0tzMjZYV2ZJS3EtX09ySTRrNjVSbjNscEFwaUJBbE9lbF91M3R2dTUzS25kbEV4RzVfVzlxbTVMZHY4Nms0dWZYNjJFQmN3U3NYQnlmNUk3d3F2Zk9wOEFzNE0?oc=5\" target=\"_blank\" rel=\"nofollow noopener\">Coupe Davis : Pourquoi Cilic pr\u00e9f\u00e8re affronter les Fran\u00e7ais sur terre<\/a>&nbsp;&nbsp;Orange Actualit\u00e9s | Sports<\/li>\n<li><a href=\"https:\/\/news.google.com\/rss\/articles\/CBMi2gFBVV95cUxORjhBbE5wOHBvY0F5SGZab3hSVlpHMWh3RGE2SnBfa09JNFFud0VOcHd2LWRFWmwyUEQzSW8ycWUxdWh0UllHWkVaWmd1N2VRNnlManFUZDJWT3hMY1FJWHBjV1YySm82OWptSFlSU19sOE5uWC1ueldQS3pMTzdKX05DTmRmWDJMUEFRNFU0UnhBWFNpZEhzU1ppUi1iMTZBUy1ZRU1adm91dnRnNnhsUjdDb0NiNkdNQUpnbGxCb0ZRdklqUHI3OHhTWjJnQXJLSVR1WkZmcTdHQQ?oc=5\" target=\"_blank\" rel=\"nofollow noopener\">Coupe Davis : 5 choses \u00e0 savoir avant Croatie-France et le 2 e tour de qualifications<\/a>&nbsp;&nbsp;Le Figaro<\/li>\n<\/ol>\n","protected":false},"excerpt":{"rendered":"Corentin Moutet et Arthur Rinderknech align\u00e9s en simple contre la Croatie en Coupe Davis&nbsp;&nbsp;L&rsquo;\u00c9quipe Richard Gasquet, tout jeune&hellip;\n","protected":false},"author":2,"featured_media":382806,"comment_status":"","ping_status":"","sticky":false,"template":"","format":"standard","meta":{"footnotes":""},"categories":[1415],"tags":[1011,27,60,1467],"class_list":{"0":"post-382805","1":"post","2":"type-post","3":"status-publish","4":"format-standard","5":"has-post-thumbnail","7":"category-tennis","8":"tag-fr","9":"tag-france","10":"tag-sports","11":"tag-tennis"},"share_on_mastodon":{"url":"","error":""},"_links":{"self":[{"href":"https:\/\/www.europesays.com\/fr\/wp-json\/wp\/v2\/posts\/382805","targetHints":{"allow":["GET"]}}],"collection":[{"href":"https:\/\/www.europesays.com\/fr\/wp-json\/wp\/v2\/posts"}],"about":[{"href":"https:\/\/www.europesays.com\/fr\/wp-json\/wp\/v2\/types\/post"}],"author":[{"embeddable":true,"href":"https:\/\/www.europesays.com\/fr\/wp-json\/wp\/v2\/users\/2"}],"replies":[{"embeddable":true,"href":"https:\/\/www.europesays.com\/fr\/wp-json\/wp\/v2\/comments?post=382805"}],"version-history":[{"count":0,"href":"https:\/\/www.europesays.com\/fr\/wp-json\/wp\/v2\/posts\/382805\/revisions"}],"wp:featuredmedia":[{"embeddable":true,"href":"https:\/\/www.europesays.com\/fr\/wp-json\/wp\/v2\/media\/382806"}],"wp:attachment":[{"href":"https:\/\/www.europesays.com\/fr\/wp-json\/wp\/v2\/media?parent=382805"}],"wp:term":[{"taxonomy":"category","embeddable":true,"href":"https:\/\/www.europesays.com\/fr\/wp-json\/wp\/v2\/categories?post=382805"},{"taxonomy":"post_tag","embeddable":true,"href":"https:\/\/www.europesays.com\/fr\/wp-json\/wp\/v2\/tags?post=382805"}],"curies":[{"name":"wp","href":"https:\/\/api.w.org\/{rel}","templated":true}]}}