{"id":382809,"date":"2025-09-11T12:56:10","date_gmt":"2025-09-11T12:56:10","guid":{"rendered":"https:\/\/www.europesays.com\/fr\/382809\/"},"modified":"2025-09-11T12:56:10","modified_gmt":"2025-09-11T12:56:10","slug":"losc-tfc-les-compos-probables","status":"publish","type":"post","link":"https:\/\/www.europesays.com\/fr\/382809\/","title":{"rendered":"LOSC &#8211; TFC : Les compos probables !"},"content":{"rendered":"<p>Voici les compos probables de ce LOSC \u2013 TFC, en J4 de la Ligue 1.<\/p>\n<p>La Ligue 1 reprend ses droits ! Pour la J4, le LOSC re\u00e7oit le TFC ce dimanche 14 septembre. Les Lillois se pr\u00e9parent \u00e0 la Ligue Europa, avec la r\u00e9ception du SK Brann. Tandis que les Toulousains veulent se remettre de la lourde d\u00e9faite contre le PSG (6-3). Comme c\u2019est un retour de tr\u00eave internationale, possible qu\u2019il est de surprises dans les 11\u2026 En attendant, voici les compos probables de ce LOSC \u2013 TFC.<\/p>\n<p>Les compos probables de LOSC \u2013 TFC :<\/p>\n<ul class=\"wp-block-list\">\n<li><strong>LOSC :<\/strong> \u00d6zer \u2013 Meunier, Ngoy, Alexsandro, Perraud \u2013 Bouaddi, Andr\u00e9 \u2013 Broholm, Haraldsson, Correia \u2013 Giroud<\/li>\n<li><strong>TFC :<\/strong> Restes \u2013 Sidib\u00e9, Cresswell, McKenzie \u2013 D\u00f6nnum, Sauer, Casseres, Methalie \u2013 Edjouma, Magri, Gboho.<\/li>\n<\/ul>\n","protected":false},"excerpt":{"rendered":"Voici les compos probables de ce LOSC \u2013 TFC, en J4 de la Ligue 1. La Ligue 1&hellip;\n","protected":false},"author":2,"featured_media":382810,"comment_status":"","ping_status":"","sticky":false,"template":"","format":"standard","meta":{"footnotes":""},"categories":[1412],"tags":[1451,1452,1453,1454,1455,1011,27,60],"class_list":{"0":"post-382809","1":"post","2":"type-post","3":"status-publish","4":"format-standard","5":"has-post-thumbnail","7":"category-f1","8":"tag-f1","9":"tag-formula-1","10":"tag-formula1","11":"tag-formule-1","12":"tag-formule1","13":"tag-fr","14":"tag-france","15":"tag-sports"},"share_on_mastodon":{"url":"https:\/\/pubeurope.com\/@fr\/115185777704504749","error":""},"_links":{"self":[{"href":"https:\/\/www.europesays.com\/fr\/wp-json\/wp\/v2\/posts\/382809","targetHints":{"allow":["GET"]}}],"collection":[{"href":"https:\/\/www.europesays.com\/fr\/wp-json\/wp\/v2\/posts"}],"about":[{"href":"https:\/\/www.europesays.com\/fr\/wp-json\/wp\/v2\/types\/post"}],"author":[{"embeddable":true,"href":"https:\/\/www.europesays.com\/fr\/wp-json\/wp\/v2\/users\/2"}],"replies":[{"embeddable":true,"href":"https:\/\/www.europesays.com\/fr\/wp-json\/wp\/v2\/comments?post=382809"}],"version-history":[{"count":0,"href":"https:\/\/www.europesays.com\/fr\/wp-json\/wp\/v2\/posts\/382809\/revisions"}],"wp:featuredmedia":[{"embeddable":true,"href":"https:\/\/www.europesays.com\/fr\/wp-json\/wp\/v2\/media\/382810"}],"wp:attachment":[{"href":"https:\/\/www.europesays.com\/fr\/wp-json\/wp\/v2\/media?parent=382809"}],"wp:term":[{"taxonomy":"category","embeddable":true,"href":"https:\/\/www.europesays.com\/fr\/wp-json\/wp\/v2\/categories?post=382809"},{"taxonomy":"post_tag","embeddable":true,"href":"https:\/\/www.europesays.com\/fr\/wp-json\/wp\/v2\/tags?post=382809"}],"curies":[{"name":"wp","href":"https:\/\/api.w.org\/{rel}","templated":true}]}}