{"id":382813,"date":"2025-09-11T12:58:16","date_gmt":"2025-09-11T12:58:16","guid":{"rendered":"https:\/\/www.europesays.com\/fr\/382813\/"},"modified":"2025-09-11T12:58:16","modified_gmt":"2025-09-11T12:58:16","slug":"laurent-blanc-de-retour","status":"publish","type":"post","link":"https:\/\/www.europesays.com\/fr\/382813\/","title":{"rendered":"Laurent Blanc de retour"},"content":{"rendered":"<p><strong>Sans Karim Benzema, Al-Ittihad<br \/>\nrelance le championnat d\u2019Arabie saoudite vendredi soir. L\u2019occasion<br \/>\npour Zack Nani de diffuser le champion en titre dirig\u00e9 par Laurent<br \/>\nBlanc.<\/strong><\/p>\n<p>Vainqueur 5-2 contre Al-Okhdood, avec un tripl\u00e9 de Karim<br \/>\nBenzema, Al-Ittihad a perdu son capitaine vedette pour quelques<br \/>\njours. Le Ballon d\u2019Or 2022 s\u2019est bless\u00e9 \u00e0 l\u2019entra\u00eenement et<br \/>\nmanquera la deuxi\u00e8me rencontre de Saudi Pro League ce vendredi<br \/>\ncontre Al-Fateh, puis l\u2019entr\u00e9e en lice en Ligue des champions<br \/>\nasiatique contre Al-Wahda, lundi prochain. Laurent Blanc devra<br \/>\ncomposer sans son attaquant vedette, auteur de 25 buts toutes<br \/>\ncomp\u00e9titions confondues la saison pass\u00e9e.<\/p>\n<p>La rencontre de N\u2019Golo Kant\u00e9, Houssem Aouar, Moussa Diaby et<br \/>\nconsorts sera diffus\u00e9e par la cha\u00eene YouTube de Zack Nani. Le coup<br \/>\nd\u2019envoi est fix\u00e9 \u00e0 20h en France. Le streamer a achet\u00e9 les droits<br \/>\nTV de trois matches de championnat saoudien par semaine, afin de<br \/>\nles diffuser gratuitement (sur YouTube et Twitch).<\/p>\n<blockquote class=\"twitter-tweet\"><p><a class=\"twitter-link\" rel=\"noindex, nofollow noopener\" href=\"https:\/\/twitter.com\/ittihad_en\/status\/1965400072180695506\" target=\"_blank\"><\/p><\/blockquote>\n<p>Le supporter de l\u2019OL avait lanc\u00e9 son aventure audiovisuelle avec<br \/>\nla Supercoupe d\u2019Arabie saoudite avec un choc entre Al-Ittihad et<br \/>\nAl-Nassr de Cristiano Ronaldo, mais n\u2019a pas diffus\u00e9 le premier<br \/>\nmatch des champions en titre dirig\u00e9s par \u00ab Lolo \u00bb Blanc il y a deux<br \/>\nsemaines.<\/p>\n<p>Laurent Blanc oui, Lacazette non<\/p>\n<p>Zack Nani et ses invit\u00e9s commenteront deux autres affiches de la<br \/>\ndeuxi\u00e8me journ\u00e9e d\u2019Arabie saoudite. Samedi, toujours \u00e0 20h,<br \/>\nAl-Hilal affronte Al-Qadsiah, soit l\u2019affrontement entre deux<br \/>\nnouveaux buteurs du Royaume: Darwin Nunez d\u2019un c\u00f4t\u00e9, Mateo Retegui<br \/>\nde l\u2019autre ! Dimanche, Ronaldo et Al-Nassr peuvent faire le<br \/>\nspectacle face au promu Al-Kholood.<\/p>\n<p>Le match de Neom, avec <a href=\"https:\/\/www.football.fr\/etranger\/arabie-saoudite\/lacazette-la-grande-annonce-3-769512.html\" rel=\"nofollow noopener\" target=\"_blank\"><br \/>\nAlexandre Lacazette<\/a>, Sa\u00efd Benhrama, Abdoulaye Doucour\u00e9 et<br \/>\nNathan Z\u00e9z\u00e9 sur le terrain, ainsi que Christophe Galtier sur le<br \/>\nbanc, ne sera pas diffus\u00e9 par les cha\u00eenes de Zack Nani. Le promu<br \/>\naffronte Damac, dimanche apr\u00e8s-midi, en esp\u00e9rant d\u00e9crocher une<br \/>\npremi\u00e8re victoire cette saison.<\/p>\n<blockquote class=\"twitter-tweet\"><p><a class=\"twitter-link\" rel=\"noindex, nofollow noopener\" href=\"https:\/\/twitter.com\/ZackNaniProd\/status\/1965357583876981204\" target=\"_blank\"><\/p><\/blockquote>\n<p><script async src=\"https:\/\/platform.twitter.com\/widgets.js\" charset=\"utf-8\"><\/script><\/p>\n","protected":false},"excerpt":{"rendered":"Sans Karim Benzema, Al-Ittihad relance le championnat d\u2019Arabie saoudite vendredi soir. L\u2019occasion pour Zack Nani de diffuser le&hellip;\n","protected":false},"author":2,"featured_media":321259,"comment_status":"","ping_status":"","sticky":false,"template":"","format":"standard","meta":{"footnotes":""},"categories":[1410],"tags":[63,1011,27,60],"class_list":{"0":"post-382813","1":"post","2":"type-post","3":"status-publish","4":"format-standard","5":"has-post-thumbnail","7":"category-football","8":"tag-football","9":"tag-fr","10":"tag-france","11":"tag-sports"},"share_on_mastodon":{"url":"https:\/\/pubeurope.com\/@fr\/115185785603928586","error":""},"_links":{"self":[{"href":"https:\/\/www.europesays.com\/fr\/wp-json\/wp\/v2\/posts\/382813","targetHints":{"allow":["GET"]}}],"collection":[{"href":"https:\/\/www.europesays.com\/fr\/wp-json\/wp\/v2\/posts"}],"about":[{"href":"https:\/\/www.europesays.com\/fr\/wp-json\/wp\/v2\/types\/post"}],"author":[{"embeddable":true,"href":"https:\/\/www.europesays.com\/fr\/wp-json\/wp\/v2\/users\/2"}],"replies":[{"embeddable":true,"href":"https:\/\/www.europesays.com\/fr\/wp-json\/wp\/v2\/comments?post=382813"}],"version-history":[{"count":0,"href":"https:\/\/www.europesays.com\/fr\/wp-json\/wp\/v2\/posts\/382813\/revisions"}],"wp:featuredmedia":[{"embeddable":true,"href":"https:\/\/www.europesays.com\/fr\/wp-json\/wp\/v2\/media\/321259"}],"wp:attachment":[{"href":"https:\/\/www.europesays.com\/fr\/wp-json\/wp\/v2\/media?parent=382813"}],"wp:term":[{"taxonomy":"category","embeddable":true,"href":"https:\/\/www.europesays.com\/fr\/wp-json\/wp\/v2\/categories?post=382813"},{"taxonomy":"post_tag","embeddable":true,"href":"https:\/\/www.europesays.com\/fr\/wp-json\/wp\/v2\/tags?post=382813"}],"curies":[{"name":"wp","href":"https:\/\/api.w.org\/{rel}","templated":true}]}}