{"id":382814,"date":"2025-09-11T12:59:12","date_gmt":"2025-09-11T12:59:12","guid":{"rendered":"https:\/\/www.europesays.com\/fr\/382814\/"},"modified":"2025-09-11T12:59:12","modified_gmt":"2025-09-11T12:59:12","slug":"florent-pagny-a-refuse-une-tournee-des-stades-voici-la-raison","status":"publish","type":"post","link":"https:\/\/www.europesays.com\/fr\/382814\/","title":{"rendered":"Florent Pagny a refus\u00e9 une tourn\u00e9e des stades, voici la raison !"},"content":{"rendered":"<p><img decoding=\"async\" src=\"https:\/\/www.europesays.com\/fr\/wp-content\/uploads\/2025\/09\/photo_1757578679.jpg\" class=\"textcenter img-content\" loading=\"lazy\"\/>Bestimage<br \/>\n<br \/>\nFlorent Pagny le ph\u00e9nix. Si les Fran\u00e7ais ont pu suivre avec inqui\u00e9tude les rebondissements de <a href=\"https:\/\/www.chartsinfrance.net\/actualite\/news-133640.html\" target=\"_blank\" class=\"spip_out\" rel=\"nofollow noopener\">la sant\u00e9 du chanteur, atteint d&rsquo;un cancer<\/a> des poumons et qui a fait face \u00e0 plusieurs r\u00e9cidives, le t\u00e9nor de la chanson fran\u00e7aise ne baisse pas les bras, au contraire ! Son nouvel album <a href=\"https:\/\/www.chartsinfrance.net\/actualite\/news-133223.html\" target=\"_blank\" class=\"spip_out\" rel=\"nofollow noopener\">\u00ab\u00a0Grandeur nature\u00a0\u00bb<\/a>, pour lequel il a <a href=\"https:\/\/www.chartsinfrance.net\/actualite\/news-132455.html\" target=\"_blank\" class=\"spip_out\" rel=\"nofollow noopener\">collabor\u00e9 avec Vianney<\/a> ou Marc Lavoine, prendra vie sur sc\u00e8ne au cours d&rsquo;une tourn\u00e9e des Z\u00e9nith qui le verra assurer pas moins de 67 concerts. \u00ab Je repars sur les routes et je ne me voyais pas chanter les tubes, j&rsquo;avais envie de nouveaux trucs. Je suis donc super content de la couleur pop rock du disque. J&rsquo;ai toujours aim\u00e9 \u00e9couter mes albums, et celui-l\u00e0 plus particuli\u00e8rement. Je le trouve sc\u00e9nique. \u00c7a va \u00eatre \u00e9norme en live, \u00e7a va m\u00eame me donner un coup de jeune, je crois ! \u00bb sourit Florent Pagny dans les colonnes de Paris-Match, qui est all\u00e9 \u00e0 sa rencontre chez lui en Bourgogne.<\/p>\n<p>Le player Dailymotion est en train de se charger&#8230;<\/p>\n<p>\u00ab\u00a0On avait envisag\u00e9 une tourn\u00e9e de six stades\u00a0\u00bb<br \/>\n\u00c0 63 ans, l&rsquo;interpr\u00e8te de <a href=\"https:\/\/www.chartsinfrance.net\/actualite\/news-132443.html\" target=\"_blank\" class=\"spip_out\" rel=\"nofollow noopener\">\u00ab\u00a0T&rsquo;aimer encore\u00a0\u00bb<\/a>, qui <a href=\"https:\/\/www.chartsinfrance.net\/actualite\/news-133718.html\" target=\"_blank\" class=\"spip_out\" rel=\"nofollow noopener\">reviendra dans \u00ab\u00a0The Voice\u00a0\u00bb sur TF1<\/a> \u00e0 l&rsquo;automne, savoure la fid\u00e9lit\u00e9 du public. \u00ab \u00c7a a \u00e9t\u00e9 complet tout de suite, on n&rsquo;arr\u00eate pas d&rsquo;ajouter des concerts, je n&rsquo;avais jamais connu \u00e7a \u00bb s&rsquo;\u00e9tonne-t-il. Une des explications ? \u00ab Ma maladie a fait que l&#8217;empathie a grandi \u00bb avance-t-il, m\u00eame s&rsquo;il dit \u00eatre \u00ab le premier surpris \u00bb de l&rsquo;ampleur du succ\u00e8s de ces retrouvailles sc\u00e9niques. \u00ab Ce qui me fait marrer, c&rsquo;est que je fais ma plus grosse tourn\u00e9e \u00e0 65 ans, \u00e0 l&rsquo;\u00e2ge o\u00f9 on prend sa retraite ! \u00bb plaisante-t-il. Ce mot retraite justement, Florent Pagny ne veut absolument pas en entendre parler. \u00ab Tant que ta voix est l\u00e0, que tes oreilles sont l\u00e0 et que tu chantes juste \u2013 ce qui n&rsquo;est pas le cas de tout le monde, il ne faut pas h\u00e9siter \u00e0 partager ce don de la nature \u00bb estime Florent Pagny, qui a m\u00eame un temps envisag\u00e9&#8230; <a href=\"https:\/\/www.chartsinfrance.net\/Florent-Pagny\/news-132782.html\" target=\"_blank\" class=\"spip_out\" rel=\"nofollow noopener\">une tourn\u00e9e des stades<\/a>. \u00ab C&rsquo;est ce que je devais faire \u00bb assure-t-il au magazine : \u00ab Pour mes 65 ans, on avait envisag\u00e9 une tourn\u00e9e de six stades \u00bb. Comme Johnny Hallyday, C\u00e9line Dion ou Myl\u00e8ne Farmer avant lui, l&rsquo;artiste devait m\u00eame se produire au Stade de France !\u00a0\u00bbJe ne peux pas faire \u00e7a \u00e0 mon public\u00a0\u00bb<br \/>\nEst-ce les al\u00e9as de son combat contre le cancer, pour lequel il doit suivre r\u00e9guli\u00e8rement des examens, qui a nui au projet ? Pas du tout. \u00ab Ma femme, qui est toujours de tr\u00e8s bon conseil, m&rsquo;a dit que je n&rsquo;\u00e9tais pas fait pour ce genre de spectacle. Malgr\u00e9 tout, on a r\u00e9alis\u00e9 une \u00e9tude de march\u00e9, on a commenc\u00e9 \u00e0 chercher comment monter une belle production, comment transporter tout \u00e7a&#8230; \u00bb d\u00e9taille-t-il.<\/p>\n<blockquote class=\"quote\"><p><b>\u00c0 LIRE &#8211;<\/b> <a href=\"https:\/\/www.chartsinfrance.net\/actualite\/news-133581.html\" target=\"_blank\" class=\"spip_out\" rel=\"nofollow noopener\">Jean-Jacques Goldman a \u00e9crit ces chansons pour Florent Pagny sous un faux nom<\/a><\/p><\/blockquote>\n<p>\nSeulement voil\u00e0, cette id\u00e9e s&rsquo;est heurt\u00e9e \u00e0 une ligne rouge que Florent Pagny a estim\u00e9 infranchissable : le prix des places. \u00ab Et l\u00e0, on m&rsquo;a annonc\u00e9 que les billets seraient \u00e0 140 euros pour les places de devant et 90 euros au fond. J&rsquo;ai dit : \u00ab\u00a0Stop, je ne peux pas faire \u00e7a \u00e0 mon public, vous \u00eates fous\u00a0\u00bb \u00bb confie Florent Pagny. C&rsquo;est la raison pour laquelle le chanteur s&rsquo;est \u00ab rabattu \u00bb sur les Z\u00e9nith, o\u00f9 les prix propos\u00e9s sont moins on\u00e9reux. \u00ab 82 euros en premi\u00e8re cat\u00e9gorie, 42 euros en seconde \u00bb \u00e9nonce-t-il, avant d&rsquo;exposer un dernier argument de poids. \u00ab Tout le monde assis, parce qu&rsquo;\u00e0 mon \u00e2ge on ne saute plus en l&rsquo;air. Je serai m\u00eame le seul de toute la salle \u00e0 \u00eatre debout ! \u00bb conclut-il dans un rire.<\/p>\n","protected":false},"excerpt":{"rendered":"Bestimage Florent Pagny le ph\u00e9nix. Si les Fran\u00e7ais ont pu suivre avec inqui\u00e9tude les rebondissements de la sant\u00e9&hellip;\n","protected":false},"author":2,"featured_media":382815,"comment_status":"","ping_status":"","sticky":false,"template":"","format":"standard","meta":{"footnotes":""},"categories":[1359],"tags":[58,59,1011,27,973],"class_list":{"0":"post-382814","1":"post","2":"type-post","3":"status-publish","4":"format-standard","5":"has-post-thumbnail","7":"category-people","8":"tag-divertissement","9":"tag-entertainment","10":"tag-fr","11":"tag-france","12":"tag-people"},"share_on_mastodon":{"url":"https:\/\/pubeurope.com\/@fr\/115185790525443644","error":""},"_links":{"self":[{"href":"https:\/\/www.europesays.com\/fr\/wp-json\/wp\/v2\/posts\/382814","targetHints":{"allow":["GET"]}}],"collection":[{"href":"https:\/\/www.europesays.com\/fr\/wp-json\/wp\/v2\/posts"}],"about":[{"href":"https:\/\/www.europesays.com\/fr\/wp-json\/wp\/v2\/types\/post"}],"author":[{"embeddable":true,"href":"https:\/\/www.europesays.com\/fr\/wp-json\/wp\/v2\/users\/2"}],"replies":[{"embeddable":true,"href":"https:\/\/www.europesays.com\/fr\/wp-json\/wp\/v2\/comments?post=382814"}],"version-history":[{"count":0,"href":"https:\/\/www.europesays.com\/fr\/wp-json\/wp\/v2\/posts\/382814\/revisions"}],"wp:featuredmedia":[{"embeddable":true,"href":"https:\/\/www.europesays.com\/fr\/wp-json\/wp\/v2\/media\/382815"}],"wp:attachment":[{"href":"https:\/\/www.europesays.com\/fr\/wp-json\/wp\/v2\/media?parent=382814"}],"wp:term":[{"taxonomy":"category","embeddable":true,"href":"https:\/\/www.europesays.com\/fr\/wp-json\/wp\/v2\/categories?post=382814"},{"taxonomy":"post_tag","embeddable":true,"href":"https:\/\/www.europesays.com\/fr\/wp-json\/wp\/v2\/tags?post=382814"}],"curies":[{"name":"wp","href":"https:\/\/api.w.org\/{rel}","templated":true}]}}