{"id":382816,"date":"2025-09-11T13:00:13","date_gmt":"2025-09-11T13:00:13","guid":{"rendered":"https:\/\/www.europesays.com\/fr\/382816\/"},"modified":"2025-09-11T13:00:13","modified_gmt":"2025-09-11T13:00:13","slug":"une-fillette-de-5-ans-brise-une-sculpture-en-or-de-30-000-e-en-voulant-dessiner-sur-une-toile-a-200-000-e","status":"publish","type":"post","link":"https:\/\/www.europesays.com\/fr\/382816\/","title":{"rendered":"Une fillette de 5\u00a0ans brise une sculpture en or de 30 000 \u20ac en voulant dessiner sur une toile \u00e0 200 000 \u20ac"},"content":{"rendered":"<p>La sc\u00e8ne s\u2019est d\u00e9roul\u00e9e le 1er\u00a0septembre dernier dans la galerie Orler, en Italie. Une petite fille polonaise, en visite avec sa m\u00e8re, a \u00e9t\u00e9 fascin\u00e9e par \u00ab\u00a0Superficie bianca\u00a0\u00bb d\u2019Enrico Castellani, l\u2019un des ma\u00eetres de l\u2019art contemporain italien. Arm\u00e9e d\u2019un crayon, elle a voulu \u00ab\u00a0laisser son empreinte\u00a0\u00bb sur cette toile blanche textur\u00e9e.<\/p>\n<p>Pour atteindre l\u2019\u0153uvre, l\u2019enfant a eu la mauvaise id\u00e9e de grimper sur \u00ab\u00a0Athena d\u2019or\u00a0\u00bb, une araign\u00e9e sculpt\u00e9e en or 24 carats par l\u2019artiste Carlo Pecorelli. La structure n\u2019a pas r\u00e9sist\u00e9 au poids de la fillette\u00a0: l\u2019une des pattes de la sculpture, estim\u00e9e \u00e0 30 000 \u20ac, s\u2019est bris\u00e9e.<\/p>\n<p>\u00ab\u00a0Des incidents rares, mais ils arrivent\u00a0\u00bb<\/p>\n<p>Heureusement, les responsables de la galerie sont rapidement intervenus. Carlo Pecorelli a comment\u00e9 avec philosophie, dans le <a href=\"https:\/\/corrieredelveneto.corriere.it\/notizie\/venezia-mestre\/cronaca\/25_settembre_05\/jesolo-bambina-danneggia-una-scultura-in-oro-da-30-mila-euro-per-tentare-di-disegnare-sulla-preziosa-tela-bianca-di-enrico-3f24ac45-b0c5-47f4-a9ae-a8d291ec5xlk.shtml\" target=\"_blank\" rel=\"nofollow noopener\">Corriere Del Veneto<\/a>\u00a0: \u00ab\u00a0Malheureusement, malgr\u00e9 toute notre prudence, de tels incidents se produisent. Ils sont rares, mais ils se produisent.\u00a0\u00bb<\/p>\n<p>Selon l\u2019artiste, la pi\u00e8ce endommag\u00e9e devra \u00eatre r\u00e9par\u00e9e, soud\u00e9e, polie et recouverte \u00e0 nouveau de dorure 24 carats par une entreprise sp\u00e9cialis\u00e9e.<\/p>\n<p>L\u2019assurance prend en charge, la galerie relativise<\/p>\n<p>L\u2019assurance couvrira les frais de r\u00e9paration et un accord de compensation a \u00e9t\u00e9 trouv\u00e9 avec la famille polonaise. Les termes n\u2019ont pas \u00e9t\u00e9 divulgu\u00e9s. \u00ab\u00a0Tout compte fait, la situation aurait pu \u00eatre pire\u00a0\u00bb, relativise Carlo Pecorelli. En effet, juste \u00e0 c\u00f4t\u00e9 se trouvait une autre \u0153uvre, sign\u00e9e Alighiero Boetti, dont la valeur s\u2019\u00e9l\u00e8ve \u00e0 pr\u00e8s de 500 000 \u20ac.<\/p>\n","protected":false},"excerpt":{"rendered":"La sc\u00e8ne s\u2019est d\u00e9roul\u00e9e le 1er\u00a0septembre dernier dans la galerie Orler, en Italie. Une petite fille polonaise, en&hellip;\n","protected":false},"author":2,"featured_media":382817,"comment_status":"","ping_status":"","sticky":false,"template":"","format":"standard","meta":{"footnotes":""},"categories":[1358],"tags":[1348,1384,1385,1386,58,59,1011,27],"class_list":{"0":"post-382816","1":"post","2":"type-post","3":"status-publish","4":"format-standard","5":"has-post-thumbnail","7":"category-arts-et-design","8":"tag-arts","9":"tag-arts-and-design","10":"tag-arts-et-design","11":"tag-design","12":"tag-divertissement","13":"tag-entertainment","14":"tag-fr","15":"tag-france"},"share_on_mastodon":{"url":"https:\/\/pubeurope.com\/@fr\/115185793446551381","error":""},"_links":{"self":[{"href":"https:\/\/www.europesays.com\/fr\/wp-json\/wp\/v2\/posts\/382816","targetHints":{"allow":["GET"]}}],"collection":[{"href":"https:\/\/www.europesays.com\/fr\/wp-json\/wp\/v2\/posts"}],"about":[{"href":"https:\/\/www.europesays.com\/fr\/wp-json\/wp\/v2\/types\/post"}],"author":[{"embeddable":true,"href":"https:\/\/www.europesays.com\/fr\/wp-json\/wp\/v2\/users\/2"}],"replies":[{"embeddable":true,"href":"https:\/\/www.europesays.com\/fr\/wp-json\/wp\/v2\/comments?post=382816"}],"version-history":[{"count":0,"href":"https:\/\/www.europesays.com\/fr\/wp-json\/wp\/v2\/posts\/382816\/revisions"}],"wp:featuredmedia":[{"embeddable":true,"href":"https:\/\/www.europesays.com\/fr\/wp-json\/wp\/v2\/media\/382817"}],"wp:attachment":[{"href":"https:\/\/www.europesays.com\/fr\/wp-json\/wp\/v2\/media?parent=382816"}],"wp:term":[{"taxonomy":"category","embeddable":true,"href":"https:\/\/www.europesays.com\/fr\/wp-json\/wp\/v2\/categories?post=382816"},{"taxonomy":"post_tag","embeddable":true,"href":"https:\/\/www.europesays.com\/fr\/wp-json\/wp\/v2\/tags?post=382816"}],"curies":[{"name":"wp","href":"https:\/\/api.w.org\/{rel}","templated":true}]}}