{"id":382820,"date":"2025-09-11T13:02:18","date_gmt":"2025-09-11T13:02:18","guid":{"rendered":"https:\/\/www.europesays.com\/fr\/382820\/"},"modified":"2025-09-11T13:02:18","modified_gmt":"2025-09-11T13:02:18","slug":"dans-le-tourbillon-des-fictions-en-costumes","status":"publish","type":"post","link":"https:\/\/www.europesays.com\/fr\/382820\/","title":{"rendered":"dans le tourbillon des fictions en costumes"},"content":{"rendered":"<p data-module=\"fig-standfirst\" data-context=\"@media (min-width:48em)\"><strong>\u00c0 LA UNE &#8211;<\/strong> Montmartre, Merteuil\u200a, Les Sentinelles\u200a&#8230; Les s\u00e9ries historiques, \u00e0 l\u2019honneur au Festival de La Rochelle (16-21 septembre 2025), reprennent des couleurs.<\/p>\n<p class=\"fig-paragraph\">\u00ab\u200aUn projet aussi rare, aussi \u00e9crit, aussi prestigieux, tout le monde en r\u00eave mais \u00e7a ne court pas les rues. Non que le public n\u2019ait d\u2019app\u00e9tence ou que la cr\u00e9ation fran\u00e7aise manque d\u2019id\u00e9es. Au contraire, TF1 l\u2019a montr\u00e9 r\u00e9cemment, avec\u00a0<a href=\"https:\/\/tvmag.lefigaro.fr\/programme-tv\/programme\/le-bazar-de-la-charite-d415781183\" target=\"_blank\" rel=\"noopener\" data-gtm-custom-categorie=\"navigation\" data-gtm-custom-action=\"crossclick\" data-gtm-custom-label=\"Contextuel\" data-gtm-event=\"customEventSPE\"><strong>Le Bazar de la Charit\u00e9<\/strong><\/a> \u00a0et\u00a0<a href=\"https:\/\/tvmag.lefigaro.fr\/programme-tv\/programme\/les-combattantes-d115957040\" target=\"_blank\" rel=\"noopener\" data-gtm-custom-categorie=\"navigation\" data-gtm-custom-action=\"crossclick\" data-gtm-custom-label=\"Contextuel\" data-gtm-event=\"customEventSPE\"><strong>Les Combattantes<\/strong><\/a> . Mais il faut d\u00e9nicher la bonne histoire, trouver le financement, les d\u00e9corateurs, accessoiristes et costumiers capables de faire des miracles. Et le r\u00e9alisateur apte \u00e0 d\u00e9poussi\u00e9rer une ambiance avec des com\u00e9diens disponibles pendant plusieurs semaines, voire plusieurs mois\u00a0\u00bb, explique la productrice Estelle Bouti\u00e8re.<\/p>\n<p class=\"fig-paragraph fig-paragraph--dropped\">Enthousiaste, la jeune femme pr\u00e9sente <strong>Montmartre<\/strong> , \u00e9v\u00e9nement hors comp\u00e9tition du\u00a0<a href=\"http:\/\/tvmag.lefigaro.fr\/programme-tv\/series\/le-president-du-festival-de-la-fiction-de-la-rochelle-stephane-strano-est-mort-20250818\" target=\"_blank\" data-fig-type=\"Article\" rel=\"noopener\" data-gtm-custom-categorie=\"navigation\" data-gtm-custom-action=\"crossclick\" data-gtm-custom-label=\"Contextuel\" data-gtm-event=\"customEventSPE\" data-fig-domain=\"TVMAG\">Festival de la fiction de La Rochelle 2025<\/a>. Une minis\u00e9rie de TF1 en costumes, tourn\u00e9e ce printemps entre Paris et les studios de Bry-sur-Marne, o\u00f9 a \u00e9t\u00e9 construit le principal d\u00e9cor\u00a0: l\u2019\u00c9l\u00e9phant rose, cabaret parisien fictif, mais digne h\u00e9ritier des embl\u00e9matiques Chat Noir, Folies Berg\u00e8re et\u00a0<a href=\"http:\/\/www.lefigaro.fr\/histoire\/archives\/invalides-tour-eiffel-moulin-rouge-il-y-a-un-siecle-des-photos-de-paris-en-couleurs-20240726\" target=\"_blank\" data-fig-type=\"Article\" rel=\"noopener\" data-gtm-custom-categorie=\"navigation\" data-gtm-custom-action=\"crossclick\" data-gtm-custom-label=\"Contextuel\" data-gtm-event=\"customEventSPE\" data-fig-domain=\"LEFIGARO\">Moulin Rouge<\/a>.<\/p>\n<p>    Les s\u00e9ries en costumes sont \u00e0 l\u2019honneur dans du Figaro TV Magazine, \u00e0 para\u00eetre le vendredi 12 septembre 2025<br \/>\n                TV Magazine.<\/p>\n<p>Montmartre, d\u00e9but du XXe si\u00e8cle<\/p>\n<p class=\"fig-paragraph fig-paragraph--dropped\">Cette\u2026<\/p>\n<p class=\"fig-premium-paywall__infos\">\n        Cet article est r\u00e9serv\u00e9 aux abonn\u00e9s.        Il vous reste 91% \u00e0 d\u00e9couvrir.\n    <\/p>\n<p>                <img  data- alt=\"Le Figaro\" class=\"fig-img--complete fig-img\"\/><\/p>\n<p class=\"fig-premium-paywall__title\">Vous avez envie de lire la suite ?<\/p>\n<p class=\"fig-premium-paywall__subtitle\">D\u00e9bloquez tous les articles imm\u00e9diatement.<\/p>\n<p class=\"fig-premium-paywall__connect\">\n                D\u00e9j\u00e0 abonn\u00e9\u00a0?                <a class=\"fig-premium-paywall__connect-link\" href=\"https:\/\/connect.lefigaro.fr\/login?client=tvmag_web&amp;type=main&amp;redirect_uri=https%3A%2F%2Ftvmag.lefigaro.fr%2Fprogramme-tv%2Factu-tele%2Fseries-dans-le-tourbillon-des-fictions-en-costumes-20250911\" data-js-gtm=\"{&quot;customCategorie&quot;: &quot;conversion&quot;, &quot;customAction&quot;: &quot;before_Landing_Connexion_paywall_auto&quot;, &quot;customLabel&quot;: &quot;dHZtYWcubGVmaWdhcm8uZnJfXzFmMDhlMzdhLWViNDktNjQ4Yy04YjljLThiMmFiMGM0NmJlMF9fQXJ0aWNsZQ==_S\u00e9ries\u00a0: dans le tourbillon des fictions en costumes_4&quot;, &quot;customIDSPE&quot;: &quot;dHZtYWcubGVmaWdhcm8uZnJfXzFmMDhlMzdhLWViNDktNjQ4Yy04YjljLThiMmFiMGM0NmJlMF9fQXJ0aWNsZQ==&quot;, &quot;event&quot;: &quot;customEventSPE&quot;}\" target=\"_blank\" rel=\"noopener\"><br \/>\n                    Connectez-vous<br \/>\n                <\/a>\n            <\/p>\n","protected":false},"excerpt":{"rendered":"\u00c0 LA UNE &#8211; Montmartre, Merteuil\u200a, Les Sentinelles\u200a&#8230; Les s\u00e9ries historiques, \u00e0 l\u2019honneur au Festival de La Rochelle&hellip;\n","protected":false},"author":2,"featured_media":382821,"comment_status":"","ping_status":"","sticky":false,"template":"","format":"standard","meta":{"footnotes":""},"categories":[1356],"tags":[10474,58,59,51566,1011,27,5371,521,252,199,1364],"class_list":{"0":"post-382820","1":"post","2":"type-post","3":"status-publish","4":"format-standard","5":"has-post-thumbnail","7":"category-television","8":"tag-canal","9":"tag-divertissement","10":"tag-entertainment","11":"tag-festival-de-la-rochelle","12":"tag-fr","13":"tag-france","14":"tag-hbo-max","15":"tag-serie","16":"tag-television","17":"tag-tf1","18":"tag-tv"},"share_on_mastodon":{"url":"https:\/\/pubeurope.com\/@fr\/115185801320286092","error":""},"_links":{"self":[{"href":"https:\/\/www.europesays.com\/fr\/wp-json\/wp\/v2\/posts\/382820","targetHints":{"allow":["GET"]}}],"collection":[{"href":"https:\/\/www.europesays.com\/fr\/wp-json\/wp\/v2\/posts"}],"about":[{"href":"https:\/\/www.europesays.com\/fr\/wp-json\/wp\/v2\/types\/post"}],"author":[{"embeddable":true,"href":"https:\/\/www.europesays.com\/fr\/wp-json\/wp\/v2\/users\/2"}],"replies":[{"embeddable":true,"href":"https:\/\/www.europesays.com\/fr\/wp-json\/wp\/v2\/comments?post=382820"}],"version-history":[{"count":0,"href":"https:\/\/www.europesays.com\/fr\/wp-json\/wp\/v2\/posts\/382820\/revisions"}],"wp:featuredmedia":[{"embeddable":true,"href":"https:\/\/www.europesays.com\/fr\/wp-json\/wp\/v2\/media\/382821"}],"wp:attachment":[{"href":"https:\/\/www.europesays.com\/fr\/wp-json\/wp\/v2\/media?parent=382820"}],"wp:term":[{"taxonomy":"category","embeddable":true,"href":"https:\/\/www.europesays.com\/fr\/wp-json\/wp\/v2\/categories?post=382820"},{"taxonomy":"post_tag","embeddable":true,"href":"https:\/\/www.europesays.com\/fr\/wp-json\/wp\/v2\/tags?post=382820"}],"curies":[{"name":"wp","href":"https:\/\/api.w.org\/{rel}","templated":true}]}}