{"id":382822,"date":"2025-09-11T13:03:10","date_gmt":"2025-09-11T13:03:10","guid":{"rendered":"https:\/\/www.europesays.com\/fr\/382822\/"},"modified":"2025-09-11T13:03:10","modified_gmt":"2025-09-11T13:03:10","slug":"tout-ce-que-jai-gagne-je-lai-dilapide-zaz-chanteuse-depensiere-evoque-sa-fortune-dans-les-details","status":"publish","type":"post","link":"https:\/\/www.europesays.com\/fr\/382822\/","title":{"rendered":"\u00ab\u00a0Tout ce que j&rsquo;ai gagn\u00e9, je l&rsquo;ai dilapid\u00e9\u00a0\u00bb : Zaz, chanteuse d\u00e9pensi\u00e8re, \u00e9voque sa fortune dans les d\u00e9tails"},"content":{"rendered":"<p>La suite apr\u00e8s la publicit\u00e9<\/p>\n<p>Il y a 15 ans, la chanteuse <a href=\"https:\/\/www.purepeople.com\/people\/zaz_p2356\" rel=\"nofollow noopener\" target=\"_blank\">Zaz <\/a>se faisait d\u00e9couvrir du grand public avec son tube embl\u00e9matique Je veux. <strong>Dans celui-ci, elle clamait haut et fort que l\u2019argent ne fait pas forc\u00e9ment le bonheur, pr\u00e9cisant vouloir <\/strong><strong>\u201cde l\u2019amour, de la joie et de la bonne humeur\u201d<\/strong><strong>. <\/strong>Ce jeudi 11 septembre, c\u2019est dans les colonnes de Paris Match que la chanteuse a fait des confidences sur l&rsquo;amour, elle qui est <a href=\"https:\/\/www.purepeople.com\/article\/zaz-mariee-depuis-6-ans-a-un-sportif-de-haut-niveau-grace-a-lui-elle-vit-ce-qu-elle-n-avait-jamais-connu_a542356\/1\" rel=\"nofollow noopener\" target=\"_blank\">en couple avec un sportif de haut niveau<\/a> mais aussi sur son porte-feuille. Gr\u00e2ce au succ\u00e8s qu\u2019elle a rencontr\u00e9 au fil des ann\u00e9es, Zaz a gagn\u00e9 beaucoup d\u2019argent. Toutefois, la principale concern\u00e9e pr\u00e9cise avoir beaucoup d\u00e9pens\u00e9 mais pour la bonne cause.\u00a0<\/p>\n<p>Zaz est <a href=\"https:\/\/www.purepeople.com\/article\/zaz-en-galere-financiere-ce-quelle-a-fait-de-son-premier-gros-cheque-de-10-000-euros-ses-confidences-sans-detour_a535472\/1\" rel=\"nofollow noopener\" target=\"_blank\">d\u00e9pensi\u00e8re\u2026 seulement lorsque cela lui tient \u00e0 c\u0153ur<\/a>. \u201cTout ce que j\u2019ai gagn\u00e9, je l\u2019ai dilapid\u00e9, mais pour de bonnes raisons !\u201d, a-t-elle d\u2019abord affirm\u00e9. <strong>La chanteuse a d\u00e9pens\u00e9 son argent pour des \u00e9v\u00e9nements qu\u2019elle voulait vraiment financer, notamment un festival durant sept ans. <\/strong>\u201cJ\u2019ai donn\u00e9 \u00e0 des associations dans lesquelles je crois, j\u2019en ai fait profiter tout le monde\u201d, a-t-elle pr\u00e9cis\u00e9, ajoutant par la suite : \u201cJe n\u2019ai pas accumul\u00e9 de richesses et tout \u00e7a, je l\u2019ai fait avec joie\u201d. Si certains pensaient que Zaz accumulerait une immense fortune, la principale concern\u00e9e a pr\u00e9f\u00e9r\u00e9 en faire profiter ceux qui sont r\u00e9ellement dans le besoin.\u00a0<\/p>\n<p>Zaz et l\u2019argent : la chanteuse transparente sur un sujet parfois tabou<\/p>\n<p>Parler d\u2019argent n\u2019est pas facile pour tout le monde mais ce n\u2019est pas le cas de Zaz. Ses chansons lui permettent de bien gagner sa vie mais la chanteuse assure toutefois que ce n\u2019est pas toujours simple.<strong> Vivre ais\u00e9ment est un luxe que Zaz ne souhaite pas suivre et c\u2019est pour cela qu\u2019elle n\u2019h\u00e9site pas \u00e0 s\u2019investir<\/strong>. Pendant sept ans, elle a \u00e9t\u00e9 \u00e0 la t\u00eate du Crussol Festival mais elle a<a href=\"https:\/\/www.purepeople.com\/article\/je-perdais-de-l-argent-tous-les-ans-zaz-obligee-d-abandonner-un-projet-qui-lui-tenait-a-coeur_a541602\/1\" rel=\"nofollow noopener\" target=\"_blank\"> finalement d\u00fb l&rsquo;abandonner pour des raisons financi\u00e8res<\/a>. Dans les colonnes du Parisien en juillet dernier, elle avait fait quelques confidences \u00e0 ce sujet. \u00ab\u00a0L&rsquo;an dernier, je leur ai dit que je ne pouvais plus assumer les pertes financi\u00e8res et j&rsquo;ai pass\u00e9 le flambeau aux \u00e9lus de la communaut\u00e9 de communes\u00a0\u00bb, a-t-elle fait savoir.<\/p>\n<p>Ce festival lui faisait perdre de l\u2019argent tous les ans mais Zaz affirme qu\u2019elle garde un tr\u00e8s bon souvenir de ces ann\u00e9es. De plus, ce n\u2019est pas la premi\u00e8re fois<a href=\"https:\/\/www.purepeople.com\/article\/zaz-devoile-comment-elle-utilise-sa-fortune-largent-ne-ma-pas-servi-a-moffrir-une-maison-de-campagne-mais-a-investir-dans_a534571\/1\" rel=\"nofollow noopener\" target=\"_blank\"> qu\u2018elle \u00e9voque son rapport \u00e0 l\u2019argent<\/a>. <strong>Quelques mois plus t\u00f4t, elle avait assur\u00e9 que son but principal \u00e9tait de donner un sens \u00e0 sa carri\u00e8re, pas de devenir riche.<\/strong> \u00ab\u00a0Chanter, c\u2019est mon m\u00e9tier, si les gens veulent me payer tr\u00e8s cher pour m\u2019avoir, \u00e9videmment que j\u2019y vais\u201d, avait d\u00e9clar\u00e9 la principale concern\u00e9e. Toutefois, l\u2019artiste avait pr\u00e9cis\u00e9 que ses gains ne lui ont jamais permis de s\u2019offrir quelque chose dont seule elle allait b\u00e9n\u00e9ficier. \u201cJ\u2019ai investi dans mon festival en Ard\u00e8che, dans des associations\u2026 et c\u2019est tr\u00e8s cool\u201d, d\u00e9clare Zaz. Des confidences en toute transparence sur un sujet parfois tabou.\u00a0<\/p>\n","protected":false},"excerpt":{"rendered":"La suite apr\u00e8s la publicit\u00e9 Il y a 15 ans, la chanteuse Zaz se faisait d\u00e9couvrir du grand&hellip;\n","protected":false},"author":2,"featured_media":382823,"comment_status":"","ping_status":"","sticky":false,"template":"","format":"standard","meta":{"footnotes":""},"categories":[1355],"tags":[58,59,1011,27,1361,873],"class_list":{"0":"post-382822","1":"post","2":"type-post","3":"status-publish","4":"format-standard","5":"has-post-thumbnail","7":"category-musique","8":"tag-divertissement","9":"tag-entertainment","10":"tag-fr","11":"tag-france","12":"tag-music","13":"tag-musique"},"share_on_mastodon":{"url":"https:\/\/pubeurope.com\/@fr\/115185805319219848","error":""},"_links":{"self":[{"href":"https:\/\/www.europesays.com\/fr\/wp-json\/wp\/v2\/posts\/382822","targetHints":{"allow":["GET"]}}],"collection":[{"href":"https:\/\/www.europesays.com\/fr\/wp-json\/wp\/v2\/posts"}],"about":[{"href":"https:\/\/www.europesays.com\/fr\/wp-json\/wp\/v2\/types\/post"}],"author":[{"embeddable":true,"href":"https:\/\/www.europesays.com\/fr\/wp-json\/wp\/v2\/users\/2"}],"replies":[{"embeddable":true,"href":"https:\/\/www.europesays.com\/fr\/wp-json\/wp\/v2\/comments?post=382822"}],"version-history":[{"count":0,"href":"https:\/\/www.europesays.com\/fr\/wp-json\/wp\/v2\/posts\/382822\/revisions"}],"wp:featuredmedia":[{"embeddable":true,"href":"https:\/\/www.europesays.com\/fr\/wp-json\/wp\/v2\/media\/382823"}],"wp:attachment":[{"href":"https:\/\/www.europesays.com\/fr\/wp-json\/wp\/v2\/media?parent=382822"}],"wp:term":[{"taxonomy":"category","embeddable":true,"href":"https:\/\/www.europesays.com\/fr\/wp-json\/wp\/v2\/categories?post=382822"},{"taxonomy":"post_tag","embeddable":true,"href":"https:\/\/www.europesays.com\/fr\/wp-json\/wp\/v2\/tags?post=382822"}],"curies":[{"name":"wp","href":"https:\/\/api.w.org\/{rel}","templated":true}]}}