{"id":382830,"date":"2025-09-11T13:07:11","date_gmt":"2025-09-11T13:07:11","guid":{"rendered":"https:\/\/www.europesays.com\/fr\/382830\/"},"modified":"2025-09-11T13:07:11","modified_gmt":"2025-09-11T13:07:11","slug":"partager-cette-chance-avec-ses-500-000-e-gagnes-au-cash-a-plouaret-il-va-ouvrir-un-commerce-en-famille","status":"publish","type":"post","link":"https:\/\/www.europesays.com\/fr\/382830\/","title":{"rendered":"\u00ab\u00a0Partager cette chance\u00a0\u00bb\u00a0: avec ses 500\u00a0000\u00a0\u20ac gagn\u00e9s au Cash \u00e0 Plouaret, il va ouvrir un commerce en famille"},"content":{"rendered":"<p>Mardi 5 ao\u00fbt restera un jour grav\u00e9 dans la m\u00e9moire d\u2019Emmanuelle Gelin, la fille de la g\u00e9rante de l\u2019H\u00f4tel des Voyageurs, \u00e0 Plouaret. Ce jour-l\u00e0, un client venu prendre un caf\u00e9 ach\u00e8te un ticket \u00e0 gratter Cash et remporte un jackpot de 500\u00a0000 \u20ac. \u00ab<a href=\"https:\/\/www.letelegramme.fr\/cotes-d-armor\/lannion-22300\/il-ma-embrasse-de-joie-a-plouaret-un-client-venu-prendre-un-cafe-remporte-500-000-eur-au-grattage-6867779.php\" title=\"www.letelegramme.fr\" rel=\"nofollow noopener\" target=\"_blank\">\u00a0Il m\u2019a embrass\u00e9 de joie\u00a0<\/a>\u00bb, nous avait confi\u00e9 celle qui lui avait tendu le ticket de la fortune, \u00e0 l\u2019heure de raconter cet heureux \u00e9v\u00e8nement.<\/p>\n<p>\u00ab\u00a0Passer du temps avec mes proches\u00a0\u00bb<\/p>\n<p>Dans un communiqu\u00e9 adress\u00e9 ce jeudi 11 septembre, la Fran\u00e7aise des Jeux nous en apprend (un peu) plus sur l\u2019heureux gagnant et ses projets.<\/p>\n<p>\u00ab\u00a0Ce qui devait \u00eatre un simple instant de d\u00e9tente entre p\u00e8re et fils s\u2019est transform\u00e9 en un souvenir inoubliable. Attabl\u00e9s \u00e0 la terrasse d\u2019un caf\u00e9, le p\u00e8re s\u2019offre un ticket Cash. En le grattant, il d\u00e9couvre qu\u2019il vient de gagner et pas de n\u2019importe quelle somme puisqu\u2019il s\u2019agit du jackpot de 500\u00a0000 \u20ac. Sous le choc, ils s\u2019\u00e9clipsent tous les deux dans leur voiture pour reprendre leurs esprits, loin des regards. L\u2019adr\u00e9naline monte, les id\u00e9es fusent et le c\u0153ur bat fort. Discret mais enthousiaste, ce chanceux confie avoir un projet\u00a0: ouvrir un commerce en famille. \u00ab\u00a0J\u2019ai envie de partager cette chance et de passer du temps avec mes proches\u00a0\u00bb, confie-t-il \u00e9mu\u00a0\u00bb, fait savoir la Fran\u00e7aise des Jeux.<\/p>\n<p>L\u2019histoire ne dit pas si ce commerce vendra aussi des jeux \u00e0 gratter\u00a0!<\/p>\n","protected":false},"excerpt":{"rendered":"Mardi 5 ao\u00fbt restera un jour grav\u00e9 dans la m\u00e9moire d\u2019Emmanuelle Gelin, la fille de la g\u00e9rante de&hellip;\n","protected":false},"author":2,"featured_media":382831,"comment_status":"","ping_status":"","sticky":false,"template":"","format":"standard","meta":{"footnotes":""},"categories":[8],"tags":[11,829,2171,58,765,59,1011,27,5862,20648],"class_list":{"0":"post-382830","1":"post","2":"type-post","3":"status-publish","4":"format-standard","5":"has-post-thumbnail","7":"category-divertissement","8":"tag-actualites","9":"tag-bretagne","10":"tag-cotes-darmor","11":"tag-divertissement","12":"tag-en-continu","13":"tag-entertainment","14":"tag-fr","15":"tag-france","16":"tag-lannion","17":"tag-plouaret"},"share_on_mastodon":{"url":"https:\/\/pubeurope.com\/@fr\/115185821013238705","error":""},"_links":{"self":[{"href":"https:\/\/www.europesays.com\/fr\/wp-json\/wp\/v2\/posts\/382830","targetHints":{"allow":["GET"]}}],"collection":[{"href":"https:\/\/www.europesays.com\/fr\/wp-json\/wp\/v2\/posts"}],"about":[{"href":"https:\/\/www.europesays.com\/fr\/wp-json\/wp\/v2\/types\/post"}],"author":[{"embeddable":true,"href":"https:\/\/www.europesays.com\/fr\/wp-json\/wp\/v2\/users\/2"}],"replies":[{"embeddable":true,"href":"https:\/\/www.europesays.com\/fr\/wp-json\/wp\/v2\/comments?post=382830"}],"version-history":[{"count":0,"href":"https:\/\/www.europesays.com\/fr\/wp-json\/wp\/v2\/posts\/382830\/revisions"}],"wp:featuredmedia":[{"embeddable":true,"href":"https:\/\/www.europesays.com\/fr\/wp-json\/wp\/v2\/media\/382831"}],"wp:attachment":[{"href":"https:\/\/www.europesays.com\/fr\/wp-json\/wp\/v2\/media?parent=382830"}],"wp:term":[{"taxonomy":"category","embeddable":true,"href":"https:\/\/www.europesays.com\/fr\/wp-json\/wp\/v2\/categories?post=382830"},{"taxonomy":"post_tag","embeddable":true,"href":"https:\/\/www.europesays.com\/fr\/wp-json\/wp\/v2\/tags?post=382830"}],"curies":[{"name":"wp","href":"https:\/\/api.w.org\/{rel}","templated":true}]}}