{"id":382834,"date":"2025-09-11T13:09:11","date_gmt":"2025-09-11T13:09:11","guid":{"rendered":"https:\/\/www.europesays.com\/fr\/382834\/"},"modified":"2025-09-11T13:09:11","modified_gmt":"2025-09-11T13:09:11","slug":"la-bce-maintient-son-principal-taux-directeur-inchange-a-2-et-rehausse-ses-previsions-dinflation-pour-2025-et-2026","status":"publish","type":"post","link":"https:\/\/www.europesays.com\/fr\/382834\/","title":{"rendered":"La BCE maintient son principal taux directeur inchang\u00e9 \u00e0 2% et rehausse ses pr\u00e9visions d\u2019inflation pour 2025 et 2026"},"content":{"rendered":"<p>Cette ann\u00e9e, l\u2019\u00e9conomie de la zone euro devrait cro\u00eetre de 1,2%, soit +0,3 points de pourcentage par rapport \u00e0 l\u2019estimation de juin.<\/p>\n<p class=\"fig-paragraph\">La\u00a0<a href=\"http:\/\/www.lefigaro.fr\/conjoncture\/la-france-sous-la-surveillance-tres-attentive-de-la-bce-20250910\" data-fig-type=\"Article\" data-gtm-custom-categorie=\"navigation\" data-gtm-custom-action=\"crossclick\" data-gtm-custom-label=\"Contextuel\" data-gtm-event=\"customEventSPE\" data-fig-domain=\"LEFIGARO\" target=\"_blank\" rel=\"noopener\">Banque centrale europ\u00e9enne<\/a>\u00a0a maintenu ses taux d&rsquo;int\u00e9r\u00eat inchang\u00e9s jeudi pour la deuxi\u00e8me fois d&rsquo;affil\u00e9e, apr\u00e8s une longue s\u00e9rie de baisses, estimant que l&rsquo;inflation se situe \u00abautour de l&rsquo;objectif \u00e0 moyen terme de 2%\u00bb. Comme anticip\u00e9 par les observateurs, l&rsquo;institution de Francfort a maintenu le taux de d\u00e9p\u00f4t, qui sert de r\u00e9f\u00e9rence pour l&rsquo;\u00e9conomie, \u00e0 2,0%, d&rsquo;apr\u00e8s un communiqu\u00e9 de l&rsquo;institut de Francfort. Il \u00e9tait \u00e0 4,0% avant la premi\u00e8re baisse des taux en juin 2024, d\u00e9cid\u00e9e face au ralentissement de l&rsquo;inflation.<\/p>\n<p class=\"fig-paragraph\">Cette ann\u00e9e, l\u2019\u00e9conomie de la zone euro devrait cro\u00eetre de 1,2%, soit +0,3 points de pourcentage par rapport \u00e0 l\u2019estimation de juin. En 2026, la croissance devrait \u00eatre un peu moins \u00e9lev\u00e9e qu\u2019attendu auparavant, \u00e0 1,0%, puis remonter \u00e0 1,3% en 2027. Quant \u00e0 l\u2019inflation, elle devrait s\u2019\u00e9tablir \u00e0 2,1% en 2025, contre la cible de 2% encore esp\u00e9r\u00e9e en juin. L\u2019indicateur devrait ensuite s\u2019\u00e9tablir \u00e0 1,7% en 2026 puis \u00e0 1,9% en 2027.<\/p>\n<p>                                    <a class=\"fig-a11y-skip a11y-hidden\" href=\"#fig-a11y-skip-main-inarticle\"><br \/>\n        Passer la publicit\u00e9<br \/>\n    <\/a><\/p>\n<p class=\"fig-paragraph\">Plus d\u2019informations \u00e0 venir.<\/p>\n","protected":false},"excerpt":{"rendered":"Cette ann\u00e9e, l\u2019\u00e9conomie de la zone euro devrait cro\u00eetre de 1,2%, soit +0,3 points de pourcentage par rapport&hellip;\n","protected":false},"author":2,"featured_media":382835,"comment_status":"","ping_status":"","sticky":false,"template":"","format":"standard","meta":{"footnotes":""},"categories":[6],"tags":[11126,35,33,34,1011,27,9345],"class_list":{"0":"post-382834","1":"post","2":"type-post","3":"status-publish","4":"format-standard","5":"has-post-thumbnail","7":"category-economie","8":"tag-bce","9":"tag-business","10":"tag-economie","11":"tag-economy","12":"tag-fr","13":"tag-france","14":"tag-inflation"},"share_on_mastodon":{"url":"https:\/\/pubeurope.com\/@fr\/115185828992643894","error":""},"_links":{"self":[{"href":"https:\/\/www.europesays.com\/fr\/wp-json\/wp\/v2\/posts\/382834","targetHints":{"allow":["GET"]}}],"collection":[{"href":"https:\/\/www.europesays.com\/fr\/wp-json\/wp\/v2\/posts"}],"about":[{"href":"https:\/\/www.europesays.com\/fr\/wp-json\/wp\/v2\/types\/post"}],"author":[{"embeddable":true,"href":"https:\/\/www.europesays.com\/fr\/wp-json\/wp\/v2\/users\/2"}],"replies":[{"embeddable":true,"href":"https:\/\/www.europesays.com\/fr\/wp-json\/wp\/v2\/comments?post=382834"}],"version-history":[{"count":0,"href":"https:\/\/www.europesays.com\/fr\/wp-json\/wp\/v2\/posts\/382834\/revisions"}],"wp:featuredmedia":[{"embeddable":true,"href":"https:\/\/www.europesays.com\/fr\/wp-json\/wp\/v2\/media\/382835"}],"wp:attachment":[{"href":"https:\/\/www.europesays.com\/fr\/wp-json\/wp\/v2\/media?parent=382834"}],"wp:term":[{"taxonomy":"category","embeddable":true,"href":"https:\/\/www.europesays.com\/fr\/wp-json\/wp\/v2\/categories?post=382834"},{"taxonomy":"post_tag","embeddable":true,"href":"https:\/\/www.europesays.com\/fr\/wp-json\/wp\/v2\/tags?post=382834"}],"curies":[{"name":"wp","href":"https:\/\/api.w.org\/{rel}","templated":true}]}}