{"id":382837,"date":"2025-09-11T13:11:20","date_gmt":"2025-09-11T13:11:20","guid":{"rendered":"https:\/\/www.europesays.com\/fr\/382837\/"},"modified":"2025-09-11T13:11:20","modified_gmt":"2025-09-11T13:11:20","slug":"que-ces-bouteilles-repartent-a-bordeaux-la-livraison-de-vin-en-palettes-scandalise-les-surveillants","status":"publish","type":"post","link":"https:\/\/www.europesays.com\/fr\/382837\/","title":{"rendered":"\u00ab\u00a0Que ces bouteilles repartent\u00a0!\u00a0\u00bb\u2026 A Bordeaux, la livraison de vin en palettes scandalise les surveillants"},"content":{"rendered":"<p> \u00abCela fait trente-cinq ans que je suis dans le m\u00e9tier, je n\u2019ai jamais vu cela.\u00a0\u00bb Ronan Roudaut, d\u00e9l\u00e9gu\u00e9 syndical de l\u2019Ufap-Unsa Justice, n\u2019en revient toujours pas. Le 28 ao\u00fbt dernier, \u00ab\u00a0les agents charg\u00e9s du contr\u00f4le d\u2019acc\u00e8s \u00e0 la <a href=\"https:\/\/www.20minutes.fr\/justice\/4151556-20250502-bordeaux-detenu-libere-erreur-prison-place-autre\" class=\"c-link c-link--is-underlined\" target=\"_blank\" rel=\"noopener\">prison de Bordeaux-Gradignan<\/a>, ont d\u00e9couvert avec stup\u00e9faction la livraison de palettes contenant principalement des <a href=\"https:\/\/www.20minutes.fr\/dossier\/vin\" class=\"c-link c-link--is-underlined\" target=\"_blank\" rel=\"noopener\">bouteilles de vin<\/a>\u00a0\u00bb, explique son syndicat dans un communiqu\u00e9, diffus\u00e9 le 8\u00a0septembre.<\/p>\n<p>En tout, \u00ab\u00a0entre 15.000 et 20.000 bouteilles de vin\u00a0\u00bb se trouvaient dans les cartons. Cartons qui sont, ce jeudi, toujours stock\u00e9s au sein du <a href=\"https:\/\/www.20minutes.fr\/dossier\/prison\" class=\"c-link c-link--is-underlined\" target=\"_blank\" rel=\"noopener\">centre p\u00e9nitentiaire<\/a>. Ces bouteilles de vin sont destin\u00e9es \u00e0 \u00ab\u00a0composer des paniers gourmands\u00a0\u00bb que certains d\u00e9tenus devront confectionner au sein d\u2019ateliers, au profit d\u2019un nouveau prestataire de l\u2019\u00e9tablissement p\u00e9nitentiaire. Une \u00ab\u00a0absurdit\u00e9\u00a0\u00bb s\u2019\u00e9trangle le syndicat.<\/p>\n<p>Une d\u00e9marche \u00ab\u00a0pousse-au-crime\u00a0\u00bb<\/p>\n<p>Contact\u00e9 par 20 Minutes, Ronan Roudaut estime qu\u2019exposer des d\u00e9tenus \u00e0 de l\u2019<a href=\"https:\/\/www.20minutes.fr\/dossier\/alcool\" class=\"c-link c-link--is-underlined\" target=\"_blank\" rel=\"noopener\">alcool<\/a>, est une d\u00e9marche \u00ab\u00a0pousse-au-crime\u00a0\u00bb. \u00ab\u00a0Ils vont donc confectionner des paniers gourmands avec des produits qu\u2019ils ne pourront pas se payer avant quinze ou vingt ans pour certains\u00a0\u00bb, souligne le d\u00e9l\u00e9gu\u00e9 syndical. Ce qui pourrait faire na\u00eetre des tentations.<\/p>\n<p>\u00ab\u00a0Nous craignons que ces bouteilles d\u2019alcool ne soient consomm\u00e9es, et qu\u2019un ou plusieurs d\u00e9tenus p\u00e8tent les plombs, avec pour cons\u00e9quence un risque de violence, soit entre eux, soit envers le personnel\u00a0\u00bb, poursuit le syndicaliste. \u00ab Beaucoup de ces bouteilles ont une contenance de 37,5 cl, et peuvent donc \u00eatre facilement d\u00e9rob\u00e9es, ajoute-t-il. En plus de cela, certains d\u00e9tenus pourraient aussi les casser, et s\u2019en servir comme une arme.\u00a0\u00bb<\/p>\n<p>Ronan Roudaut souligne qu\u2019il est impossible pour les surveillants d\u2019avoir constamment un \u0153il sur chaque d\u00e9tenu. \u00ab\u00a0Trois jours par semaine, il n\u2019y a que deux agents pour surveiller ces immenses ateliers qui font plusieurs centaines de m\u00e8tres carr\u00e9s\u00a0\u00bb, dit-il. \u00ab\u00a0En cas de troubles graves en lien avec cette pr\u00e9sence d\u2019alcool, qui en assumera la responsabilit\u00e9\u00a0?\u00a0\u00bb, interroge le syndicat dans son communiqu\u00e9, qui se demande \u00ab\u00a0comment l\u2019administration a-t-elle pu autoriser une livraison massive de vin, de surcro\u00eet dans un \u00e9tablissement encore en phase de construction et en sous-effectif chronique\u00a0?\u00a0\u00bb<\/p>\n<p>\u00ab\u00a0Enorm\u00e9ment de probl\u00e8mes \u00e0 r\u00e9soudre \u00e0 Gradignan\u00a0\u00bb<\/p>\n<p>Le d\u00e9l\u00e9gu\u00e9 syndical de l\u2019Unfap-Unsa explique que, dans le contexte de la prison de Bordeaux-Gradignan, les surveillants sont face \u00e0 une situation \u00ab\u00a0explosive\u00a0\u00bb. \u00ab\u00a0On n\u2019arrive d\u00e9j\u00e0 pas \u00e0 lutter contre les <a href=\"https:\/\/www.20minutes.fr\/justice\/4055421-20230929-nantes-appelait-air-colis-vaste-reseau-livraisons-drones-prison-demantele\" class=\"c-link c-link--is-underlined\" target=\"_blank\" rel=\"noopener\">livraisons de coca\u00efne par drones<\/a>, qui sont d\u00e9sormais quotidiennes, ni \u00e0 enrayer les <a href=\"https:\/\/www.20minutes.fr\/justice\/4041000-20230613-nord-femme-planque-burger-culotte-petit-ami-prison\" class=\"c-link c-link--is-underlined\" target=\"_blank\" rel=\"noopener\">livraisons de cannabis au parloir<\/a>, si en plus de mani\u00e8re officielle on nous livre des palettes d\u2019alcool\u00a0! Nous avons \u00e9norm\u00e9ment de probl\u00e8mes \u00e0 r\u00e9soudre \u00e0 Gradignan, qui est une prison surpeupl\u00e9e avec 1.170 d\u00e9tenus pour 633 places, et 200 matelas au sol, ce n\u2019est pas la peine d\u2019en rajouter. Le risque est trop grand.\u00a0\u00bb<\/p>\n<\/p>\n<p><a href=\"https:\/\/www.lefigaro.fr\/bordeaux\/c-est-pousser-au-crime-des-bouteilles-de-vin-livrees-a-la-prison-de-bordeaux-gradignan-scandalisent-les-agents-penitentiaires-20250909\" rel=\"nofollow noopener\" target=\"_blank\" class=\"c-link c-link--is-underlined\">Comme l\u2019indique par ailleurs Le Figaro<\/a> qui a r\u00e9v\u00e9l\u00e9 l\u2019affaire, rien, \u00ab\u00a0pas m\u00eame la diffusion d\u2019une note de service\u00a0\u00bb, n\u2019a \u00e9t\u00e9 fait pour informer les surveillants de la pr\u00e9sence de cet alcool, et les inviter \u00e0 la vigilance. Aujourd\u2019hui, le syndicat r\u00e9clame que \u00ab\u00a0ces palettes repartent\u00a0\u00bb pour \u00ab\u00a0ne pas nous mettre en danger inutilement\u00a0\u00bb. \u00ab\u00a0En plus, il y a la possibilit\u00e9 de confectionner des paniers gourmands sans alcool, ce qui ne nous poserait aucun probl\u00e8me, souligne encore Ronan Roudaut. Nous ne sommes pas contre l\u2019emploi de personnes d\u00e9tenues, mais contre l\u2019introduction de denr\u00e9es prohib\u00e9es. C\u2019est du bon sens.\u00a0\u00bb<\/p>\n<p><a href=\"https:\/\/www.20minutes.fr\/dossier\/prison\" class=\"c-link c-btn c-btn--primary\" target=\"_blank\" rel=\"noopener\">Notre dossier sur les prisons<\/a><\/p>\n<p>Le syndicaliste rappelle au passage que \u00ab\u00a0la loi p\u00e9nitentiaire interdit formellement la consommation et la possession d\u2019alcool dans des enceintes p\u00e9nitentiaires, en dehors des lieux de restauration comme les mess des personnels.\u00a0\u00bb<\/p>\n","protected":false},"excerpt":{"rendered":"\u00abCela fait trente-cinq ans que je suis dans le m\u00e9tier, je n\u2019ai jamais vu cela.\u00a0\u00bb Ronan Roudaut, d\u00e9l\u00e9gu\u00e9&hellip;\n","protected":false},"author":2,"featured_media":382838,"comment_status":"","ping_status":"","sticky":false,"template":"","format":"standard","meta":{"footnotes":""},"categories":[4],"tags":[47,11,5702,3177,1997,17316,1011,27,2905,12,2219,806,25,104],"class_list":{"0":"post-382837","1":"post","2":"type-post","3":"status-publish","4":"format-standard","5":"has-post-thumbnail","7":"category-france","8":"tag-actualite","9":"tag-actualites","10":"tag-alcool","11":"tag-aquitaine","12":"tag-bordeaux","13":"tag-detenus","14":"tag-fr","15":"tag-france","16":"tag-gironde","17":"tag-news","18":"tag-nouvelle-aquitaine","19":"tag-prison","20":"tag-republique-francaise","21":"tag-societe"},"share_on_mastodon":{"url":"https:\/\/pubeurope.com\/@fr\/115185836754889802","error":""},"_links":{"self":[{"href":"https:\/\/www.europesays.com\/fr\/wp-json\/wp\/v2\/posts\/382837","targetHints":{"allow":["GET"]}}],"collection":[{"href":"https:\/\/www.europesays.com\/fr\/wp-json\/wp\/v2\/posts"}],"about":[{"href":"https:\/\/www.europesays.com\/fr\/wp-json\/wp\/v2\/types\/post"}],"author":[{"embeddable":true,"href":"https:\/\/www.europesays.com\/fr\/wp-json\/wp\/v2\/users\/2"}],"replies":[{"embeddable":true,"href":"https:\/\/www.europesays.com\/fr\/wp-json\/wp\/v2\/comments?post=382837"}],"version-history":[{"count":0,"href":"https:\/\/www.europesays.com\/fr\/wp-json\/wp\/v2\/posts\/382837\/revisions"}],"wp:featuredmedia":[{"embeddable":true,"href":"https:\/\/www.europesays.com\/fr\/wp-json\/wp\/v2\/media\/382838"}],"wp:attachment":[{"href":"https:\/\/www.europesays.com\/fr\/wp-json\/wp\/v2\/media?parent=382837"}],"wp:term":[{"taxonomy":"category","embeddable":true,"href":"https:\/\/www.europesays.com\/fr\/wp-json\/wp\/v2\/categories?post=382837"},{"taxonomy":"post_tag","embeddable":true,"href":"https:\/\/www.europesays.com\/fr\/wp-json\/wp\/v2\/tags?post=382837"}],"curies":[{"name":"wp","href":"https:\/\/api.w.org\/{rel}","templated":true}]}}