{"id":382845,"date":"2025-09-11T13:15:17","date_gmt":"2025-09-11T13:15:17","guid":{"rendered":"https:\/\/www.europesays.com\/fr\/382845\/"},"modified":"2025-09-11T13:15:17","modified_gmt":"2025-09-11T13:15:17","slug":"deux-auteurs-annulent-leur-venue-a-quelques-jours-de-levenement","status":"publish","type":"post","link":"https:\/\/www.europesays.com\/fr\/382845\/","title":{"rendered":"deux auteurs annulent leur venue \u00e0 quelques jours de l&rsquo;\u00e9v\u00e9nement"},"content":{"rendered":"<p>            Par<br \/>\n        <strong><br \/>\n            <a href=\"https:\/\/actu.fr\/auteur\/amandine-mehl\" title=\"Consulter tous les articles de Amandine Mehl\" target=\"_blank\" rel=\"noopener\">Amandine Mehl<\/a><br \/>\n        <\/strong><\/p>\n<p>        Publi\u00e9 le<\/p>\n<p>            11 sept. 2025 \u00e0 10h43        <\/p>\n<p>Alors que Le <a href=\"https:\/\/actu.fr\/tag\/livre-sur-la-place\" target=\"_blank\" rel=\"noopener\">Livre sur la Place<\/a>, \u00e9v\u00e9nement de la <strong>rentr\u00e9e litt\u00e9raire<\/strong>, revient pour une <strong>47\u1d49 \u00e9dition \u00e0 Nancy<\/strong>, du vendredi\u00a012 au dimanche 14\u00a0septembre 2025, <strong>deux auteurs<\/strong> parmi les plus de 500 attendus <strong>ne seront finalement pas pr\u00e9sents<\/strong>.<\/p>\n<p class=\" wall-content\">L\u2019information a \u00e9t\u00e9 diffus\u00e9e sur les r\u00e9seaux sociaux le 9\u00a0septembre, soit <strong>quelques jours \u00e0 peine avant le d\u00e9but des festivit\u00e9s<\/strong>.<\/p>\n<p>Christine Angot et Nicolas Demorand annulent leur venue<\/p>\n<p class=\" wall-content\">Comme on peut le lire sur la page Facebook de l\u2019\u00e9v\u00e9nement, <strong>Christine Angot<\/strong>, dont le dernier livre La Nuit sur commande est paru en d\u00e9but d\u2019ann\u00e9e, ne sera <strong>finalement pas pr\u00e9sente<\/strong>. La <strong>grande rencontre<\/strong> pr\u00e9vue vendredi 12\u00a0septembre \u00e0 16h au Mus\u00e9e des Beaux-Arts est en ce sens <strong>annul\u00e9e<\/strong>, tout comme sa pr\u00e9sence sous le chapiteau place de la Carri\u00e8re.<\/p>\n<p>    <a href=\"https:\/\/www.facebook.com\/plugins\/post.php?href=https%3A%2F%2Fwww.facebook.com%2Flivresurlaplace%2Fposts%2Fpfbid0FpMATo1kUF7xjBWff9hGbabzbh3QPRSeYtYM82ATBdLPjdooH8ULEN1utfyXdTKkl&amp;show_text=true&amp;width=350\" title=\"Ouvrie le lien\" target=\"_blank\" rel=\"noopener\">Cliquez ici pour visualiser le contenu<\/a><\/p>\n<p class=\" wall-content\">Il en va de m\u00eame pour <a href=\"https:\/\/actu.fr\/societe\/je-suis-un-malade-mental-nicolas-demorand-devoile-sa-bipolarite-on-vous-explique-quel-est-ce-trouble_62424929.html\" target=\"_blank\" rel=\"noopener\">Nicolas Demorand<\/a>, auteur d\u2019Int\u00e9rieur nuit, sorti en d\u00e9but d\u2019ann\u00e9e. La <strong>rencontre<\/strong> pr\u00e9vue Salle Poirel vendredi 12\u00a0septembre de 16h30 \u00e0 17h30 <strong>ne se fera pas<\/strong>. Il ne sera \u00e9galement <strong>pas pr\u00e9sent sous le chapiteau<\/strong> pour rencontrer ses lecteurs.<\/p>\n<p class=\" wall-content\">Les <strong>raisons<\/strong> de ces deux annulations <strong>n\u2019ont pas \u00e9t\u00e9 rendues publiques<\/strong>.<\/p>\n<p class=\" wall-content\">Personnalisez votre actualit\u00e9 en ajoutant vos villes et m\u00e9dias en favori avec <a href=\"https:\/\/moncompte.actu.fr\" title=\"D\u00e9couvez Mon Actu\" rel=\"nofollow noopener\" data-trk=\"{&quot;cta&quot;:{&quot;action&quot;:&quot;https:\\\/\\\/moncompte.actu.fr&quot;,&quot;category&quot;:&quot;mon compte&quot;,&quot;from&quot;:&quot;article footer&quot;,&quot;name&quot;:&quot;Mon actu&quot;,&quot;type&quot;:&quot;cta&quot;}}\" target=\"_blank\">Mon Actu<\/a>.<\/p>\n","protected":false},"excerpt":{"rendered":"Par Amandine Mehl Publi\u00e9 le 11 sept. 2025 \u00e0 10h43 Alors que Le Livre sur la Place, \u00e9v\u00e9nement&hellip;\n","protected":false},"author":2,"featured_media":111914,"comment_status":"","ping_status":"","sticky":false,"template":"","format":"standard","meta":{"footnotes":""},"categories":[9635],"tags":[1111,11,1777,674,1011,27,775,23128,1652,1702,12,25],"class_list":{"0":"post-382845","1":"post","2":"type-post","3":"status-publish","4":"format-standard","5":"has-post-thumbnail","7":"category-nancy","8":"tag-actu","9":"tag-actualites","10":"tag-eu","11":"tag-europe","12":"tag-fr","13":"tag-france","14":"tag-grand-est","15":"tag-livre-sur-la-place","16":"tag-loisirs-culture","17":"tag-nancy","18":"tag-news","19":"tag-republique-francaise"},"share_on_mastodon":{"url":"https:\/\/pubeurope.com\/@fr\/115185852561428936","error":""},"_links":{"self":[{"href":"https:\/\/www.europesays.com\/fr\/wp-json\/wp\/v2\/posts\/382845","targetHints":{"allow":["GET"]}}],"collection":[{"href":"https:\/\/www.europesays.com\/fr\/wp-json\/wp\/v2\/posts"}],"about":[{"href":"https:\/\/www.europesays.com\/fr\/wp-json\/wp\/v2\/types\/post"}],"author":[{"embeddable":true,"href":"https:\/\/www.europesays.com\/fr\/wp-json\/wp\/v2\/users\/2"}],"replies":[{"embeddable":true,"href":"https:\/\/www.europesays.com\/fr\/wp-json\/wp\/v2\/comments?post=382845"}],"version-history":[{"count":0,"href":"https:\/\/www.europesays.com\/fr\/wp-json\/wp\/v2\/posts\/382845\/revisions"}],"wp:featuredmedia":[{"embeddable":true,"href":"https:\/\/www.europesays.com\/fr\/wp-json\/wp\/v2\/media\/111914"}],"wp:attachment":[{"href":"https:\/\/www.europesays.com\/fr\/wp-json\/wp\/v2\/media?parent=382845"}],"wp:term":[{"taxonomy":"category","embeddable":true,"href":"https:\/\/www.europesays.com\/fr\/wp-json\/wp\/v2\/categories?post=382845"},{"taxonomy":"post_tag","embeddable":true,"href":"https:\/\/www.europesays.com\/fr\/wp-json\/wp\/v2\/tags?post=382845"}],"curies":[{"name":"wp","href":"https:\/\/api.w.org\/{rel}","templated":true}]}}