{"id":382860,"date":"2025-09-11T13:23:15","date_gmt":"2025-09-11T13:23:15","guid":{"rendered":"https:\/\/www.europesays.com\/fr\/382860\/"},"modified":"2025-09-11T13:23:15","modified_gmt":"2025-09-11T13:23:15","slug":"sante-pourquoi-le-kiosque-du-jardin-de-ville-de-grenoble-sera-illumine-en-dore-ce-samedi","status":"publish","type":"post","link":"https:\/\/www.europesays.com\/fr\/382860\/","title":{"rendered":"Sant\u00e9. Pourquoi le kiosque du jardin de ville de Grenoble sera illumin\u00e9 en dor\u00e9 ce samedi"},"content":{"rendered":"<p>N\u00e9 en 2012 aux \u00c9tats-Unis, le mouvement \u201cSeptembre en or\u201d vise \u00e0 illuminer immeubles, paysages ou \u00e9difices en soutien <a href=\"https:\/\/www.ledauphine.com\/politique\/2025\/02\/08\/budget-une-enveloppe-pour-la-recherche-sur-les-cancers-pediatriques-supprimee-avant-de-revenir\" target=\"_blank\" rel=\"nofollow noopener\">aux enfants atteints de cancer<\/a>. Cette action internationale est c\u00e9l\u00e9br\u00e9e en France depuis 2016. La couleur or a \u00e9t\u00e9 choisie en raison de sa valeur et de sa raret\u00e9, symbole de la pr\u00e9cieuse nature qu\u2019est la vie d\u2019un enfant. Le ruban or mat\u00e9rialise les objectifs de ce mouvement qui vise \u00e0 sensibiliser les d\u00e9cideurs et le grand public aux sp\u00e9cificit\u00e9s de ces cancers, \u00e0 encourager la recherche, son financement et naturellement \u00e0 soutenir les familles concern\u00e9es.<\/p>\n<p>  Une mobilisation nationale<\/p>\n<p>La Soci\u00e9t\u00e9 fran\u00e7aise de lutte contre les cancers et les leuc\u00e9mies de l\u2019enfant et de l\u2019adolescent (SFCE), l\u2019Union nationale des associations de parents d\u2019enfants atteints de cancer et de leuc\u00e9mie (Unapecle) et le collectif Gravir, tous intervenants dans les centres d\u2019oncologie p\u00e9diatrique, se mobilisent dans quinze grandes villes fran\u00e7aises et organisent simultan\u00e9ment, dans un lieu embl\u00e9matique, une rencontre associ\u00e9e \u00e0 un moment festif en invitant le grand public et les familles concern\u00e9es par la maladie de leur enfant.<\/p>\n<p>Ce samedi 13\u00a0septembre, le rendez-vous est donn\u00e9 au jardin de ville \u00e0 Grenoble, d\u00e8s 19\u00a0heures et les participants sont invit\u00e9s \u00e0 venir habill\u00e9s en dor\u00e9. Une animation musicale par des enfants est programm\u00e9e et \u00e0 20\u00a0h\u00a030 et le kiosque \u00e0 musique du Jardin de Ville sera illumin\u00e9 en dor\u00e9. L\u2019\u00e9quipe soignante du service d\u2019oncologie p\u00e9diatrique du CHU Grenoble Alpes sera pr\u00e9sente autour du Docteur Corinne Armari-Alla, cheffe de service, et de plusieurs associations dont <a href=\"https:\/\/www.ledauphine.com\/sante\/2025\/04\/28\/locomotive-un-reseau-de-soutien-pour-les-familles-touchees-par-la-maladie-infantile-et-le-deuil\" target=\"_blank\" rel=\"nofollow noopener\">Locomotive, cr\u00e9\u00e9e en 1988<\/a> et qui accompagne au CHU les enfants et leurs familles gr\u00e2ce \u00e0 plus de 80 b\u00e9n\u00e9voles.<\/p>\n","protected":false},"excerpt":{"rendered":"N\u00e9 en 2012 aux \u00c9tats-Unis, le mouvement \u201cSeptembre en or\u201d vise \u00e0 illuminer immeubles, paysages ou \u00e9difices en&hellip;\n","protected":false},"author":2,"featured_media":382861,"comment_status":"","ping_status":"","sticky":false,"template":"","format":"standard","meta":{"footnotes":""},"categories":[9566],"tags":[1111,11,2430,112,1777,674,1011,27,2731,2732,108,12,25,71,104,1631],"class_list":{"0":"post-382860","1":"post","2":"type-post","3":"status-publish","4":"format-standard","5":"has-post-thumbnail","7":"category-grenoble","8":"tag-actu","9":"tag-actualites","10":"tag-auvergne-rhone-alpes","11":"tag-edition-grenoble-agglomeration","12":"tag-eu","13":"tag-europe","14":"tag-fr","15":"tag-france","16":"tag-grenoble","17":"tag-grenoble-bassin","18":"tag-isere","19":"tag-news","20":"tag-republique-francaise","21":"tag-sante","22":"tag-societe","23":"tag-vie-associative"},"share_on_mastodon":{"url":"https:\/\/pubeurope.com\/@fr\/115185883905296987","error":""},"_links":{"self":[{"href":"https:\/\/www.europesays.com\/fr\/wp-json\/wp\/v2\/posts\/382860","targetHints":{"allow":["GET"]}}],"collection":[{"href":"https:\/\/www.europesays.com\/fr\/wp-json\/wp\/v2\/posts"}],"about":[{"href":"https:\/\/www.europesays.com\/fr\/wp-json\/wp\/v2\/types\/post"}],"author":[{"embeddable":true,"href":"https:\/\/www.europesays.com\/fr\/wp-json\/wp\/v2\/users\/2"}],"replies":[{"embeddable":true,"href":"https:\/\/www.europesays.com\/fr\/wp-json\/wp\/v2\/comments?post=382860"}],"version-history":[{"count":0,"href":"https:\/\/www.europesays.com\/fr\/wp-json\/wp\/v2\/posts\/382860\/revisions"}],"wp:featuredmedia":[{"embeddable":true,"href":"https:\/\/www.europesays.com\/fr\/wp-json\/wp\/v2\/media\/382861"}],"wp:attachment":[{"href":"https:\/\/www.europesays.com\/fr\/wp-json\/wp\/v2\/media?parent=382860"}],"wp:term":[{"taxonomy":"category","embeddable":true,"href":"https:\/\/www.europesays.com\/fr\/wp-json\/wp\/v2\/categories?post=382860"},{"taxonomy":"post_tag","embeddable":true,"href":"https:\/\/www.europesays.com\/fr\/wp-json\/wp\/v2\/tags?post=382860"}],"curies":[{"name":"wp","href":"https:\/\/api.w.org\/{rel}","templated":true}]}}