{"id":382862,"date":"2025-09-11T13:24:16","date_gmt":"2025-09-11T13:24:16","guid":{"rendered":"https:\/\/www.europesays.com\/fr\/382862\/"},"modified":"2025-09-11T13:24:16","modified_gmt":"2025-09-11T13:24:16","slug":"les-prochaines-actions-de-bloquons-tout","status":"publish","type":"post","link":"https:\/\/www.europesays.com\/fr\/382862\/","title":{"rendered":"les prochaines actions de \u00ab\u00a0Bloquons tout\u00a0\u00bb"},"content":{"rendered":"<p>            Par<br \/>\n        <strong><br \/>\n            <a href=\"https:\/\/actu.fr\/auteur\/lisa-rodrigues\" title=\"Consulter tous les articles de Lisa Rodrigues\" target=\"_blank\" rel=\"noopener\">Lisa Rodrigues<\/a><br \/>\n        <\/strong><\/p>\n<p>        Publi\u00e9 le<\/p>\n<p>            11 sept. 2025 \u00e0 10h50        <\/p>\n<p>Au lendemain de la mobilisation du 10 septembre \u00e0 <a href=\"https:\/\/actu.fr\/auvergne-rhone-alpes\/grenoble_38185\" target=\"_blank\" rel=\"noopener\">Grenoble<\/a>, o\u00f9 la manifestation a regroup\u00e9 <strong>entre 11 000 et 30 000 participants<\/strong> suivant les comptages, le mouvement \u00ab\u00a0Bloquons tout\u00a0\u00bb is\u00e9rois compte bien s\u2019inscrire dans la dur\u00e9e.<br \/>Lors de la derni\u00e8re assembl\u00e9e g\u00e9n\u00e9rale, la poursuite des actions sur l\u2019agglom\u00e9ration a \u00e9t\u00e9 act\u00e9e. Parmi les actions \u00e9voqu\u00e9es : la poursuite des <a href=\"https:\/\/actu.fr\/auvergne-rhone-alpes\/grenoble_38185\/bloquons-tout-a-grenoble-les-premiers-barrages-sont-en-place-la-circulation-au-ralenti_63138626.html\" target=\"_blank\" rel=\"noopener\">barrages routiers<\/a>, mais aussi l\u2019organisation d\u2019op\u00e9rations \u00ab\u00a0coups de poing\u00a0\u00bb, tels que des blocages de grands centres commerciaux.<\/p>\n<p>Un blocage de Neyrpic samedi ?<\/p>\n<p class=\" wall-content\">C\u2019est en tout cas une proposition qui circule dans les boucles de messagerie des membres du mouvement grenoblois. Est ainsi \u00e9voqu\u00e9e <strong>une action samedi 13 septembre \u00e0 Neyrpic <\/strong>pour bloquer les acc\u00e8s \u00e0 l\u2019immense centre commercial de <a href=\"https:\/\/actu.fr\/auvergne-rhone-alpes\/saint-martin-d-heres_38421\" target=\"_blank\" rel=\"noopener\">Saint-Martin-d\u2019H\u00e8res<\/a>. Action qui n\u2019est en, jeudi matin, qu\u2019au stade de projet.<\/p>\n<p class=\" wall-content\">Les centres commerciaux et grands magasins sont souvent cibl\u00e9s par \u00ab\u00a0Bloquons tout\u00a0\u00bb un peu partout en France, pour du tractage en entr\u00e9e d\u2019enseigne ou des <strong>incitations \u00e0 ne pas consommer<\/strong>.<\/p>\n<p class=\" wall-content\">Mercredi 10 septembre, un groupe d\u2019une trentaine de personnes a ainsi tent\u00e9 une action \u00e0 Grenoble \u00e0 <strong>Grand\u2019Place<\/strong> contre la grande distribution. Un mouvement attendu par les forces de l\u2019ordre et le centre commercial, qui ont ferm\u00e9 par pr\u00e9caution certaines entr\u00e9es avant l\u2019arriv\u00e9e des manifestants.<\/p>\n<p>Poursuite des barrages filtrants<\/p>\n<p class=\" wall-content\">C\u00f4t\u00e9 blocages routiers, les <strong>manifestants \u00e9taient de retour jeudi 11 septembre<\/strong> \u00e0 quelques barrages de la veille, notamment au rond-point d\u2019IKEA. Avec une nouvelle mani\u00e8re de ralentir la circulation : enfourcher son v\u00e9lo et remonter \u00e0 faible allure l\u2019avenue Gabriel-P\u00e9ri. Des bouchons ont ainsi \u00e9t\u00e9 constat\u00e9s sur le secteur dans la matin\u00e9e.<\/p>\n<p class=\" wall-content\">\n<p class=\" wall-content\">L\u00e0 aussi, l\u2019action s\u2019est faite sous la surveillance des forces de l\u2019ordre.<\/p>\n<p>Votre r\u00e9gion, votre actu !<\/p>\n<p>Recevez chaque jour les infos qui comptent pour vous.<\/p>\n<p>\t<a href=\"https:\/\/actu.fr\/newsletter\" class=\"ac-btn ac-btn--corner ac-btn--medium ac-btn--blue800\" target=\"_blank\" rel=\"noopener\">S&rsquo;incrire<\/a><\/p>\n<p class=\" wall-content\">Si l\u2019affluence reste moindre que pour le 10 septembre, des discussions pour organiser r\u00e9guli\u00e8rement des points de filtrages routiers en petit comit\u00e9 sur l\u2019agglom\u00e9ration ont \u00e9t\u00e9 lanc\u00e9es parmi les manifestants.<\/p>\n<p>La prochaine grande date : le 18 septembre<\/p>\n<p class=\" wall-content\">Face \u00e0 la forte affluence de la manifestation du 10 septembre \u00e0 Grenoble, les organisateurs esp\u00e8rent renouveler l\u2019exploit. La tenue d\u2019un autre cort\u00e8ge en centre-ville, samedi 13 septembre en fin de journ\u00e9e, a ainsi \u00e9t\u00e9 \u00e9voqu\u00e9e en assembl\u00e9e g\u00e9n\u00e9rale mercredi soir.<\/p>\n<p class=\" wall-content\">Le prochain grand rendez-vous social reste <a href=\"https:\/\/actu.fr\/societe\/l-intersyndicale-lance-un-appel-a-la-greve-et-a-la-manifestation-ce-sera-pour-le-18-septembre_63092651.html\" target=\"_blank\" rel=\"noopener\">le\u00a018 septembre<\/a>, o\u00f9 plusieurs syndicats ont appel\u00e9 au niveau national \u00e0 une grande journ\u00e9e de mobilisation, dans la foul\u00e9e des contestations sociales et budg\u00e9taires du mouvement du 10 septembre.<\/p>\n<p class=\" wall-content\">Personnalisez votre actualit\u00e9 en ajoutant vos villes et m\u00e9dias en favori avec <a href=\"https:\/\/moncompte.actu.fr\" title=\"D\u00e9couvez Mon Actu\" rel=\"nofollow noopener\" data-trk=\"{&quot;cta&quot;:{&quot;action&quot;:&quot;https:\\\/\\\/moncompte.actu.fr&quot;,&quot;category&quot;:&quot;mon compte&quot;,&quot;from&quot;:&quot;article footer&quot;,&quot;name&quot;:&quot;Mon actu&quot;,&quot;type&quot;:&quot;cta&quot;}}\" target=\"_blank\">Mon Actu<\/a>.<\/p>\n","protected":false},"excerpt":{"rendered":"Par Lisa Rodrigues Publi\u00e9 le 11 sept. 2025 \u00e0 10h50 Au lendemain de la mobilisation du 10 septembre&hellip;\n","protected":false},"author":2,"featured_media":382863,"comment_status":"","ping_status":"","sticky":false,"template":"","format":"standard","meta":{"footnotes":""},"categories":[9566],"tags":[1111,11,2430,47212,9577,1777,674,1011,27,2731,50957,12,25,104],"class_list":{"0":"post-382862","1":"post","2":"type-post","3":"status-publish","4":"format-standard","5":"has-post-thumbnail","7":"category-grenoble","8":"tag-actu","9":"tag-actualites","10":"tag-auvergne-rhone-alpes","11":"tag-bloquons-tout","12":"tag-centre-commercial-neyrpic","13":"tag-eu","14":"tag-europe","15":"tag-fr","16":"tag-france","17":"tag-grenoble","18":"tag-mouvement-du-10-septembre","19":"tag-news","20":"tag-republique-francaise","21":"tag-societe"},"share_on_mastodon":{"url":"https:\/\/pubeurope.com\/@fr\/115185887855478786","error":""},"_links":{"self":[{"href":"https:\/\/www.europesays.com\/fr\/wp-json\/wp\/v2\/posts\/382862","targetHints":{"allow":["GET"]}}],"collection":[{"href":"https:\/\/www.europesays.com\/fr\/wp-json\/wp\/v2\/posts"}],"about":[{"href":"https:\/\/www.europesays.com\/fr\/wp-json\/wp\/v2\/types\/post"}],"author":[{"embeddable":true,"href":"https:\/\/www.europesays.com\/fr\/wp-json\/wp\/v2\/users\/2"}],"replies":[{"embeddable":true,"href":"https:\/\/www.europesays.com\/fr\/wp-json\/wp\/v2\/comments?post=382862"}],"version-history":[{"count":0,"href":"https:\/\/www.europesays.com\/fr\/wp-json\/wp\/v2\/posts\/382862\/revisions"}],"wp:featuredmedia":[{"embeddable":true,"href":"https:\/\/www.europesays.com\/fr\/wp-json\/wp\/v2\/media\/382863"}],"wp:attachment":[{"href":"https:\/\/www.europesays.com\/fr\/wp-json\/wp\/v2\/media?parent=382862"}],"wp:term":[{"taxonomy":"category","embeddable":true,"href":"https:\/\/www.europesays.com\/fr\/wp-json\/wp\/v2\/categories?post=382862"},{"taxonomy":"post_tag","embeddable":true,"href":"https:\/\/www.europesays.com\/fr\/wp-json\/wp\/v2\/tags?post=382862"}],"curies":[{"name":"wp","href":"https:\/\/api.w.org\/{rel}","templated":true}]}}