{"id":382872,"date":"2025-09-11T13:29:11","date_gmt":"2025-09-11T13:29:11","guid":{"rendered":"https:\/\/www.europesays.com\/fr\/382872\/"},"modified":"2025-09-11T13:29:11","modified_gmt":"2025-09-11T13:29:11","slug":"territoire-eco-26-recoit-frederic-llorca-directeur-de-cap-3000-mais-pas-que","status":"publish","type":"post","link":"https:\/\/www.europesays.com\/fr\/382872\/","title":{"rendered":"Territoire \u00c9co #26 re\u00e7oit Fr\u00e9d\u00e9ric Llorca, directeur de Cap 3000, mais pas que!"},"content":{"rendered":"<p>Ce 26e num\u00e9ro de Territoire \u00c9co, l\u2019\u00e9mission d\u00e9di\u00e9e \u00e0 l\u2019\u00e9conomie azur\u00e9enne du Groupe Nice-Matin r\u00e9alis\u00e9e en partenariat avec la Chambre de Commerce et d\u2019Industrie Nice C\u00f4te d\u2019Azur et nos confr\u00e8res de Tribune C\u00f4te d\u2019Azur, vous propose une petite mise \u00e0 jour de toute l&rsquo;actualit\u00e9 que vous avez peut-\u00eatre manqu\u00e9e cet \u00e9t\u00e9.<\/p>\n<p>Avec 2,5 millions de visiteurs en juillet et ao\u00fbt, Cap 3000 a enregistr\u00e9 une affluence record. C&rsquo;est pourquoi l&rsquo;invit\u00e9 de la grande interview est Fr\u00e9d\u00e9ric Llorca, le directeur de ce centre commercial iconique qui ouvrira d&rsquo;ailleurs ses portes pour la premi\u00e8re fois lors des Journ\u00e9es europ\u00e9ennes du patrimoine les 20 et 21 septembre prochains.<\/p>\n<p>Le Journal de l\u2019\u00c9co fera la part belle aux lev\u00e9es de fonds et autres top et flop de l&rsquo;\u00e9t\u00e9 et notre s\u00e9quence En Coulisse vous ouvrira les portes de votre quotidien pr\u00e9f\u00e9r\u00e9 \u00e0 l&rsquo;occasion de ses 80 ans. Oui, vous saurez tout sur Nice-Matin en seulement 2 minutes.<\/p>\n<p>En derni\u00e8re partie d&rsquo;\u00e9mission, il a 90 secondes pour convaincre que sa techno est incontournable : Laurent Sala, cofondateur de Pharmagreen \u00e0 la Roquette-sur-Var, assure le pitch du mois. Il valorise les invendus des pharmacies et il va vous dire comment.<\/p>\n<p>Retrouvons-nous pour le plein d&rsquo;informations \u00e9conomiques!<\/p>\n","protected":false},"excerpt":{"rendered":"Ce 26e num\u00e9ro de Territoire \u00c9co, l\u2019\u00e9mission d\u00e9di\u00e9e \u00e0 l\u2019\u00e9conomie azur\u00e9enne du Groupe Nice-Matin r\u00e9alis\u00e9e en partenariat avec&hellip;\n","protected":false},"author":2,"featured_media":382873,"comment_status":"","ping_status":"","sticky":false,"template":"","format":"standard","meta":{"footnotes":""},"categories":[2819],"tags":[1111,11,33,1777,674,1011,27,12,2401,882,25,675],"class_list":{"0":"post-382872","1":"post","2":"type-post","3":"status-publish","4":"format-standard","5":"has-post-thumbnail","7":"category-nice","8":"tag-actu","9":"tag-actualites","10":"tag-economie","11":"tag-eu","12":"tag-europe","13":"tag-fr","14":"tag-france","15":"tag-news","16":"tag-nice","17":"tag-provence-alpes-cote-dazur","18":"tag-republique-francaise","19":"tag-start-up"},"share_on_mastodon":{"url":"https:\/\/pubeurope.com\/@fr\/115185907532422120","error":""},"_links":{"self":[{"href":"https:\/\/www.europesays.com\/fr\/wp-json\/wp\/v2\/posts\/382872","targetHints":{"allow":["GET"]}}],"collection":[{"href":"https:\/\/www.europesays.com\/fr\/wp-json\/wp\/v2\/posts"}],"about":[{"href":"https:\/\/www.europesays.com\/fr\/wp-json\/wp\/v2\/types\/post"}],"author":[{"embeddable":true,"href":"https:\/\/www.europesays.com\/fr\/wp-json\/wp\/v2\/users\/2"}],"replies":[{"embeddable":true,"href":"https:\/\/www.europesays.com\/fr\/wp-json\/wp\/v2\/comments?post=382872"}],"version-history":[{"count":0,"href":"https:\/\/www.europesays.com\/fr\/wp-json\/wp\/v2\/posts\/382872\/revisions"}],"wp:featuredmedia":[{"embeddable":true,"href":"https:\/\/www.europesays.com\/fr\/wp-json\/wp\/v2\/media\/382873"}],"wp:attachment":[{"href":"https:\/\/www.europesays.com\/fr\/wp-json\/wp\/v2\/media?parent=382872"}],"wp:term":[{"taxonomy":"category","embeddable":true,"href":"https:\/\/www.europesays.com\/fr\/wp-json\/wp\/v2\/categories?post=382872"},{"taxonomy":"post_tag","embeddable":true,"href":"https:\/\/www.europesays.com\/fr\/wp-json\/wp\/v2\/tags?post=382872"}],"curies":[{"name":"wp","href":"https:\/\/api.w.org\/{rel}","templated":true}]}}