{"id":382874,"date":"2025-09-11T13:30:14","date_gmt":"2025-09-11T13:30:14","guid":{"rendered":"https:\/\/www.europesays.com\/fr\/382874\/"},"modified":"2025-09-11T13:30:14","modified_gmt":"2025-09-11T13:30:14","slug":"un-ex-collaborateur-deric-ciotti-nomme-chef-de-cabinet-de-christian-estrosi","status":"publish","type":"post","link":"https:\/\/www.europesays.com\/fr\/382874\/","title":{"rendered":"un ex-collaborateur d\u2019\u00c9ric Ciotti nomm\u00e9 chef de cabinet de Christian Estrosi"},"content":{"rendered":"<p><strong>INFO LE FIGARO &#8211;<\/strong> Recrut\u00e9 en d\u00e9but d\u2019ann\u00e9e par la mairie de Nice, cet ancien chef du protocole au conseil d\u00e9partemental et ex-proche d\u2019\u00c9ric Ciotti va d\u00e9sormais \u00eatre au plus pr\u00e8s de Christian Estrosi.<\/p>\n<p class=\"fig-paragraph\">On les surnomme les \u00abnounous\u00bb des maires. Un chef de cabinet g\u00e8re en permanence l\u2019agenda, aussi bien personnel que professionnel, de son \u00e9lu. Toujours \u00e0 ses c\u00f4t\u00e9s pour essayer de garder la cadence de journ\u00e9es infernales. D\u2019autant plus quand on s\u2019appelle\u00a0<a href=\"http:\/\/www.lefigaro.fr\/elections\/municipales\/municipales-2026-lors-de-sa-rentree-politique-estrosi-esquive-le-facheux-sujet-ciotti-20250829\" data-fig-type=\"NewsFlash\" data-gtm-custom-categorie=\"navigation\" data-gtm-custom-action=\"crossclick\" data-gtm-custom-label=\"Contextuel\" data-gtm-event=\"customEventSPE\" data-fig-domain=\"LEFIGARO\" target=\"_blank\" rel=\"noopener\">Christian Estrosi<\/a>\u00a0et qu\u2019on est le m\u00e9diatique maire de Nice, cinqui\u00e8me ville de France.<\/p>\n<p class=\"fig-paragraph\">L\u2019\u00e9dile vient de d\u00e9signer un nouveau chef de cabinet, selon les informations du Figaro, qui a \u00e9galement pu se procurer le nouvel organigramme municipal. Ce poste cl\u00e9 est d\u00e9sormais occup\u00e9 par St\u00e9phane Nardi, pr\u00e9sent\u00e9 et officialis\u00e9 dans ses nouvelles fonctions mercredi en mairie. Une nomination qui fait parler.<\/p>\n<p class=\"fig-paragraph\">C\u2019est un nom bien connu des acteurs et observateurs des rouages de la vie politique locale puisqu\u2019il fut pendant des ann\u00e9es le chef du protocole au conseil d\u00e9partemental&#8230; et donc un proche d\u2019\u00c9ric Ciotti, qui fut pr\u00e9sident de cette collectivit\u00e9 et\u00a0<a href=\"http:\/\/www.lefigaro.fr\/nice\/au-departement-des-alpes-maritimes-eric-ciotti-presque-comme-si-de-rien-n-etait-avec-lr-20250117\" data-fig-type=\"NewsFlash\" data-gtm-custom-categorie=\"navigation\" data-gtm-custom-action=\"crossclick\" data-gtm-custom-label=\"Contextuel\" data-gtm-event=\"customEventSPE\" data-fig-domain=\"LEFIGARO\" target=\"_blank\" rel=\"noopener\">qui y si\u00e8ge toujours<\/a>\u00a0en pr\u00e9sidant la commission des finances.<\/p>\n<p class=\"fig-paragraph\">Un ex-collaborateur d\u2019\u00c9ric Ciotti a donc\u2026<\/p>\n<p class=\"fig-premium-paywall__infos\">\n        Cet article est r\u00e9serv\u00e9 aux abonn\u00e9s.        Il vous reste 75% \u00e0 d\u00e9couvrir.\n    <\/p>\n<p>                <img  data- alt=\"Le Figaro\" class=\"fig-img--complete fig-img\"\/><\/p>\n<p class=\"fig-premium-paywall__title\">Vous avez envie de lire la suite ?<\/p>\n<p class=\"fig-premium-paywall__subtitle\">D\u00e9bloquez tous les articles imm\u00e9diatement.<\/p>\n<p class=\"fig-premium-paywall__connect\">\n                D\u00e9j\u00e0 abonn\u00e9\u00a0?                <a class=\"fig-premium-paywall__connect-link\" href=\"https:\/\/connect.lefigaro.fr\/login?client=horizon_web&amp;type=main&amp;redirect_uri=https%3A%2F%2Fwww.lefigaro.fr%2Fnice%2Fnice-un-ex-collaborateur-d-eric-ciotti-nomme-chef-de-cabinet-de-christian-estrosi-20250911\" data-js-gtm=\"{&quot;customCategorie&quot;: &quot;conversion&quot;, &quot;customAction&quot;: &quot;before_Landing_Connexion_paywall_auto&quot;, &quot;customLabel&quot;: &quot;bGVmaWdhcm8uZnJfXzFmMDhlZjNkLWEzNjMtNjcyYS04MmIwLTA5ZTk1NzIzNDEwYl9fTmV3c0ZsYXNo_Nice\u00a0: un ex-collaborateur d\u2019\u00c9ric Ciotti nomm\u00e9 chef de cabinet de Christian Estrosi_39&quot;, &quot;customIDSPE&quot;: &quot;bGVmaWdhcm8uZnJfXzFmMDhlZjNkLWEzNjMtNjcyYS04MmIwLTA5ZTk1NzIzNDEwYl9fTmV3c0ZsYXNo&quot;, &quot;event&quot;: &quot;customEventSPE&quot;}\" target=\"_blank\" rel=\"noopener\"><br \/>\n                    Connectez-vous<br \/>\n                <\/a>\n            <\/p>\n","protected":false},"excerpt":{"rendered":"INFO LE FIGARO &#8211; Recrut\u00e9 en d\u00e9but d\u2019ann\u00e9e par la mairie de Nice, cet ancien chef du protocole&hellip;\n","protected":false},"author":2,"featured_media":382875,"comment_status":"","ping_status":"","sticky":false,"template":"","format":"standard","meta":{"footnotes":""},"categories":[2819],"tags":[1111,11,2397,6537,1777,674,1011,27,12,2401,882,25],"class_list":{"0":"post-382874","1":"post","2":"type-post","3":"status-publish","4":"format-standard","5":"has-post-thumbnail","7":"category-nice","8":"tag-actu","9":"tag-actualites","10":"tag-christian-estrosi","11":"tag-eric-ciotti","12":"tag-eu","13":"tag-europe","14":"tag-fr","15":"tag-france","16":"tag-news","17":"tag-nice","18":"tag-provence-alpes-cote-dazur","19":"tag-republique-francaise"},"share_on_mastodon":{"url":"https:\/\/pubeurope.com\/@fr\/115185911813105407","error":""},"_links":{"self":[{"href":"https:\/\/www.europesays.com\/fr\/wp-json\/wp\/v2\/posts\/382874","targetHints":{"allow":["GET"]}}],"collection":[{"href":"https:\/\/www.europesays.com\/fr\/wp-json\/wp\/v2\/posts"}],"about":[{"href":"https:\/\/www.europesays.com\/fr\/wp-json\/wp\/v2\/types\/post"}],"author":[{"embeddable":true,"href":"https:\/\/www.europesays.com\/fr\/wp-json\/wp\/v2\/users\/2"}],"replies":[{"embeddable":true,"href":"https:\/\/www.europesays.com\/fr\/wp-json\/wp\/v2\/comments?post=382874"}],"version-history":[{"count":0,"href":"https:\/\/www.europesays.com\/fr\/wp-json\/wp\/v2\/posts\/382874\/revisions"}],"wp:featuredmedia":[{"embeddable":true,"href":"https:\/\/www.europesays.com\/fr\/wp-json\/wp\/v2\/media\/382875"}],"wp:attachment":[{"href":"https:\/\/www.europesays.com\/fr\/wp-json\/wp\/v2\/media?parent=382874"}],"wp:term":[{"taxonomy":"category","embeddable":true,"href":"https:\/\/www.europesays.com\/fr\/wp-json\/wp\/v2\/categories?post=382874"},{"taxonomy":"post_tag","embeddable":true,"href":"https:\/\/www.europesays.com\/fr\/wp-json\/wp\/v2\/tags?post=382874"}],"curies":[{"name":"wp","href":"https:\/\/api.w.org\/{rel}","templated":true}]}}