{"id":382876,"date":"2025-09-11T13:31:13","date_gmt":"2025-09-11T13:31:13","guid":{"rendered":"https:\/\/www.europesays.com\/fr\/382876\/"},"modified":"2025-09-11T13:31:13","modified_gmt":"2025-09-11T13:31:13","slug":"bilan-de-lexposition-hokusai-147-000-visiteurs-en-deux-mois-a-nantes","status":"publish","type":"post","link":"https:\/\/www.europesays.com\/fr\/382876\/","title":{"rendered":"Bilan de l\u2019exposition Hokusai\u00a0: 147\u00a0000\u00a0visiteurs en deux mois, \u00e0 Nantes"},"content":{"rendered":"<p><a href=\"https:\/\/nantes.maville.com\/actu\/actudet_-a-nantes-plongee-dans-les-chefs-d-oeuvre-du-japonais-hokusai-_52716-6875013_actu.Htm\" target=\"_self\" rel=\"nofollow noopener\">147\u00a0000\u00a0visiteurs, c\u2019est le bilan<\/a> de  <a href=\"https:\/\/nantes.maville.com\/actu\/actudet_-une-file-d-attente-de-5-heures-pour-l-exposition-hokusai-a-nantes-_8-6935987_actu.Htm\" target=\"_self\" rel=\"nofollow noopener\">l\u2019exposition Hokusai (1760-1849), chefs-d\u2019\u0153uvre du mus\u00e9e Hokusai-kan d\u2019Obuse,<\/a> dans la pr\u00e9fecture de Nagano, au Japon. Lanc\u00e9e samedi 28\u00a0juin 2025, elle a pris fin dimanche 7\u00a0septembre au ch\u00e2teau des Ducs de Bretagne, \u00e0 Nantes. Elle a tout de suite suscit\u00e9 un grand engouement du public et les visiteurs n\u2019ont pas h\u00e9sit\u00e9 \u00e0 passer de longues heures d\u2019attente pour la voir. Elle fera date. Les habitants de Nantes et de la m\u00e9tropole repr\u00e9sentent plus de 55\u00a0% des visiteurs.<\/p>\n<p>Une expo construite en lien avec la soci\u00e9t\u00e9 contemporaine<\/p>\n<p>On doit cette expo,  qui contribue au renouvellement de la vision d\u2019Hokusai,\u00a0\u00e0 Bertrand Guillet, directeur du mus\u00e9e d\u2019histoire de Nantes, en partenariat avec le mus\u00e9e japonais Hokusai-kan.  Elle a permis au plus grand nombre de d\u00e9couvrir bien des aspects de l\u2019\u0153uvre d\u2019un artiste japonais important, au-del\u00e0 de sa  Vague  iconique .  <strong>\u00ab\u00a0J\u2019ai cherch\u00e9 \u00e0 construire l\u2019exposition en posant des questions universelles, en lien avec la soci\u00e9t\u00e9 contemporaine\u00a0: la relation \u00e0 la nature et \u00e0 l\u2019eau, la question du genre, de la place de la femme\u2026 Cette approche est celle du ch\u00e2teau, \u00e0 la fois pour son mus\u00e9e, mais surtout pour ses expositions temporaires\u00a0\u00bb, <\/strong> explique Bertrand Guillet.<\/p>\n<p>\u00a0<\/p>\n","protected":false},"excerpt":{"rendered":"147\u00a0000\u00a0visiteurs, c\u2019est le bilan de l\u2019exposition Hokusai (1760-1849), chefs-d\u2019\u0153uvre du mus\u00e9e Hokusai-kan d\u2019Obuse, dans la pr\u00e9fecture de Nagano,&hellip;\n","protected":false},"author":2,"featured_media":382877,"comment_status":"","ping_status":"","sticky":false,"template":"","format":"standard","meta":{"footnotes":""},"categories":[2818],"tags":[6541,51569,1111,11,3783,1777,674,3293,1011,27,18699,2561,766,12,2636,25,11046],"class_list":{"0":"post-382876","1":"post","2":"type-post","3":"status-publish","4":"format-standard","5":"has-post-thumbnail","7":"category-nantes","8":"tag-6541","9":"tag-51569","10":"tag-actu","11":"tag-actualites","12":"tag-bilan","13":"tag-eu","14":"tag-europe","15":"tag-exposition","16":"tag-fr","17":"tag-france","18":"tag-hokusai","19":"tag-mois","20":"tag-nantes","21":"tag-news","22":"tag-pays-de-la-loire","23":"tag-republique-francaise","24":"tag-visiteurs"},"share_on_mastodon":{"url":"https:\/\/pubeurope.com\/@fr\/115185915378417578","error":""},"_links":{"self":[{"href":"https:\/\/www.europesays.com\/fr\/wp-json\/wp\/v2\/posts\/382876","targetHints":{"allow":["GET"]}}],"collection":[{"href":"https:\/\/www.europesays.com\/fr\/wp-json\/wp\/v2\/posts"}],"about":[{"href":"https:\/\/www.europesays.com\/fr\/wp-json\/wp\/v2\/types\/post"}],"author":[{"embeddable":true,"href":"https:\/\/www.europesays.com\/fr\/wp-json\/wp\/v2\/users\/2"}],"replies":[{"embeddable":true,"href":"https:\/\/www.europesays.com\/fr\/wp-json\/wp\/v2\/comments?post=382876"}],"version-history":[{"count":0,"href":"https:\/\/www.europesays.com\/fr\/wp-json\/wp\/v2\/posts\/382876\/revisions"}],"wp:featuredmedia":[{"embeddable":true,"href":"https:\/\/www.europesays.com\/fr\/wp-json\/wp\/v2\/media\/382877"}],"wp:attachment":[{"href":"https:\/\/www.europesays.com\/fr\/wp-json\/wp\/v2\/media?parent=382876"}],"wp:term":[{"taxonomy":"category","embeddable":true,"href":"https:\/\/www.europesays.com\/fr\/wp-json\/wp\/v2\/categories?post=382876"},{"taxonomy":"post_tag","embeddable":true,"href":"https:\/\/www.europesays.com\/fr\/wp-json\/wp\/v2\/tags?post=382876"}],"curies":[{"name":"wp","href":"https:\/\/api.w.org\/{rel}","templated":true}]}}