{"id":382886,"date":"2025-09-11T13:36:12","date_gmt":"2025-09-11T13:36:12","guid":{"rendered":"https:\/\/www.europesays.com\/fr\/382886\/"},"modified":"2025-09-11T13:36:12","modified_gmt":"2025-09-11T13:36:12","slug":"toulouse-apres-avoir-menace-son-beau-frere-au-couteau-a-beurre-il-violente-sa-compagne-et-ses-enfants","status":"publish","type":"post","link":"https:\/\/www.europesays.com\/fr\/382886\/","title":{"rendered":"Toulouse. Apr\u00e8s avoir menac\u00e9 son beau-fr\u00e8re au couteau \u00e0 beurre, il violente sa compagne et ses enfants"},"content":{"rendered":"<p>            Par<br \/>\n        <strong><br \/>\n            <a href=\"https:\/\/actu.fr\/auteur\/lucie-2\" title=\"Consulter tous les articles de Lucie Fraisse\" target=\"_blank\" rel=\"noopener\">Lucie Fraisse<\/a><br \/>\n        <\/strong><\/p>\n<p>        Publi\u00e9 le<\/p>\n<p>            11 sept. 2025 \u00e0 15h21        <\/p>\n<p>Ce sont deux dossiers distincts, mais incluant un m\u00eame protagoniste, qui ont \u00e9t\u00e9 jug\u00e9e lors d\u2019une audience qui s\u2019est tenue mardi 9 septembre 2025, au tribunal de <strong>Toulouse<\/strong>.<\/p>\n<p>\u00ab\u00a0Si tu t\u2019approches de mes enfants, je te massacre\u00a0\u00bb<\/p>\n<p class=\" wall-content\">L\u2019affaire d\u00e9bute en septembre 2024, alors qu\u2019un homme porte un coup de poing \u00e0 son beau-fr\u00e8re et <strong>le menace de mort avec un couteau \u00e0 beurre<\/strong> : \u00ab\u00a0si tu t\u2019approches de mes enfants, je te massacre, je te cr\u00e8ve\u00a0\u00bb.<\/p>\n<p class=\" wall-content\">Des faits qui lui valent d\u2019\u00eatre convoqu\u00e9 devant la justice pour \u00ab\u00a0menace de mort avec ordre de remplir une condition\u00a0\u00bb et \u00ab\u00a0violence ayant entra\u00een\u00e9 une incapacit\u00e9 de travail n\u2019exc\u00e9dant pas huit jours\u00a0\u00bb.<\/p>\n<p>Coups de poing \u00e0 sa compagne et son beau-p\u00e8re<\/p>\n<p class=\" wall-content\">Dix mois plus tard, le 9 juillet 2025, la police intervient apr\u00e8s que l\u2019homme violent a port\u00e9 des coups de poing \u00e0 sa compagne et \u00e0 son beau-p\u00e8re.<\/p>\n<p class=\" wall-content\">L\u2019homme est aussi accus\u00e9 de <strong>violences sur ses trois enfants mineurs<\/strong> qu\u2019il a pris de force et jet\u00e9 dans sa voiture. Des faits qu\u2019il conteste, mais qu\u2019une voisine, t\u00e9moin de l\u2019\u00e9v\u00e9nement, confirme. Il reconna\u00eet en revanche les violences sur sa compagne et son beau-p\u00e8re.<\/p>\n<p>Vid\u00e9os : en ce moment sur ActuPrison et amendes\u00a0<\/p>\n<p class=\" wall-content\">Pour ces deux affaires, l\u2019homme a \u00e9t\u00e9 maintenu en d\u00e9tention, et condamn\u00e9 \u00e0 deux ans d\u2019emprisonnement, assortis d\u2019un sursis probatoire de deux ans, avec obligation de soins, de travail, interdiction de para\u00eetre devant les victimes et obligation de r\u00e9parer les dommages de l\u2019infraction.<\/p>\n<p class=\" wall-content\">Il \u00e9cope aussi de deux amendes de 500 euros, <strong>l\u2019exercice de l\u2019autorit\u00e9 parentale lui est retir\u00e9<\/strong> et il est priv\u00e9 de droit d\u2019\u00e9ligibilit\u00e9 pendant un an.<\/p>\n<p class=\" wall-content\">Personnalisez votre actualit\u00e9 en ajoutant vos villes et m\u00e9dias en favori avec <a href=\"https:\/\/moncompte.actu.fr\" title=\"D\u00e9couvez Mon Actu\" rel=\"nofollow noopener\" data-trk=\"{&quot;cta&quot;:{&quot;action&quot;:&quot;https:\\\/\\\/moncompte.actu.fr&quot;,&quot;category&quot;:&quot;mon compte&quot;,&quot;from&quot;:&quot;article footer&quot;,&quot;name&quot;:&quot;Mon actu&quot;,&quot;type&quot;:&quot;cta&quot;}}\" target=\"_blank\">Mon Actu<\/a>.<\/p>\n","protected":false},"excerpt":{"rendered":"Par Lucie Fraisse Publi\u00e9 le 11 sept. 2025 \u00e0 15h21 Ce sont deux dossiers distincts, mais incluant un&hellip;\n","protected":false},"author":2,"featured_media":305498,"comment_status":"","ping_status":"","sticky":false,"template":"","format":"standard","meta":{"footnotes":""},"categories":[2816],"tags":[1111,11,1777,674,1011,27,12,2680,25,104,2312,798],"class_list":{"0":"post-382886","1":"post","2":"type-post","3":"status-publish","4":"format-standard","5":"has-post-thumbnail","7":"category-toulouse","8":"tag-actu","9":"tag-actualites","10":"tag-eu","11":"tag-europe","12":"tag-fr","13":"tag-france","14":"tag-news","15":"tag-occitanie","16":"tag-republique-francaise","17":"tag-societe","18":"tag-toulouse","19":"tag-violences-conjugales"},"share_on_mastodon":{"url":"https:\/\/pubeurope.com\/@fr\/115185935053713826","error":""},"_links":{"self":[{"href":"https:\/\/www.europesays.com\/fr\/wp-json\/wp\/v2\/posts\/382886","targetHints":{"allow":["GET"]}}],"collection":[{"href":"https:\/\/www.europesays.com\/fr\/wp-json\/wp\/v2\/posts"}],"about":[{"href":"https:\/\/www.europesays.com\/fr\/wp-json\/wp\/v2\/types\/post"}],"author":[{"embeddable":true,"href":"https:\/\/www.europesays.com\/fr\/wp-json\/wp\/v2\/users\/2"}],"replies":[{"embeddable":true,"href":"https:\/\/www.europesays.com\/fr\/wp-json\/wp\/v2\/comments?post=382886"}],"version-history":[{"count":0,"href":"https:\/\/www.europesays.com\/fr\/wp-json\/wp\/v2\/posts\/382886\/revisions"}],"wp:featuredmedia":[{"embeddable":true,"href":"https:\/\/www.europesays.com\/fr\/wp-json\/wp\/v2\/media\/305498"}],"wp:attachment":[{"href":"https:\/\/www.europesays.com\/fr\/wp-json\/wp\/v2\/media?parent=382886"}],"wp:term":[{"taxonomy":"category","embeddable":true,"href":"https:\/\/www.europesays.com\/fr\/wp-json\/wp\/v2\/categories?post=382886"},{"taxonomy":"post_tag","embeddable":true,"href":"https:\/\/www.europesays.com\/fr\/wp-json\/wp\/v2\/tags?post=382886"}],"curies":[{"name":"wp","href":"https:\/\/api.w.org\/{rel}","templated":true}]}}