{"id":382887,"date":"2025-09-11T13:37:15","date_gmt":"2025-09-11T13:37:15","guid":{"rendered":"https:\/\/www.europesays.com\/fr\/382887\/"},"modified":"2025-09-11T13:37:15","modified_gmt":"2025-09-11T13:37:15","slug":"lille-lhomme-suspect-se-baladait-pres-du-metro-avec-une-tablette-floquee-hopital-saint-vincent-de-paul","status":"publish","type":"post","link":"https:\/\/www.europesays.com\/fr\/382887\/","title":{"rendered":"Lille. L&rsquo;homme suspect se baladait pr\u00e8s du m\u00e9tro avec une tablette floqu\u00e9e h\u00f4pital Saint-Vincent-de-Paul"},"content":{"rendered":"<p>            Par<br \/>\n        <strong><br \/>\n            <a href=\"https:\/\/actu.fr\/auteur\/margot-nicodeme\" title=\"Consulter tous les articles de Margot Nicod\u00e8me\" rel=\"nofollow noopener\" target=\"_blank\">Margot Nicod\u00e8me<\/a><br \/>\n        <\/strong><\/p>\n<p>        Publi\u00e9 le<\/p>\n<p>            11 sept. 2025 \u00e0 14h28        <\/p>\n<p>Il ne fait jamais bon se mettre subitement \u00e0 courir \u00e0 la vue de la police. Les fonctionnaires ne l\u00e2chent g\u00e9n\u00e9ralement pas la piste d\u2019un individu apr\u00e8s cela, comme ce fut le cas <b>\u00e0 la sortie d\u2019une station <a href=\"https:\/\/actu.fr\/hauts-de-france\/lille_59350\/ilevia-metro-de-lille-voici-les-interruptions-de-la-ligne-1-programmees-en-septembre-et-octobre_63049901.html\" rel=\"nofollow noopener\" target=\"_blank\">du m\u00e9tro de Lille<\/a><\/b> (Nord) le mercredi 10 septembre 2025.\u00a0<\/p>\n<p>Il court en voyant la police : une tablette appartenant \u00e0 un h\u00f4pital lillois est retrouv\u00e9e sur lui<\/p>\n<p class=\" wall-content\">Un homme a \u00e9t\u00e9 interpell\u00e9, apr\u00e8s avoir justement pris ses jambes \u00e0 son cou \u00e0 proximit\u00e9 de la station Porte de Valenciennes, \u00e0 <a href=\"https:\/\/actu.fr\/hauts-de-france\/lille_59350\" rel=\"nofollow noopener\" target=\"_blank\">Lille<\/a>. Les policiers en patrouille le voient prendre la fuite, sans qu\u2019ils ne lui aient rien demand\u00e9\u2026 et le prennent alors en chasse.\u00a0<\/p>\n<p class=\" wall-content\">Il est rattrap\u00e9 et le contenu de son sac \u00e0 dos est examin\u00e9. \u00c0 l\u2019int\u00e9rieur, <b>une tablette floqu\u00e9e <\/b><a href=\"https:\/\/actu.fr\/hauts-de-france\/lille_59350\/lille-decouvrez-la-halle-saint-vincent-de-paul-nouvelle-extension-de-lhopital-dans-une-ancienne-friche_61685100.html\" rel=\"nofollow noopener\" target=\"_blank\">h\u00f4pital Saint-Vincent-de-Paul<\/a>.<\/p>\n<p class=\" wall-content\">L\u2019individu, \u00e2g\u00e9 de 50 ans, explique qu\u2019il l\u2019a acquise aupr\u00e8s d\u2019un myst\u00e9rieux vendeur, pour<b> la modique somme de 15 \u20ac<\/b>. Les autorit\u00e9s prennent contact avec l\u2019h\u00f4pital, dont les \u00e9quipes confirment qu\u2019<b>une tablette leur a bien \u00e9t\u00e9 d\u00e9rob\u00e9e<\/b>.<\/p>\n<p class=\" wall-content\">Le quinquag\u00e9naire a \u00e9t\u00e9 plac\u00e9 en garde \u00e0 vue.<\/p>\n<p class=\" wall-content\">Personnalisez votre actualit\u00e9 en ajoutant vos villes et m\u00e9dias en favori avec <a href=\"https:\/\/moncompte.actu.fr\" title=\"D\u00e9couvez Mon Actu\" rel=\"nofollow noopener\" data-trk=\"{&quot;cta&quot;:{&quot;action&quot;:&quot;https:\\\/\\\/moncompte.actu.fr&quot;,&quot;category&quot;:&quot;mon compte&quot;,&quot;from&quot;:&quot;article footer&quot;,&quot;name&quot;:&quot;Mon actu&quot;,&quot;type&quot;:&quot;cta&quot;}}\" target=\"_blank\">Mon Actu<\/a>.<\/p>\n","protected":false},"excerpt":{"rendered":"Par Margot Nicod\u00e8me Publi\u00e9 le 11 sept. 2025 \u00e0 14h28 Il ne fait jamais bon se mettre subitement&hellip;\n","protected":false},"author":2,"featured_media":382888,"comment_status":"","ping_status":"","sticky":false,"template":"","format":"standard","meta":{"footnotes":""},"categories":[2815],"tags":[1111,11,1777,674,118,1011,27,811,100,1307,12,1072,25],"class_list":{"0":"post-382887","1":"post","2":"type-post","3":"status-publish","4":"format-standard","5":"has-post-thumbnail","7":"category-lille","8":"tag-actu","9":"tag-actualites","10":"tag-eu","11":"tag-europe","12":"tag-faits-divers","13":"tag-fr","14":"tag-france","15":"tag-hauts-de-france","16":"tag-hopital","17":"tag-lille","18":"tag-news","19":"tag-police","20":"tag-republique-francaise"},"share_on_mastodon":{"url":"https:\/\/pubeurope.com\/@fr\/115185939004386453","error":""},"_links":{"self":[{"href":"https:\/\/www.europesays.com\/fr\/wp-json\/wp\/v2\/posts\/382887","targetHints":{"allow":["GET"]}}],"collection":[{"href":"https:\/\/www.europesays.com\/fr\/wp-json\/wp\/v2\/posts"}],"about":[{"href":"https:\/\/www.europesays.com\/fr\/wp-json\/wp\/v2\/types\/post"}],"author":[{"embeddable":true,"href":"https:\/\/www.europesays.com\/fr\/wp-json\/wp\/v2\/users\/2"}],"replies":[{"embeddable":true,"href":"https:\/\/www.europesays.com\/fr\/wp-json\/wp\/v2\/comments?post=382887"}],"version-history":[{"count":0,"href":"https:\/\/www.europesays.com\/fr\/wp-json\/wp\/v2\/posts\/382887\/revisions"}],"wp:featuredmedia":[{"embeddable":true,"href":"https:\/\/www.europesays.com\/fr\/wp-json\/wp\/v2\/media\/382888"}],"wp:attachment":[{"href":"https:\/\/www.europesays.com\/fr\/wp-json\/wp\/v2\/media?parent=382887"}],"wp:term":[{"taxonomy":"category","embeddable":true,"href":"https:\/\/www.europesays.com\/fr\/wp-json\/wp\/v2\/categories?post=382887"},{"taxonomy":"post_tag","embeddable":true,"href":"https:\/\/www.europesays.com\/fr\/wp-json\/wp\/v2\/tags?post=382887"}],"curies":[{"name":"wp","href":"https:\/\/api.w.org\/{rel}","templated":true}]}}