{"id":382894,"date":"2025-09-11T13:41:16","date_gmt":"2025-09-11T13:41:16","guid":{"rendered":"https:\/\/www.europesays.com\/fr\/382894\/"},"modified":"2025-09-11T13:41:16","modified_gmt":"2025-09-11T13:41:16","slug":"stop-enfumage-veut-alerter-la-population","status":"publish","type":"post","link":"https:\/\/www.europesays.com\/fr\/382894\/","title":{"rendered":"\u00ab Stop enfumage \u00bb veut alerter la population"},"content":{"rendered":"<p>C\u2019est une \u00ab\u00a0op\u00e9ration v\u00e9rit\u00e9\u00a0\u00bb que veut lancer l\u2019association Stop Enfumage pour alerter la population. Constitu\u00e9e apr\u00e8s l\u2019annonce de construction, par la M\u00e9tropole de Lyon, <a href=\"https:\/\/www.leprogres.fr\/politique\/2025\/01\/08\/reseau-de-chaleur-la-metropole-abandonne-l-idee-d-une-grande-chaufferie-bois-a-sainte-foy-les-lyon-et-propose-un-plan-b\" target=\"_blank\" rel=\"noopener\">d\u2019une chaufferie au bois g\u00e9ante \u00e0 Sainte-Foy-l\u00e8s-Lyon,<\/a><a href=\"https:\/\/www.leprogres.fr\/environnement\/2025\/02\/19\/stop-enfumage-le-bois-comme-combustible-est-desastreux-pour-le-climat-et-la-sante\" target=\"_blank\" rel=\"noopener\">Stop Enfumage va \u00e0 rebours du discours de l\u2019\u00c9tat et de la M\u00e9tropole<\/a> qui annoncent d\u00e9carboner l\u2019\u00e9nergie en utilisant le bois comme combustible. La collectivit\u00e9 et l\u2019\u00c9tat subventionnent en effet \u00e0 grande \u00e9chelle l\u2019achat de po\u00eales et l\u2019installation de chaufferies collectives au bois dans les immeubles collectifs et les \u00e9quipements publics, ainsi que la construction de r\u00e9seaux de chaleur urbains fonctionnant au bois. Outre <a href=\"https:\/\/www.leprogres.fr\/environnement\/2024\/10\/22\/la-chaufferie-au-bois-du-sud-ouest-lyonnais-est-elle-si-bonne-pour-le-climat\" target=\"_blank\" rel=\"noopener\"> le probl\u00e8me du r\u00e9chauffement climatique, aggrav\u00e9 par l\u2019utilisation du bois<\/a> , Stop Enfumage d\u00e9nonce \u00e9galement les cons\u00e9quences sur la pollution de l\u2019air aux particules fines et sur la for\u00eat.<\/p>\n<p>Si vous souhaitez en savoir plus, l\u2019association vous donne rendez-vous ce samedi 13\u00a0septembre, place de la R\u00e9publique, \u00e0 Lyon (1er) de 14 \u00e0 17 heures. Elle vous convie \u00e9galement \u00e0 une conf\u00e9rence intitul\u00e9e \u00ab\u00a0La for\u00eat fran\u00e7aise face aux nouveaux d\u00e9fis\u00a0\u00bb de <a href=\"https:\/\/www.youtube.com\/watch?v=PzP4AjdmYDQ\" target=\"_blank\" rel=\"noopener\">Jacques Laskar<\/a> membre de l\u2019Acad\u00e9mie des Sciences et directeur de recherche au CNRS qui se tiendra mercredi 8 octobre prochain \u00e0 19 h 30 \u00e0 l\u2019espace culturel Jean Salles, 20 rue Ch\u00e2telain \u00e0 Sainte-Foy-l\u00e8s-Lyon.<\/p>\n","protected":false},"excerpt":{"rendered":"C\u2019est une \u00ab\u00a0op\u00e9ration v\u00e9rit\u00e9\u00a0\u00bb que veut lancer l\u2019association Stop Enfumage pour alerter la population. Constitu\u00e9e apr\u00e8s l\u2019annonce de&hellip;\n","protected":false},"author":2,"featured_media":382895,"comment_status":"","ping_status":"","sticky":false,"template":"","format":"standard","meta":{"footnotes":""},"categories":[1889],"tags":[1111,11,2430,2757,3154,1777,674,1011,27,2428,2756,12,25,2429,15673,104],"class_list":{"0":"post-382894","1":"post","2":"type-post","3":"status-publish","4":"format-standard","5":"has-post-thumbnail","7":"category-lyon","8":"tag-actu","9":"tag-actualites","10":"tag-auvergne-rhone-alpes","11":"tag-edition-lyon-villeurbanne","12":"tag-edition-sud-lyonnais","13":"tag-eu","14":"tag-europe","15":"tag-fr","16":"tag-france","17":"tag-lyon","18":"tag-lyon-bassin","19":"tag-news","20":"tag-republique-francaise","21":"tag-rhone","22":"tag-sainte-foy-les-lyon","23":"tag-societe"},"share_on_mastodon":{"url":"https:\/\/pubeurope.com\/@fr\/115185954739236555","error":""},"_links":{"self":[{"href":"https:\/\/www.europesays.com\/fr\/wp-json\/wp\/v2\/posts\/382894","targetHints":{"allow":["GET"]}}],"collection":[{"href":"https:\/\/www.europesays.com\/fr\/wp-json\/wp\/v2\/posts"}],"about":[{"href":"https:\/\/www.europesays.com\/fr\/wp-json\/wp\/v2\/types\/post"}],"author":[{"embeddable":true,"href":"https:\/\/www.europesays.com\/fr\/wp-json\/wp\/v2\/users\/2"}],"replies":[{"embeddable":true,"href":"https:\/\/www.europesays.com\/fr\/wp-json\/wp\/v2\/comments?post=382894"}],"version-history":[{"count":0,"href":"https:\/\/www.europesays.com\/fr\/wp-json\/wp\/v2\/posts\/382894\/revisions"}],"wp:featuredmedia":[{"embeddable":true,"href":"https:\/\/www.europesays.com\/fr\/wp-json\/wp\/v2\/media\/382895"}],"wp:attachment":[{"href":"https:\/\/www.europesays.com\/fr\/wp-json\/wp\/v2\/media?parent=382894"}],"wp:term":[{"taxonomy":"category","embeddable":true,"href":"https:\/\/www.europesays.com\/fr\/wp-json\/wp\/v2\/categories?post=382894"},{"taxonomy":"post_tag","embeddable":true,"href":"https:\/\/www.europesays.com\/fr\/wp-json\/wp\/v2\/tags?post=382894"}],"curies":[{"name":"wp","href":"https:\/\/api.w.org\/{rel}","templated":true}]}}