{"id":382896,"date":"2025-09-11T13:42:13","date_gmt":"2025-09-11T13:42:13","guid":{"rendered":"https:\/\/www.europesays.com\/fr\/382896\/"},"modified":"2025-09-11T13:42:13","modified_gmt":"2025-09-11T13:42:13","slug":"un-homme-en-fauteuil-roulant-tue-a-larme-blanche-a-lyon-3","status":"publish","type":"post","link":"https:\/\/www.europesays.com\/fr\/382896\/","title":{"rendered":"Un homme en fauteuil roulant tu\u00e9 \u00e0 l&rsquo;arme blanche \u00e0 Lyon"},"content":{"rendered":"<p>Un homme en fauteuil roulant tu\u00e9 \u00e0 l&rsquo;arme blanche mercredi soir dans le 9\u00e8me arrondissement de Lyon. La victime qui regagnait son domicile a re\u00e7u un coup de couteau au niveau de la carotide. Il est d\u00e9c\u00e9d\u00e9 une demi-heure apr\u00e8s l\u2019arriv\u00e9e des secours qui ont tent\u00e9 en vain de le r\u00e9animer. N\u00e9 en 1979, l&rsquo;homme d&rsquo;origine irakienne n\u2019\u00e9tait pas connu des services de police. Les circonstances du drame et le mobile restent pour l\u2019heure inconnus. Une enqu\u00eate a \u00e9t\u00e9 ouverte. L\u2019auteur du coup de couteau mortel est actuellement recherch\u00e9.<\/p>\n","protected":false},"excerpt":{"rendered":"Un homme en fauteuil roulant tu\u00e9 \u00e0 l&rsquo;arme blanche mercredi soir dans le 9\u00e8me arrondissement de Lyon. La&hellip;\n","protected":false},"author":2,"featured_media":382897,"comment_status":"","ping_status":"","sticky":false,"template":"","format":"standard","meta":{"footnotes":""},"categories":[1889],"tags":[1111,11,2430,1777,674,1011,27,2428,12,25],"class_list":{"0":"post-382896","1":"post","2":"type-post","3":"status-publish","4":"format-standard","5":"has-post-thumbnail","7":"category-lyon","8":"tag-actu","9":"tag-actualites","10":"tag-auvergne-rhone-alpes","11":"tag-eu","12":"tag-europe","13":"tag-fr","14":"tag-france","15":"tag-lyon","16":"tag-news","17":"tag-republique-francaise"},"share_on_mastodon":{"url":"https:\/\/pubeurope.com\/@fr\/115185958564692591","error":""},"_links":{"self":[{"href":"https:\/\/www.europesays.com\/fr\/wp-json\/wp\/v2\/posts\/382896","targetHints":{"allow":["GET"]}}],"collection":[{"href":"https:\/\/www.europesays.com\/fr\/wp-json\/wp\/v2\/posts"}],"about":[{"href":"https:\/\/www.europesays.com\/fr\/wp-json\/wp\/v2\/types\/post"}],"author":[{"embeddable":true,"href":"https:\/\/www.europesays.com\/fr\/wp-json\/wp\/v2\/users\/2"}],"replies":[{"embeddable":true,"href":"https:\/\/www.europesays.com\/fr\/wp-json\/wp\/v2\/comments?post=382896"}],"version-history":[{"count":0,"href":"https:\/\/www.europesays.com\/fr\/wp-json\/wp\/v2\/posts\/382896\/revisions"}],"wp:featuredmedia":[{"embeddable":true,"href":"https:\/\/www.europesays.com\/fr\/wp-json\/wp\/v2\/media\/382897"}],"wp:attachment":[{"href":"https:\/\/www.europesays.com\/fr\/wp-json\/wp\/v2\/media?parent=382896"}],"wp:term":[{"taxonomy":"category","embeddable":true,"href":"https:\/\/www.europesays.com\/fr\/wp-json\/wp\/v2\/categories?post=382896"},{"taxonomy":"post_tag","embeddable":true,"href":"https:\/\/www.europesays.com\/fr\/wp-json\/wp\/v2\/tags?post=382896"}],"curies":[{"name":"wp","href":"https:\/\/api.w.org\/{rel}","templated":true}]}}