{"id":382900,"date":"2025-09-11T13:44:30","date_gmt":"2025-09-11T13:44:30","guid":{"rendered":"https:\/\/www.europesays.com\/fr\/382900\/"},"modified":"2025-09-11T13:44:30","modified_gmt":"2025-09-11T13:44:30","slug":"passe-navigo-comment-payer-moins-cher","status":"publish","type":"post","link":"https:\/\/www.europesays.com\/fr\/382900\/","title":{"rendered":"Passe Navigo : comment payer moins cher ?"},"content":{"rendered":"<p>En cette p\u00e9riode de rentr\u00e9e, le <a href=\"https:\/\/www.capital.fr\/economie-politique\/fraude-dans-les-transports-attention-la-ratp-triple-les-amendes-des-ce-lundi-1514500\" rel=\"nofollow noopener\" target=\"_blank\">budget transports<\/a> p\u00e8se lourd pour de nombreux Franciliens. L\u2019abonnement annuel au <a href=\"https:\/\/www.capital.fr\/conso\/pass-navigo-demarche-forfait-et-prix-1476764\" rel=\"nofollow noopener\" target=\"_blank\">passe Navigo<\/a>, indispensable pour circuler librement sur l\u2019ensemble du r\u00e9seau, co\u00fbte pr\u00e8s de <strong>980 euros<\/strong>. Bien que ce montant soit g\u00e9n\u00e9ralement r\u00e9gl\u00e9 en mensualit\u00e9s, il reste cons\u00e9quent pour de nombreux foyers. Heureusement, plusieurs dispositifs permettent de r\u00e9duire significativement cette facture, notamment pour les jeunes. Le <strong>forfait Imagine R Etudiant<\/strong>, destin\u00e9 aux \u00e9l\u00e8ves, \u00e9tudiants et apprentis, ram\u00e8ne le co\u00fbt annuel \u00e0 <strong>392,30 euros<\/strong>, frais de dossier inclus, rappelle <a href=\"https:\/\/www.cnews.fr\/conso\/2025-08-22\/passe-navigo-voici-comment-le-payer-moins-cher-la-rentree-1728402\" rel=\"nofollow noopener\" target=\"_blank\">CNews<\/a>.<\/p>\n<p>Par ailleurs, les enfants de moins de 11 ans peuvent, eux, b\u00e9n\u00e9ficier de l\u2019offre <strong>Imagine R Junior<\/strong>, factur\u00e9e seulement <strong>24,80 euros<\/strong> par an. Des r\u00e9ductions existent aussi pour les jeunes en insertion. Ceux qui participent \u00e0 un stage dans le cadre de dispositifs r\u00e9gionaux (comme Avenir Jeunes, Programmes Comp\u00e9tences ou Ecole de la Deuxi\u00e8me Chance) peuvent obtenir un <strong>passe Navigo gratuit<\/strong>, \u00e0 condition d\u2019avoir entre 16 et 25 ans. Les volontaires en service civique en Ile-de-France peuvent quant \u00e0 eux b\u00e9n\u00e9ficier de 50% de r\u00e9duction sur les abonnements hebdomadaires et mensuels.<\/p>\n<p>R\u00e9duction de 50% pour les seniors<\/p>\n<p>Mais les aides ne sont pas r\u00e9serv\u00e9es qu\u2019aux jeunes. <strong>A partir de 62 ans<\/strong>, les seniors peuvent profiter d\u2019une r\u00e9duction de 50% sur le forfait Navigo Annuel. Cette m\u00eame r\u00e9duction s\u2019applique \u00e9galement aux personnes en situation de handicap ainsi qu\u2019\u00e0 leurs accompagnants.<\/p>\n<p>Les b\u00e9n\u00e9ficiaires de l\u2019<a href=\"https:\/\/www.capital.fr\/economie-politique\/aide-medicale-etat-1394805\" rel=\"nofollow noopener\" target=\"_blank\">Aide m\u00e9dicale d\u2019Etat (AME)<\/a> ont droit \u00e0 50% de r\u00e9duction sur les forfaits semaine et mois. Ceux qui per\u00e7oivent l\u2019Allocation de solidarit\u00e9 sp\u00e9cifique (ASS) ou la Compl\u00e9mentaire sant\u00e9 solidaire (CSS) peuvent pr\u00e9tendre \u00e0<strong> 75% de r\u00e9duction<\/strong>. Enfin, le forfait Solidarit\u00e9 Gratuit permet \u00e0 certaines personnes recevant des aides sociales de voyager gratuitement <strong>pendant trois mois<\/strong>, renouvelables. Gr\u00e2ce \u00e0 ces diff\u00e9rents dispositifs, se d\u00e9placer en Ile-de-France devient plus accessible \u00e0 tous, quels que soient les profils et les besoins.<\/p>\n","protected":false},"excerpt":{"rendered":"En cette p\u00e9riode de rentr\u00e9e, le budget transports p\u00e8se lourd pour de nombreux Franciliens. L\u2019abonnement annuel au passe&hellip;\n","protected":false},"author":2,"featured_media":382901,"comment_status":"","ping_status":"","sticky":false,"template":"","format":"standard","meta":{"footnotes":""},"categories":[1592],"tags":[1111,11,1777,674,1011,27,662,12,626,25],"class_list":{"0":"post-382900","1":"post","2":"type-post","3":"status-publish","4":"format-standard","5":"has-post-thumbnail","7":"category-ile-de-france","8":"tag-actu","9":"tag-actualites","10":"tag-eu","11":"tag-europe","12":"tag-fr","13":"tag-france","14":"tag-ile-de-france","15":"tag-news","16":"tag-paris","17":"tag-republique-francaise"},"share_on_mastodon":{"url":"https:\/\/pubeurope.com\/@fr\/115185967069073798","error":""},"_links":{"self":[{"href":"https:\/\/www.europesays.com\/fr\/wp-json\/wp\/v2\/posts\/382900","targetHints":{"allow":["GET"]}}],"collection":[{"href":"https:\/\/www.europesays.com\/fr\/wp-json\/wp\/v2\/posts"}],"about":[{"href":"https:\/\/www.europesays.com\/fr\/wp-json\/wp\/v2\/types\/post"}],"author":[{"embeddable":true,"href":"https:\/\/www.europesays.com\/fr\/wp-json\/wp\/v2\/users\/2"}],"replies":[{"embeddable":true,"href":"https:\/\/www.europesays.com\/fr\/wp-json\/wp\/v2\/comments?post=382900"}],"version-history":[{"count":0,"href":"https:\/\/www.europesays.com\/fr\/wp-json\/wp\/v2\/posts\/382900\/revisions"}],"wp:featuredmedia":[{"embeddable":true,"href":"https:\/\/www.europesays.com\/fr\/wp-json\/wp\/v2\/media\/382901"}],"wp:attachment":[{"href":"https:\/\/www.europesays.com\/fr\/wp-json\/wp\/v2\/media?parent=382900"}],"wp:term":[{"taxonomy":"category","embeddable":true,"href":"https:\/\/www.europesays.com\/fr\/wp-json\/wp\/v2\/categories?post=382900"},{"taxonomy":"post_tag","embeddable":true,"href":"https:\/\/www.europesays.com\/fr\/wp-json\/wp\/v2\/tags?post=382900"}],"curies":[{"name":"wp","href":"https:\/\/api.w.org\/{rel}","templated":true}]}}