{"id":382902,"date":"2025-09-11T13:45:16","date_gmt":"2025-09-11T13:45:16","guid":{"rendered":"https:\/\/www.europesays.com\/fr\/382902\/"},"modified":"2025-09-11T13:45:16","modified_gmt":"2025-09-11T13:45:16","slug":"un-exceptionnel-tableau-de-rubens-ressurgit-a-paris","status":"publish","type":"post","link":"https:\/\/www.europesays.com\/fr\/382902\/","title":{"rendered":"Un exceptionnel tableau de Rubens ressurgit \u00e0 Paris"},"content":{"rendered":"<p class=\"editor-content__paragraph\">Un tr\u00e9sor disparu depuis le XVIIe si\u00e8cle vient de refaire surface. Alors qu\u2019on avait perdu sa trace depuis sa cr\u00e9ation en 1613, <strong>un tableau \u00ab\u00a0exceptionnel\u00a0\u00bb de <a href=\"https:\/\/www.beauxarts.com\/grand-format\/pierre-paul-rubens-en-2-minutes\/\" target=\"_blank\" rel=\"noopener\">Pierre-Paul Rubens<\/a> <\/strong>(1577\u20131640) a \u00e9t\u00e9 <strong>retrouv\u00e9 \u00e0 Paris<\/strong>, a indiqu\u00e9 ce mercredi 10\u00a0septembre le commissaire-priseur Jean-Pierre Osenat. Ce dernier l\u2019a red\u00e9couvert en septembre 2024 <strong>dans un h\u00f4tel particulier du 6e arrondissement<\/strong> dont il inventoriait le contenu en vue de sa vente.<\/p>\n<p class=\"editor-content__paragraph\">Intitul\u00e9e <strong>Le Christ en croix<\/strong>, cette peinture de 105,5\u00a0sur 72,5\u00a0centim\u00e8tres \u00e9tait sans doute <strong>destin\u00e9e \u00e0 un commanditaire priv\u00e9<\/strong> dont l\u2019identit\u00e9 n\u2019a pas pu \u00eatre d\u00e9termin\u00e9e. \u00ab\u00a0C\u2019est un chef-d\u2019\u0153uvre [\u2026], peint par Rubens au summum de son talent. C\u2019est rarissime, et une <strong>d\u00e9couverte inou\u00efe<\/strong> qui marquera ma carri\u00e8re de commissaire-priseur\u00a0\u00bb, s\u2019est r\u00e9joui Jean-Pierre Osenat aupr\u00e8s de l\u2019AFP.<\/p>\n<p>Une toile intense ayant appartenu \u00e0 Bouguereau<\/p>\n<blockquote class=\"editor-content__blockquote editor-content__blockquote--align-left\">\n<p>\u00ab\u00a0Ce tableau est une vraie profession de foi.\u00a0\u00bb<\/p>\n<p>Jean-Pierre Osenat<\/p>\n<\/blockquote>\n<p class=\"editor-content__paragraph\">\u00ab\u00a0C\u2019est tout le d\u00e9but de la <a href=\"https:\/\/www.beauxarts.com\/grand-format\/le-baroque-en-2-minutes\/\" target=\"_blank\" rel=\"noopener\">peinture baroque<\/a>. Le Christ crucifi\u00e9 est <strong>repr\u00e9sent\u00e9 isol\u00e9, lumineux<\/strong>, et se d\u00e9tachant vivement sur un ciel sombre et mena\u00e7ant. Derri\u00e8re la toile de fond rocheuse du<strong> Golgotha<\/strong>, appara\u00eet une vue montrant <strong>J\u00e9rusalem illumin\u00e9e<\/strong>, mais apparemment <strong>sous un orage<\/strong>. Ce tableau est une vraie profession de foi\u00a0\u00bb, a-t-il d\u00e9taill\u00e9.<\/p>\n<p>    <img loading=\"lazy\" decoding=\"async\" class=\"image__img\" src=\"https:\/\/www.europesays.com\/fr\/wp-content\/uploads\/2025\/09\/webosenat-tableau-pierre-paul-rubens-1577-1640-30-novembre-2025-964x1279.jpg\" alt=\"Pierre Paul Rubens, Christ en croix\" width=\"964\" height=\"1279\"\/><\/p>\n<p>Pierre Paul Rubens, Christ en croix, 1613<\/p>\n<p>    i<\/p>\n<p class=\"legende__cartel\">Huile sur bois \u2022 105,5 \u00d7 72,5\u00a0cm \u2022 \u00a9 Osenat<\/p>\n<p class=\"editor-content__paragraph\">Avant de se retrouver parmi les possessions des propri\u00e9taires de l\u2019h\u00f4tel particulier, l\u2019\u0153uvre avait<strong> appartenu au peintre acad\u00e9mique <a href=\"https:\/\/www.beauxarts.com\/grand-format\/william-bouguereau-en-2-minutes\/\" target=\"_blank\" rel=\"noopener\">William Bouguereau<\/a><\/strong> (1825\u20131905). Auteur \u00e9galement d\u2019un t\u00e9n\u00e9breux et dramatique Christ en croix intitul\u00e9 Compassion\u00a0!\u00a0(1897), cet artiste du XIXe si\u00e8cle fascin\u00e9 par les grands ma\u00eetres avait d\u00fb \u00eatre s\u00e9duit par le ciel orageux qui donne \u00e0 ce Rubens une<strong> intensit\u00e9 dramatique et spirituelle<\/strong>, ainsi que par le<strong> visage \u00e0 la fois subtil et expressif<\/strong> du Christ.<\/p>\n<p>        \u00c0 lire aussi :<br \/>\n        <a class=\"renvoi-explicite__link\" href=\"https:\/\/www.beauxarts.com\/vu\/sous-le-pinceau-de-rubens-la-galere-de-marie\/\" target=\"_blank\" rel=\"noopener\">Sous le pinceau de Rubens, la gal\u00e8re de Marie<\/a><\/p>\n<p>Vendu aux ench\u00e8res le 30\u00a0novembre<\/p>\n<p class=\"editor-content__paragraph\">\u00c0 l\u2019issue d\u2019une <strong>\u00ab\u00a0longue enqu\u00eate\u00a0\u00bb<\/strong> qui s\u2019est entre autres appuy\u00e9e sur une gravure ancienne, et de <strong>plusieurs examens techniques<\/strong> (notamment des radiographies et l\u2019analyse des pigments), l\u2019\u0153uvre a \u00e9t\u00e9<strong> authentifi\u00e9e<\/strong> par le professeur Nils B\u00fcttner, sp\u00e9cialiste de l\u2019art allemand, flamand et hollandais du<strong> Rubenianum<\/strong> \u2013 un organisme sp\u00e9cialis\u00e9 dans l\u2019\u00e9tude de l\u2019\u0153uvre de Rubens qui se situe \u00e0 deux pas de l\u2019ancienne maison-atelier du peintre, \u00e0 Anvers. Le tableau sera <strong>propos\u00e9 aux ench\u00e8res<\/strong> par la maison de vente Osenat, <strong>le 30\u00a0novembre prochain<\/strong> \u00e0 Fontainebleau.<\/p>\n<p>        \u00c0 lire aussi :<br \/>\n        <a class=\"renvoi-explicite__link\" href=\"https:\/\/www.beauxarts.com\/grand-format\/estime-deux-a-quatre-millions-deuros-un-chef-doeuvre-de-guido-reni-redecouvert-et-bientot-aux-encheres\/\" target=\"_blank\" rel=\"noopener\">Estim\u00e9 deux \u00e0 quatre millions d&rsquo;euros, un chef-d\u2019\u0153uvre de Guido Reni red\u00e9couvert et bient\u00f4t aux ench\u00e8res<\/a><\/p>\n","protected":false},"excerpt":{"rendered":"Un tr\u00e9sor disparu depuis le XVIIe si\u00e8cle vient de refaire surface. Alors qu\u2019on avait perdu sa trace depuis&hellip;\n","protected":false},"author":2,"featured_media":382903,"comment_status":"","ping_status":"","sticky":false,"template":"","format":"standard","meta":{"footnotes":""},"categories":[1888],"tags":[1111,1928,11,1927,14535,5975,1777,674,1011,27,12,1926,626,1925,1585,25],"class_list":{"0":"post-382902","1":"post","2":"type-post","3":"status-publish","4":"format-standard","5":"has-post-thumbnail","7":"category-paris","8":"tag-actu","9":"tag-actu-paris","10":"tag-actualites","11":"tag-actualites-paris","12":"tag-art-ancien","13":"tag-decouverte","14":"tag-eu","15":"tag-europe","16":"tag-fr","17":"tag-france","18":"tag-news","19":"tag-news-paris","20":"tag-paris","21":"tag-paris-news","22":"tag-peinture","23":"tag-republique-francaise"},"share_on_mastodon":{"url":"https:\/\/pubeurope.com\/@fr\/115185971163160509","error":""},"_links":{"self":[{"href":"https:\/\/www.europesays.com\/fr\/wp-json\/wp\/v2\/posts\/382902","targetHints":{"allow":["GET"]}}],"collection":[{"href":"https:\/\/www.europesays.com\/fr\/wp-json\/wp\/v2\/posts"}],"about":[{"href":"https:\/\/www.europesays.com\/fr\/wp-json\/wp\/v2\/types\/post"}],"author":[{"embeddable":true,"href":"https:\/\/www.europesays.com\/fr\/wp-json\/wp\/v2\/users\/2"}],"replies":[{"embeddable":true,"href":"https:\/\/www.europesays.com\/fr\/wp-json\/wp\/v2\/comments?post=382902"}],"version-history":[{"count":0,"href":"https:\/\/www.europesays.com\/fr\/wp-json\/wp\/v2\/posts\/382902\/revisions"}],"wp:featuredmedia":[{"embeddable":true,"href":"https:\/\/www.europesays.com\/fr\/wp-json\/wp\/v2\/media\/382903"}],"wp:attachment":[{"href":"https:\/\/www.europesays.com\/fr\/wp-json\/wp\/v2\/media?parent=382902"}],"wp:term":[{"taxonomy":"category","embeddable":true,"href":"https:\/\/www.europesays.com\/fr\/wp-json\/wp\/v2\/categories?post=382902"},{"taxonomy":"post_tag","embeddable":true,"href":"https:\/\/www.europesays.com\/fr\/wp-json\/wp\/v2\/tags?post=382902"}],"curies":[{"name":"wp","href":"https:\/\/api.w.org\/{rel}","templated":true}]}}