{"id":382904,"date":"2025-09-11T13:46:13","date_gmt":"2025-09-11T13:46:13","guid":{"rendered":"https:\/\/www.europesays.com\/fr\/382904\/"},"modified":"2025-09-11T13:46:13","modified_gmt":"2025-09-11T13:46:13","slug":"la-justice-innocente-la-femme-daffaires-aude-de-thuin-apres-le-suicide-de-son-mari","status":"publish","type":"post","link":"https:\/\/www.europesays.com\/fr\/382904\/","title":{"rendered":"La justice innocente la femme d\u2019affaires Aude de Thuin apr\u00e8s le suicide de son mari"},"content":{"rendered":"<p class=\"mb-4 text-lg md:leading-8 break-words\"><strong>enquete &#8211; La justice s\u2019est demand\u00e9 si Aude de Thuin, 75 ans, n\u2019avait pas tu\u00e9 son mari avant de tenter de mettre fin \u00e0 ses jours en juin\u00a02024<\/strong><\/p>\n<p class=\"mb-4 text-lg md:leading-8 break-words\">Pour Aude de Thuin, c\u2019est un soulagement. L\u2019enqu\u00eate qui visait la femme d\u2019affaires de 75 ans a \u00e9t\u00e9 class\u00e9e sans suite par le parquet de <a href=\"https:\/\/www.20minutes.fr\/paris\/?at_medium=RSS%20feed&amp;at_campaign=ynews&amp;utm_source=yahoo&amp;utm_medium=rss&amp;utm_campaign=news_feed&amp;utm_content=in_article_link\" rel=\"nofollow noopener\" target=\"_blank\" data-ylk=\"slk:Paris;elm:context_link;itc:0;sec:content-canvas\" class=\"link \">Paris<\/a> le 5\u00a0septembre dernier, selon des informations du <a href=\"https:\/\/www.lefigaro.fr\/faits-divers\/la-femme-d-affaires-aude-de-thuin-innocentee-par-la-justice-quinze-mois-apres-le-suicide-de-son-mari-20250910?at_medium=RSS%20feed&amp;at_campaign=ynews&amp;utm_source=yahoo&amp;utm_medium=rss&amp;utm_campaign=news_feed&amp;utm_content=in_article_link\" rel=\"nofollow noopener\" target=\"_blank\" data-ylk=\"slk:Figaro;elm:context_link;itc:0;sec:content-canvas\" class=\"link \">Figaro<\/a>. \u00ab\u00a0Cette proc\u00e9dure qui l\u2019innocente la soulage. Aude de Thuin sort d\u2019un an o\u00f9 elle a d\u00fb faire le deuil de son mari et faire face \u00e0 une suspicion publique inhumaine\u00a0\u00bb, a d\u00e9clar\u00e9 au journal son avocat, Me Julien Roelens.<\/p>\n<p class=\"mb-4 text-lg md:leading-8 break-words\">Le corps de son mari, Hubert Zieseniss, 83 ans, <a href=\"https:\/\/www.20minutes.fr\/faits_divers\/4094605-20240605-paris-aude-thuin-retrouvee-etat-grave-pres-cadavre-mari?at_medium=RSS%20feed&amp;at_campaign=ynews&amp;utm_source=yahoo&amp;utm_medium=rss&amp;utm_campaign=news_feed&amp;utm_content=in_article_link\" rel=\"nofollow noopener\" target=\"_blank\" data-ylk=\"slk:\u00e9tait d\u00e9couvert le 4\u00a0juin 2024;elm:context_link;itc:0;sec:content-canvas\" class=\"link \">\u00e9tait d\u00e9couvert le 4\u00a0juin 2024 <\/a>dans leur appartement du boulevard Haussman, dans le 8e\u00a0arrondissement de Paris. L\u2019autopsie a r\u00e9v\u00e9l\u00e9 qu\u2019il \u00e9tait mort par strangulation. Son \u00e9pouse \u00e9tait retrouv\u00e9e en vie, gri\u00e8vement bless\u00e9e aux poignets. La justice s\u2019est demand\u00e9 si elle n\u2019avait pas tu\u00e9 son mari avant de tenter de mettre fin \u00e0 ses jours. Les investigations avaient \u00e9t\u00e9 confi\u00e9es aux policiers du 3e district de police judiciaire.<\/p>\n<p>\u00ab\u00a0Ils savent que je n\u2019ai pas tu\u00e9 mon mari\u00a0\u00bb<\/p>\n<p class=\"mb-4 text-lg md:leading-8 break-words\">Il s\u2019agirait donc d\u2019une double tentative de suicide, rat\u00e9e la concernant. Hubert Zieseniss, lui, a \u00e9t\u00e9 enterr\u00e9 \u00e0 Choisel, dans les <a href=\"https:\/\/www.20minutes.fr\/societe\/yvelines\/?at_medium=RSS%20feed&amp;at_campaign=ynews&amp;utm_source=yahoo&amp;utm_medium=rss&amp;utm_campaign=news_feed&amp;utm_content=in_article_link\" rel=\"nofollow noopener\" target=\"_blank\" data-ylk=\"slk:Yvelines;elm:context_link;itc:0;sec:content-canvas\" class=\"link \">Yvelines<\/a>, en son absence. \u00ab\u00a0Je n\u2019ai pas eu de relation avec ma belle-famille depuis le drame. Ils savent que je n\u2019ai pas tu\u00e9 mon mari mais je me doute qu\u2019ils me consid\u00e8rent coupable, n\u00e9anmoins, d\u2019avoir lanc\u00e9 ces forums et de l\u2019avoir entra\u00een\u00e9 avec moi\u00a0\u00bb, \u00e9crivait-elle en janvier dernier au Figaro.<\/p>\n<p class=\"mb-4 text-lg md:leading-8 break-words\">Aude de Thuin, femme d\u2019affaires \u00e2g\u00e9e de 73 ans, a notamment fond\u00e9 Women in Africa en\u00a02015. Selon son site internet, c\u2019est \u00ab\u00a0la premi(&#8230;)<\/p>\n<p class=\"mb-4 text-lg md:leading-8 break-words\"><a href=\"https:\/\/www.20minutes.fr\/faits_divers\/4172530-20250911-paris-justice-innocente-femme-affaires-aude-thuin-apres-suicide-mari?at_medium=RSS%20feed&amp;at_campaign=ynews&amp;utm_source=yahoo&amp;utm_medium=rss&amp;utm_campaign=news_feed&amp;utm_content=read_more_link&quot;\" rel=\"nofollow noopener\" target=\"_blank\" data-ylk=\"slk:Lire la suite sur 20minutes;elm:context_link;itc:0;sec:content-canvas\" class=\"link \">Lire la suite sur 20minutes<\/a><\/p>\n<p>\u00c0 lire aussi :<br \/><a href=\"https:\/\/www.20minutes.fr\/faits_divers\/4094605-20240605-paris-aude-thuin-retrouvee-etat-grave-pres-cadavre-mari?at_medium=RSS%20feed&amp;at_campaign=ynews&amp;utm_source=yahoo&amp;utm_medium=rss&amp;utm_campaign=news_feed&amp;utm_content=related_content_link\" rel=\"nofollow noopener\" target=\"_blank\" data-ylk=\"slk:Paris\u00a0: Aude de Thuin retrouv\u00e9e dans un \u00e9tat grave pr\u00e8s du cadavre de son mari;elm:context_link;itc:0;sec:content-canvas\" class=\"link \">Paris\u00a0: Aude de Thuin retrouv\u00e9e dans un \u00e9tat grave pr\u00e8s du cadavre de son mari<\/a><br \/><a href=\"https:\/\/www.20minutes.fr\/justice\/4172333-20250910-loire-atlantique-autopsie-sexagenaire-confirme-hypothese-meurtre-maquille?at_medium=RSS%20feed&amp;at_campaign=ynews&amp;utm_source=yahoo&amp;utm_medium=rss&amp;utm_campaign=news_feed&amp;utm_content=related_content_link\" rel=\"nofollow noopener\" target=\"_blank\" data-ylk=\"slk:Loire-Atlantique\u00a0: L\u2019autopsie d\u2019une sexag\u00e9naire confirme l\u2019hypoth\u00e8se d\u2019un meurtre \u00ab\u00a0maquill\u00e9\u00a0\u00bb;elm:context_link;itc:0;sec:content-canvas\" class=\"link \">Loire-Atlantique\u00a0: L\u2019autopsie d\u2019une sexag\u00e9naire confirme l\u2019hypoth\u00e8se d\u2019un meurtre \u00ab\u00a0maquill\u00e9\u00a0\u00bb<\/a><\/p>\n","protected":false},"excerpt":{"rendered":"enquete &#8211; La justice s\u2019est demand\u00e9 si Aude de Thuin, 75 ans, n\u2019avait pas tu\u00e9 son mari avant&hellip;\n","protected":false},"author":2,"featured_media":382905,"comment_status":"","ping_status":"","sticky":false,"template":"","format":"standard","meta":{"footnotes":""},"categories":[1888],"tags":[20606,1111,1928,11,1927,51570,1777,674,1011,27,51571,51572,303,12,1926,626,1925,25],"class_list":{"0":"post-382904","1":"post","2":"type-post","3":"status-publish","4":"format-standard","5":"has-post-thumbnail","7":"category-paris","8":"tag-8e-arrondissement-de-paris","9":"tag-actu","10":"tag-actu-paris","11":"tag-actualites","12":"tag-actualites-paris","13":"tag-aude-de-thuin","14":"tag-eu","15":"tag-europe","16":"tag-fr","17":"tag-france","18":"tag-hubert-zieseniss","19":"tag-julien-roelens","20":"tag-justice","21":"tag-news","22":"tag-news-paris","23":"tag-paris","24":"tag-paris-news","25":"tag-republique-francaise"},"share_on_mastodon":{"url":"https:\/\/pubeurope.com\/@fr\/115185974409812981","error":""},"_links":{"self":[{"href":"https:\/\/www.europesays.com\/fr\/wp-json\/wp\/v2\/posts\/382904","targetHints":{"allow":["GET"]}}],"collection":[{"href":"https:\/\/www.europesays.com\/fr\/wp-json\/wp\/v2\/posts"}],"about":[{"href":"https:\/\/www.europesays.com\/fr\/wp-json\/wp\/v2\/types\/post"}],"author":[{"embeddable":true,"href":"https:\/\/www.europesays.com\/fr\/wp-json\/wp\/v2\/users\/2"}],"replies":[{"embeddable":true,"href":"https:\/\/www.europesays.com\/fr\/wp-json\/wp\/v2\/comments?post=382904"}],"version-history":[{"count":0,"href":"https:\/\/www.europesays.com\/fr\/wp-json\/wp\/v2\/posts\/382904\/revisions"}],"wp:featuredmedia":[{"embeddable":true,"href":"https:\/\/www.europesays.com\/fr\/wp-json\/wp\/v2\/media\/382905"}],"wp:attachment":[{"href":"https:\/\/www.europesays.com\/fr\/wp-json\/wp\/v2\/media?parent=382904"}],"wp:term":[{"taxonomy":"category","embeddable":true,"href":"https:\/\/www.europesays.com\/fr\/wp-json\/wp\/v2\/categories?post=382904"},{"taxonomy":"post_tag","embeddable":true,"href":"https:\/\/www.europesays.com\/fr\/wp-json\/wp\/v2\/tags?post=382904"}],"curies":[{"name":"wp","href":"https:\/\/api.w.org\/{rel}","templated":true}]}}