{"id":382914,"date":"2025-09-11T13:52:12","date_gmt":"2025-09-11T13:52:12","guid":{"rendered":"https:\/\/www.europesays.com\/fr\/382914\/"},"modified":"2025-09-11T13:52:12","modified_gmt":"2025-09-11T13:52:12","slug":"qui-est-peter-mandelson-prince-des-tenebres-et-ambassadeur-dechu-pour-ses-liens-avec-epstein","status":"publish","type":"post","link":"https:\/\/www.europesays.com\/fr\/382914\/","title":{"rendered":"Qui est Peter Mandelson, \u00ab\u00a0Prince des t\u00e9n\u00e8bres\u00a0\u00bb et ambassadeur d\u00e9chu pour ses liens avec Epstein\u00a0?"},"content":{"rendered":"<p>C\u2019est, pour le moins, un personnage controvers\u00e9. Ce jeudi, <a href=\"https:\/\/www.20minutes.fr\/justice\/4172352-20250910-affaire-epstein-ambassadeur-royaume-uni-washington-eclabousse-exhumation-courrier\" class=\"c-link c-link--is-underlined\" rel=\"nofollow noopener\" target=\"_blank\">Peter Mandelson<\/a>, ambassadeur britannique aux <a href=\"https:\/\/www.20minutes.fr\/monde\/etats-unis\/\" class=\"c-link c-link--is-underlined\" rel=\"nofollow noopener\" target=\"_blank\">Etats-Unis<\/a> a \u00e9t\u00e9 d\u00e9mis de ses fonctions apr\u00e8s avoir \u00e9t\u00e9 rattrap\u00e9 par <a href=\"https:\/\/www.20minutes.fr\/societe\/affaire-epstein\/\" class=\"c-link c-link--is-underlined\" rel=\"nofollow noopener\" target=\"_blank\">l\u2019affaire Epstein<\/a>. Un point noir dans le parcours de ce v\u00e9t\u00e9ran du parti travailliste dont les man\u0153uvres et fr\u00e9quentations avaient d\u00e9j\u00e0 entach\u00e9 la carri\u00e8re par le pass\u00e9.<\/p>\n<p>Pourtant, ce poste avait \u00e9t\u00e9 pr\u00e9sent\u00e9 par certains comme convenant parfaitement \u00e0 cet ancien ministre et commissaire europ\u00e9en, une figure incontournable de la <a href=\"https:\/\/www.20minutes.fr\/monde\/grande-bretagne\/\" class=\"c-link c-link--is-underlined\" rel=\"nofollow noopener\" target=\"_blank\">politique britannique<\/a> dans les ann\u00e9es\u00a01990 et\u00a02000.<\/p>\n<p>Seulement sept mois en poste<\/p>\n<p>A sa nomination, le Premier ministre britannique <a href=\"https:\/\/www.20minutes.fr\/monde\/keir-starmer\/\" class=\"c-link c-link--is-underlined\" rel=\"nofollow noopener\" target=\"_blank\">Keir Starmer<\/a> avait mis en avant l&rsquo;\u00ab\u00a0exp\u00e9rience in\u00e9gal\u00e9e\u00a0\u00bb de Peter Mandelson, qui devait permettre de \u00ab\u00a0renforcer encore le partenariat\u00a0\u00bb entre le Royaume-Uni et les Etats-Unis.<\/p>\n<\/p>\n<p>Son retour remarquable avait cependant suscit\u00e9 des interrogations \u00e0 cause de son parcours politique mouvement\u00e9. Ayant pris ses fonctions en f\u00e9vrier, il ne sera rest\u00e9 \u00e0 ce poste extr\u00eamement prestigieux que sept mois.<\/p>\n<p>\u00ab\u00a0Meilleur ami\u00a0\u00bb de Jeffrey Epstein<\/p>\n<p>Evinc\u00e9 \u00e0 71 ans, il est tomb\u00e9 en raison de ses liens avec le d\u00e9linquant sexuel Jeffrey Epstein, mort en prison en\u00a02019 avant d\u2019avoir \u00e9t\u00e9 jug\u00e9.<\/p>\n<p>Le financier am\u00e9ricain le qualifiait m\u00eame de \u00ab\u00a0meilleur ami\u00a0\u00bb en\u00a02003. En\u00a02008, Peter Mandelson avait envoy\u00e9 au financier am\u00e9ricain des mails de soutien alors que ce dernier \u00e9tait poursuivi en Floride pour trafic de mineures.<\/p>\n<p>Le dernier \u00e9v\u00e9nement est une chute infamante pour celui qui fut, dans les ann\u00e9es\u00a01990, l\u2019un des architectes du \u00ab\u00a0New Labour\u00a0\u00bb de centre gauche de <a href=\"https:\/\/www.20minutes.fr\/dossier\/tony_blair\" class=\"c-link c-link--is-underlined\" rel=\"nofollow noopener\" target=\"_blank\">Tony Blair<\/a>. Elu d\u00e9put\u00e9 pour la premi\u00e8re fois en\u00a01992, il a \u00e9t\u00e9 son directeur de campagne aux \u00e9lections de\u00a01997.<\/p>\n<p>\u00ab\u00a0Le prince des t\u00e9n\u00e8bres\u00a0\u00bb<\/p>\n<p>A l\u2019\u00e9poque, son influence est telle qu\u2019il est surnomm\u00e9 le \u00ab\u00a0Prince des t\u00e9n\u00e8bres\u00a0\u00bb.<\/p>\n<p>Mais d\u00e9j\u00e0, cet homme de r\u00e9seaux, parfois abrupt, est rattrap\u00e9 par ses fr\u00e9quentations. Il a d\u00fb \u00e0 deux reprises quitter des fonctions officielles.<\/p>\n<p>La premi\u00e8re fois en\u00a01998, alors ministre du commerce de Tony Blair, pour ne pas avoir d\u00e9clar\u00e9 un pr\u00eat immobilier obtenu d\u2019un coll\u00e8gue, et la deuxi\u00e8me fois, en\u00a02001, alors qu\u2019il est ministre pour l\u2019Irlande du Nord, apr\u00e8s avoir \u00e9t\u00e9 accus\u00e9 d\u2019avoir facilit\u00e9 la demande de passeport d\u2019un milliardaire indien, ce dont il sera finalement disculp\u00e9.<\/p>\n<p>R\u00e9\u00e9lu aux l\u00e9gislatives de\u00a02001, il d\u00e9clare dans son discours de victoire\u00a0: \u00ab\u00a0Ils m\u2019ont sous-estim\u00e9 parce que je suis un battant et que je n\u2019abandonne jamais\u00a0\u00bb. En\u00a02004, cet Europ\u00e9en convaincu devient commissaire europ\u00e9en au Commerce, succ\u00e9dant au Fran\u00e7ais Pascal Lamy.<\/p>\n<p>Les multiples rebonds d\u2019un fin connaisseur du commerce international<\/p>\n<p>Il a fait un retour surprise dans la politique britannique en\u00a02008 en devenant Lord puis en revenant au gouvernement en tant que ministre des Entreprises et de l\u2019Innovation de Gordon Brown en\u00a02009. Son vaste r\u00e9seau ne fait d\u00e9j\u00e0 pas l\u2019unanimit\u00e9\u00a0: la m\u00eame ann\u00e9e, il est critiqu\u00e9 pour ses liens avec un oligarque russe, Oleg Deripaska.<\/p>\n<p>En\u00a02016, il fait campagne pour rester dans l\u2019Europe. Quand le Brexit l\u2019emporte, il plaide pour un deuxi\u00e8me r\u00e9f\u00e9rendum.<\/p>\n<p>Avant d\u2019\u00eatre nomm\u00e9 \u00e0 <a href=\"https:\/\/www.20minutes.fr\/dossier\/washington\" class=\"c-link c-link--is-underlined\" rel=\"nofollow noopener\" target=\"_blank\">Washington<\/a>, il avait \u00e9t\u00e9 candidat au poste de chancelier de l\u2019universit\u00e9 d\u2019Oxford, o\u00f9 il a \u00e9tudi\u00e9, mais avait \u00e9t\u00e9 battu par l\u2019ancien dirigeant du parti conservateur William Hague.<\/p>\n<p><a href=\"https:\/\/www.20minutes.fr\/monde\/\" class=\"c-link c-btn c-btn--primary\" rel=\"nofollow noopener\" target=\"_blank\">Retrouvez ici toute l&rsquo;actualit\u00e9 internationale<\/a><\/p>\n<p>Sa connaissance approfondie du commerce international a probablement jou\u00e9 un r\u00f4le important dans la d\u00e9cision du Premier ministre Keir Starmer de le nommer ambassadeur, compte tenu de la volont\u00e9 du pr\u00e9sident am\u00e9ricain Donald Trump d\u2019imposer des droits de douane sur les produits import\u00e9s. Le Royaume-Uni a \u00e9t\u00e9 mieux trait\u00e9 que d\u2019autres pays, avec des taxes douani\u00e8res de 10\u00a0% sur la plupart des produits.<\/p>\n<p>Si en\u00a02018, Peter Mandelson avait qualifi\u00e9 Donald Trump de \u00ab\u00a0tyran\u00a0\u00bb, il avait r\u00e9ussi \u00e0 charmer le pr\u00e9sident am\u00e9ricain, avec lequel il a r\u00e9guli\u00e8rement pos\u00e9 dans le bureau ovale. Et les relations bilat\u00e9rales sont au beau fixe. Donald Trump est attendu les 17 et 18\u00a0septembre au Royaume-Uni pour sa seconde visite d\u2019Etat dans le pays.<\/p>\n","protected":false},"excerpt":{"rendered":"C\u2019est, pour le moins, un personnage controvers\u00e9. Ce jeudi, Peter Mandelson, ambassadeur britannique aux Etats-Unis a \u00e9t\u00e9 d\u00e9mis&hellip;\n","protected":false},"author":2,"featured_media":382915,"comment_status":"","ping_status":"","sticky":false,"template":"","format":"standard","meta":{"footnotes":""},"categories":[1588],"tags":[47,11,14751,1903,1353,75,73,1777,674,5072,74,12,473,1853,51573,1851,1850,1852,2744],"class_list":{"0":"post-382914","1":"post","2":"type-post","3":"status-publish","4":"format-standard","5":"has-post-thumbnail","7":"category-royaume-uni","8":"tag-actualite","9":"tag-actualites","10":"tag-affaire-epstein","11":"tag-ambassadeur","12":"tag-brexit","13":"tag-donald-trump","14":"tag-etats-unis","15":"tag-eu","16":"tag-europe","17":"tag-grande-bretagne","18":"tag-monde","19":"tag-news","20":"tag-royaume-uni","21":"tag-royaume-uni-de-grande-bretagne-et-dirlande-du-nord","22":"tag-tony-blair","23":"tag-uk","24":"tag-united-kingdom","25":"tag-united-kingdom-of-great-britain-and-northern-ireland","26":"tag-washington"},"share_on_mastodon":{"url":"https:\/\/pubeurope.com\/@fr\/115185998062097866","error":""},"_links":{"self":[{"href":"https:\/\/www.europesays.com\/fr\/wp-json\/wp\/v2\/posts\/382914","targetHints":{"allow":["GET"]}}],"collection":[{"href":"https:\/\/www.europesays.com\/fr\/wp-json\/wp\/v2\/posts"}],"about":[{"href":"https:\/\/www.europesays.com\/fr\/wp-json\/wp\/v2\/types\/post"}],"author":[{"embeddable":true,"href":"https:\/\/www.europesays.com\/fr\/wp-json\/wp\/v2\/users\/2"}],"replies":[{"embeddable":true,"href":"https:\/\/www.europesays.com\/fr\/wp-json\/wp\/v2\/comments?post=382914"}],"version-history":[{"count":0,"href":"https:\/\/www.europesays.com\/fr\/wp-json\/wp\/v2\/posts\/382914\/revisions"}],"wp:featuredmedia":[{"embeddable":true,"href":"https:\/\/www.europesays.com\/fr\/wp-json\/wp\/v2\/media\/382915"}],"wp:attachment":[{"href":"https:\/\/www.europesays.com\/fr\/wp-json\/wp\/v2\/media?parent=382914"}],"wp:term":[{"taxonomy":"category","embeddable":true,"href":"https:\/\/www.europesays.com\/fr\/wp-json\/wp\/v2\/categories?post=382914"},{"taxonomy":"post_tag","embeddable":true,"href":"https:\/\/www.europesays.com\/fr\/wp-json\/wp\/v2\/tags?post=382914"}],"curies":[{"name":"wp","href":"https:\/\/api.w.org\/{rel}","templated":true}]}}