{"id":382916,"date":"2025-09-11T13:53:15","date_gmt":"2025-09-11T13:53:15","guid":{"rendered":"https:\/\/www.europesays.com\/fr\/382916\/"},"modified":"2025-09-11T13:53:15","modified_gmt":"2025-09-11T13:53:15","slug":"lenquete-visant-un-depute-allemand-dextreme-droite-saccelere","status":"publish","type":"post","link":"https:\/\/www.europesays.com\/fr\/382916\/","title":{"rendered":"l&rsquo;enqu\u00eate visant un d\u00e9put\u00e9 allemand d&rsquo;extr\u00eame droite s&rsquo;acc\u00e9l\u00e8re"},"content":{"rendered":"<p>Ag\u00e9 de 48 ans, ce membre de l&rsquo;aile radicale de l&rsquo;Alternative pour l&rsquo;Allemagne (AfD), le principal parti d&rsquo;opposition au Bundestag, connu pour ses d\u00e9clarations sulfureuses et ses liens pr\u00e9sum\u00e9s avec Moscou et P\u00e9kin, a d\u00e9nonc\u00e9 des accusations \u00ab\u00a0absurdes\u00a0\u00bb et une \u00ab\u00a0tentative d&rsquo;intimidation\u00a0\u00bb.<\/p>\n<p>L&rsquo;acc\u00e9l\u00e9ration de l&rsquo;enqu\u00eate survient en plein proc\u00e8s de son ex-collaborateur au Parlement europ\u00e9en, accus\u00e9 d&rsquo;espionnage au profit de la Chine. Appel\u00e9 \u00e0 t\u00e9moigner le 3 septembre devant le tribunal \u00e0 Dresde, Maximilan Krah avait assur\u00e9 avoir appris par voie de presse les soup\u00e7ons d&rsquo;espionnage pesant contre son assistant.<\/p>\n<p>Jeudi matin, la pr\u00e9sidente du Bundestag, Julia Kl\u00f6ckner, a interrompu un d\u00e9bat en s\u00e9ance pl\u00e9ni\u00e8re pour faire voter en urgence la lev\u00e9e de l&rsquo;immunit\u00e9 parlementaire de l&rsquo;\u00e9lu.<\/p>\n<p>Ceci a permis les perquisitions de jeudi, voulues par le parquet de Dresde, dans les locaux professionnels et personnels du suspect.<\/p>\n<p>Contact\u00e9 par l&rsquo;AFP, le parquet a fait \u00e9tat de perquisitions dans \u00ab\u00a0des bureaux du suspect au Bundestag \u00e0 Berlin, ainsi que des locaux r\u00e9sidentiels et commerciaux \u00e0 Dresde, et, avec le soutien d&rsquo;Eurojust (une agence de coop\u00e9ration judiciaire europ\u00e9enne, ndlr) et de la justice belge, \u00e0 Bruxelles\u00a0\u00bb.<\/p>\n<p>Le parquet a aussi confirm\u00e9 que l&rsquo;enqu\u00eate ouverte d\u00e9but mai contre M. Krah visait des sommes per\u00e7ues alors qu&rsquo;il \u00e9tait d\u00e9put\u00e9 europ\u00e9en.<\/p>\n<p><img alt=\"Jian Guo (2e g), ancien assistant du d\u00e9put\u00e9 allemand d'extr\u00eame droite Maximilian Krah, arrive au tribunal pour un proc\u00e8s d'espionnage \u00e0 Dresde, dans l'est de l'Allemagne, le 5 ao\u00fbt 2025\" loading=\"lazy\" decoding=\"async\" data-nimg=\"fill\" class=\" TwicCore_img__i9TC1 undefined  undefined\" style=\"position:absolute;height:100%;width:100%;left:0;top:0;right:0;bottom:0;color:transparent;background-size:cover;background-position:50% 50%;background-repeat:no-repeat;background-image:url(&quot;data:image\/svg+xml;charset=utf-8,%3Csvg xmlns='http:\/\/www.w3.org\/2000\/svg' %3E%3Cfilter id='b' color-interpolation-filters='sRGB'%3E%3CfeGaussianBlur stdDeviation='20'\/%3E%3CfeColorMatrix values='1 0 0 0 0 0 1 0 0 0 0 0 1 0 0 0 0 0 100 -1' result='s'\/%3E%3CfeFlood x='0' y='0' width='100%25' height='100%25'\/%3E%3CfeComposite operator='out' in='s'\/%3E%3CfeComposite in2='SourceGraphic'\/%3E%3CfeGaussianBlur stdDeviation='20'\/%3E%3C\/filter%3E%3Cimage width='100%25' height='100%25' x='0' y='0' preserveAspectRatio='none' style='filter: url(%23b);' href='https:\/\/pictures.laprovence.com\/cdn-cgi\/image\/blur=250\/media\/afp\/76fdd444685e72e627391fea35e5103a0c9e6a1a.jpg'\/%3E%3C\/svg%3E&quot;)\"   src=\"https:\/\/www.europesays.com\/fr\/wp-content\/uploads\/2025\/09\/76fdd444685e72e627391fea35e5103a0c9e6a1a.jpg\"\/>Jian Guo (2e g), ancien assistant du d\u00e9put\u00e9 allemand d&rsquo;extr\u00eame droite Maximilian Krah, arrive au tribunal pour un proc\u00e8s d&rsquo;espionnage \u00e0 Dresde, dans l&rsquo;est de l&rsquo;Allemagne, le 5 ao\u00fbt 2025 PHOTO AFP \/ MATTHIAS RIETSCHEL<\/p>\n<p>Ces soup\u00e7ons de corruption et de blanchiment d&rsquo;argent sont \u00ab\u00a0en lien avec des versements en provenance de Chine\u00a0\u00bb, a aussi indiqu\u00e9 le parquet de Dresde \u00e0 l&rsquo;AFP.<\/p>\n<p>Selon le Spiegel, l&rsquo;\u00e9lu allemand aurait re\u00e7u entre 2019 et 2023 plus de 50.000 euros de fonds venus de Chine, \u00e9manant de soci\u00e9t\u00e9s proches de son ex-collaborateur, celui jug\u00e9 \u00e0 Dresde.<\/p>\n<p>Au proc\u00e8s, lorsqu&rsquo;on a demand\u00e9 \u00e0 M. Krah pourquoi avoir recrut\u00e9 l&rsquo;accus\u00e9, le d\u00e9put\u00e9 a mis en avant les comp\u00e9tences linguistiques et les \u00ab\u00a0connaissances pratiques\u00a0\u00bb de Jian Guo, li\u00e9es \u00e0 sa soci\u00e9t\u00e9 d&rsquo;import-export, qu&rsquo;il avait pr\u00e9c\u00e9demment repr\u00e9sent\u00e9e en tant qu&rsquo;avocat. Selon l&rsquo;accusation, Jian Guo, de nationalit\u00e9 allemande, aurait \u00e9galement livr\u00e9 \u00e0 P\u00e9kin des informations d&rsquo;ordre militaire gr\u00e2ce notamment \u00e0 une complice pr\u00e9sum\u00e9e, jug\u00e9e avec lui \u00e0 Dresde.<\/p>\n<p>&#8211; Habitu\u00e9 des d\u00e9rapages &#8211;<\/p>\n<p>Maximilian Krah a abandonn\u00e9 son mandat de d\u00e9put\u00e9 europ\u00e9en apr\u00e8s avoir \u00e9t\u00e9 \u00e9lu d\u00e9put\u00e9 de Chemnitz, en Saxe, bastion de l&rsquo;AfD dans l&rsquo;ex-RDA, lors des derni\u00e8res l\u00e9gislatives de f\u00e9vrier 2025.<\/p>\n<p>L&rsquo;arrestation, en avril 2024, de Jian Guo avait fait grand bruit, car M. Krah \u00e9tait alors la t\u00eate de liste de l&rsquo;AfD pour les \u00e9lections europ\u00e9ennes.<\/p>\n<p>Pendant la m\u00eame campagne, il avait fait scandale en estimant qu&rsquo;un SS n&rsquo;\u00e9tait \u00ab\u00a0pas automatiquement un criminel\u00a0\u00bb, ce qui avait conduit \u00e0 une rupture au Parlement europ\u00e9en avec le parti d&rsquo;extr\u00eame droite fran\u00e7ais Rassemblement national.<\/p>\n<p>Habitu\u00e9 des d\u00e9rapages, l&rsquo;avocat avait ensuite \u00e9t\u00e9 banni des instances dirigeantes de l&rsquo;AfD.<\/p>\n<p><img alt=\"Alice Weidel, co-leader du parti d'extr\u00eame droite allemand AfD,le 20 juillet 2025 \u00e0 Berlin\" loading=\"lazy\" decoding=\"async\" data-nimg=\"fill\" class=\" TwicCore_img__i9TC1 undefined  undefined\" style=\"position:absolute;height:100%;width:100%;left:0;top:0;right:0;bottom:0;color:transparent;background-size:cover;background-position:50% 50%;background-repeat:no-repeat;background-image:url(&quot;data:image\/svg+xml;charset=utf-8,%3Csvg xmlns='http:\/\/www.w3.org\/2000\/svg' %3E%3Cfilter id='b' color-interpolation-filters='sRGB'%3E%3CfeGaussianBlur stdDeviation='20'\/%3E%3CfeColorMatrix values='1 0 0 0 0 0 1 0 0 0 0 0 1 0 0 0 0 0 100 -1' result='s'\/%3E%3CfeFlood x='0' y='0' width='100%25' height='100%25'\/%3E%3CfeComposite operator='out' in='s'\/%3E%3CfeComposite in2='SourceGraphic'\/%3E%3CfeGaussianBlur stdDeviation='20'\/%3E%3C\/filter%3E%3Cimage width='100%25' height='100%25' x='0' y='0' preserveAspectRatio='none' style='filter: url(%23b);' href='https:\/\/pictures.laprovence.com\/cdn-cgi\/image\/blur=250\/media\/afp\/cb438f40e52f44875a0ccb1a1e99430d6b2a7a34.jpg'\/%3E%3C\/svg%3E&quot;)\"   src=\"https:\/\/www.europesays.com\/fr\/wp-content\/uploads\/2025\/09\/cb438f40e52f44875a0ccb1a1e99430d6b2a7a34.jpg\"\/>Alice Weidel, co-leader du parti d&rsquo;extr\u00eame droite allemand AfD,le 20 juillet 2025 \u00e0 Berlin PHOTO AFP \/ Odd ANDERSEN<\/p>\n<p>Jeudi, le parti a sembl\u00e9 prendre ses distances. Dans un communiqu\u00e9 succinct, il a r\u00e9clam\u00e9 une enqu\u00eate transparente et rapide, et n&rsquo;a pas apport\u00e9 de soutien explicite \u00e0 son \u00e9lu. <\/p>\n<p>\u00ab\u00a0La lev\u00e9e de l&rsquo;immunit\u00e9 et en particulier la perquisition des bureaux et des espaces priv\u00e9s de M. Krah sont des \u00e9v\u00e9nements graves\u00a0\u00bb, ont d\u00e9clar\u00e9 les chefs de la formation, Alice Weidel et Tino Chrupalla.<\/p>\n<p>Depuis son score record aux l\u00e9gislatives (20%), le parti anti-immigration est la principale force d&rsquo;opposition \u00e0 la coalition men\u00e9e par le conservateur Friedrich Merz.<\/p>\n","protected":false},"excerpt":{"rendered":"Ag\u00e9 de 48 ans, ce membre de l&rsquo;aile radicale de l&rsquo;Alternative pour l&rsquo;Allemagne (AfD), le principal parti d&rsquo;opposition&hellip;\n","protected":false},"author":2,"featured_media":382917,"comment_status":"","ping_status":"","sticky":false,"template":"","format":"standard","meta":{"footnotes":""},"categories":[1587],"tags":[17,11,672,3396,1804,309,1770,1805,422,1803,1777,674,329,1801,51574,4415,12,1802,16307],"class_list":{"0":"post-382916","1":"post","2":"type-post","3":"status-publish","4":"format-standard","5":"has-post-thumbnail","7":"category-allemagne","8":"tag-17","9":"tag-actualites","10":"tag-allemagne","11":"tag-avec","12":"tag-bundesrepublik-deutschland","13":"tag-chine","14":"tag-corruption","15":"tag-de","16":"tag-depute","17":"tag-deutschland","18":"tag-eu","19":"tag-europe","20":"tag-france-monde","21":"tag-germany","22":"tag-lenquete","23":"tag-lien","24":"tag-news","25":"tag-republique-federale-dallemagne","26":"tag-visant"},"share_on_mastodon":{"url":"https:\/\/pubeurope.com\/@fr\/115186002951460742","error":""},"_links":{"self":[{"href":"https:\/\/www.europesays.com\/fr\/wp-json\/wp\/v2\/posts\/382916","targetHints":{"allow":["GET"]}}],"collection":[{"href":"https:\/\/www.europesays.com\/fr\/wp-json\/wp\/v2\/posts"}],"about":[{"href":"https:\/\/www.europesays.com\/fr\/wp-json\/wp\/v2\/types\/post"}],"author":[{"embeddable":true,"href":"https:\/\/www.europesays.com\/fr\/wp-json\/wp\/v2\/users\/2"}],"replies":[{"embeddable":true,"href":"https:\/\/www.europesays.com\/fr\/wp-json\/wp\/v2\/comments?post=382916"}],"version-history":[{"count":0,"href":"https:\/\/www.europesays.com\/fr\/wp-json\/wp\/v2\/posts\/382916\/revisions"}],"wp:featuredmedia":[{"embeddable":true,"href":"https:\/\/www.europesays.com\/fr\/wp-json\/wp\/v2\/media\/382917"}],"wp:attachment":[{"href":"https:\/\/www.europesays.com\/fr\/wp-json\/wp\/v2\/media?parent=382916"}],"wp:term":[{"taxonomy":"category","embeddable":true,"href":"https:\/\/www.europesays.com\/fr\/wp-json\/wp\/v2\/categories?post=382916"},{"taxonomy":"post_tag","embeddable":true,"href":"https:\/\/www.europesays.com\/fr\/wp-json\/wp\/v2\/tags?post=382916"}],"curies":[{"name":"wp","href":"https:\/\/api.w.org\/{rel}","templated":true}]}}