{"id":382920,"date":"2025-09-11T13:55:13","date_gmt":"2025-09-11T13:55:13","guid":{"rendered":"https:\/\/www.europesays.com\/fr\/382920\/"},"modified":"2025-09-11T13:55:13","modified_gmt":"2025-09-11T13:55:13","slug":"bruxelles-conforte-le-nucleaire-et-le-gaz-dans-la-taxonomie","status":"publish","type":"post","link":"https:\/\/www.europesays.com\/fr\/382920\/","title":{"rendered":"Bruxelles conforte le nucl\u00e9aire et le gaz dans la taxonomie"},"content":{"rendered":"<p>La r\u00e9cente d\u00e9cision de la Cour de justice de l\u2019Union europ\u00e9enne (CJUE) du 10 septembre 2025, validant l\u2019inclusion du nucl\u00e9aire et du gaz fossile dans la taxonomie verte, a des implications directes pour les entreprises qui int\u00e8grent la RSE dans leur strat\u00e9gie.<\/p>\n<p>L\u2019impact sur les strat\u00e9gies d\u2019investissement RSE des entreprises<\/p>\n<p>Depuis l\u2019introduction de la taxonomie verte en 2020,<strong> l\u2019Union europ\u00e9enne cherche \u00e0 canaliser les investissements vers des projets jug\u00e9s \u00ab durables \u00bb pour atteindre la neutralit\u00e9 carbone d\u2019ici 2050. <\/strong>La d\u00e9cision du Tribunal de l\u2019Union europ\u00e9enne du 10 septembre 2025, rejetant le recours de l\u2019Autriche contre l\u2019inclusion du nucl\u00e9aire et du gaz fossile dans cette taxonomie, repr\u00e9sente un tournant majeur pour les strat\u00e9gies RSE des entreprises.<\/p>\n<p>En tant qu\u2019outil central de la finance durable, la taxonomie verte d\u00e9termine quel type d\u2019activit\u00e9s \u00e9conomiques peut \u00eatre consid\u00e9r\u00e9 comme respectueux de l\u2019environnement. Pour les entreprises, \u00eatre en conformit\u00e9 avec cette taxonomie est crucial pour attirer des financements et renforcer leur r\u00e9putation en mati\u00e8re de d\u00e9veloppement durable. La validation de la Commission europ\u00e9enne par la <a href=\"https:\/\/curia.europa.eu\/juris\/documents.jsf?num=T-625\/22\" target=\"_blank\" rel=\"noopener nofollow\">CJUE<\/a> permet aux entreprises de voir le nucl\u00e9aire et le gaz fossile sous un jour plus favorable dans leurs projets d\u2019investissement, en particulier pour les acteurs de l\u2019\u00e9nergie et les institutions financi\u00e8res qui souhaitent afficher une d\u00e9marche \u00e9co-responsable.<\/p>\n<p>Une ouverture pour les secteurs du nucl\u00e9aire et du gaz fossile<\/p>\n<p>La d\u00e9cision de la CJUE est particuli\u00e8rement importante pour les secteurs de l\u2019\u00e9nergie et des infrastructures. <strong>Le nucl\u00e9aire et le gaz, d\u00e9sormais \u00e9ligibles \u00e0 la classification \u00ab verte \u00bb de la taxonomie, seront per\u00e7us par de nombreux investisseurs comme des solutions l\u00e9gitimes pour atteindre des objectifs climatiques \u00e0 court et moyen terme.<\/strong><\/p>\n<p>Pour les entreprises ayant une forte composante \u00e9nerg\u00e9tique, telles que celles op\u00e9rant dans le secteur de la production d\u2019\u00e9lectricit\u00e9 ou dans les projets d\u2019infrastructure, cette nouvelle donne permet de red\u00e9finir leurs engagements RSE. Par exemple, des entreprises sp\u00e9cialis\u00e9es dans le nucl\u00e9aire pourraient d\u00e9sormais argumenter que leurs projets sont compatibles avec les objectifs climatiques de l\u2019UE, ce qui est un argument de poids pour lever des fonds aupr\u00e8s d\u2019investisseurs cherchant \u00e0 allier performance financi\u00e8re et impact environnemental.<\/p>\n<p>La validation de la Commission pourrait \u00e9galement influencer les entreprises gazi\u00e8res, qui utiliseront d\u00e9sormais la classification verte pour justifier leurs investissements dans des projets de transition \u00e9nerg\u00e9tique, avec la promesse d\u2019une r\u00e9duction progressive de l\u2019empreinte carbone. Ces projets seront d\u00e9sormais per\u00e7us comme des investissements compatibles avec une strat\u00e9gie RSE ambitieuse, \u00e0 condition que les \u00e9missions de gaz \u00e0 effet de serre soient r\u00e9duites selon des crit\u00e8res stricts.<\/p>\n<p>Une nouvelle fronti\u00e8re pour la communication RSE des entreprises<\/p>\n<p>Avec l\u2019int\u00e9gration du nucl\u00e9aire et du gaz dans la taxonomie verte, les entreprises devront adapter leur communication RSE pour mettre en valeur leur conformit\u00e9 \u00e0 ces nouvelles directives. Le risque de greenwashing, o\u00f9 les entreprises affichent de fausses pr\u00e9tentions \u00e9cologiques pour attirer les consommateurs ou investisseurs, devient une r\u00e9alit\u00e9 plus complexe. En effet, avec cette nouvelle classification, il sera crucial pour les entreprises de fournir des preuves claires que leurs activit\u00e9s dans le nucl\u00e9aire et le gaz respectent non seulement les crit\u00e8res environnementaux de la taxonomie, mais qu\u2019elles font \u00e9galement partie d\u2019une strat\u00e9gie globale de transition \u00e9nerg\u00e9tique.<\/p>\n<p>Les entreprises devront d\u00e9montrer leur capacit\u00e9 \u00e0 r\u00e9pondre aux enjeux climatiques en prenant des engagements cr\u00e9dibles, tant sur la r\u00e9duction des \u00e9missions de gaz \u00e0 effet de serre que sur le recours aux \u00e9nergies renouvelables dans le cadre de leurs op\u00e9rations. Cette d\u00e9marche de transparence sera essentielle pour maintenir la confiance des consommateurs et des parties prenantes, qui sont de plus en plus exigeants en mati\u00e8re de d\u00e9veloppement durable.<\/p>\n","protected":false},"excerpt":{"rendered":"La r\u00e9cente d\u00e9cision de la Cour de justice de l\u2019Union europ\u00e9enne (CJUE) du 10 septembre 2025, validant l\u2019inclusion&hellip;\n","protected":false},"author":2,"featured_media":382921,"comment_status":"","ping_status":"","sticky":false,"template":"","format":"standard","meta":{"footnotes":""},"categories":[1586],"tags":[11,1777,674,1779,1011,27,12,25,1778,364],"class_list":{"0":"post-382920","1":"post","2":"type-post","3":"status-publish","4":"format-standard","5":"has-post-thumbnail","7":"category-europe","8":"tag-actualites","9":"tag-eu","10":"tag-europe","11":"tag-european-union","12":"tag-fr","13":"tag-france","14":"tag-news","15":"tag-republique-francaise","16":"tag-ue","17":"tag-union-europeenne"},"share_on_mastodon":{"url":"https:\/\/pubeurope.com\/@fr\/115186009951435515","error":""},"_links":{"self":[{"href":"https:\/\/www.europesays.com\/fr\/wp-json\/wp\/v2\/posts\/382920","targetHints":{"allow":["GET"]}}],"collection":[{"href":"https:\/\/www.europesays.com\/fr\/wp-json\/wp\/v2\/posts"}],"about":[{"href":"https:\/\/www.europesays.com\/fr\/wp-json\/wp\/v2\/types\/post"}],"author":[{"embeddable":true,"href":"https:\/\/www.europesays.com\/fr\/wp-json\/wp\/v2\/users\/2"}],"replies":[{"embeddable":true,"href":"https:\/\/www.europesays.com\/fr\/wp-json\/wp\/v2\/comments?post=382920"}],"version-history":[{"count":0,"href":"https:\/\/www.europesays.com\/fr\/wp-json\/wp\/v2\/posts\/382920\/revisions"}],"wp:featuredmedia":[{"embeddable":true,"href":"https:\/\/www.europesays.com\/fr\/wp-json\/wp\/v2\/media\/382921"}],"wp:attachment":[{"href":"https:\/\/www.europesays.com\/fr\/wp-json\/wp\/v2\/media?parent=382920"}],"wp:term":[{"taxonomy":"category","embeddable":true,"href":"https:\/\/www.europesays.com\/fr\/wp-json\/wp\/v2\/categories?post=382920"},{"taxonomy":"post_tag","embeddable":true,"href":"https:\/\/www.europesays.com\/fr\/wp-json\/wp\/v2\/tags?post=382920"}],"curies":[{"name":"wp","href":"https:\/\/api.w.org\/{rel}","templated":true}]}}