{"id":382922,"date":"2025-09-11T13:56:17","date_gmt":"2025-09-11T13:56:17","guid":{"rendered":"https:\/\/www.europesays.com\/fr\/382922\/"},"modified":"2025-09-11T13:56:17","modified_gmt":"2025-09-11T13:56:17","slug":"bloquons-tout-en-pyrenees-atlantiques-une-haine-anti-flics-denonce-le-syndicat-de-police-alliance-sud-ouest","status":"publish","type":"post","link":"https:\/\/www.europesays.com\/fr\/382922\/","title":{"rendered":"\u00ab Bloquons tout \u00bb en Pyr\u00e9n\u00e9es-Atlantiques : \u00ab Une haine anti-flics \u00bb, d\u00e9nonce le syndicat de police Alliance &#8211; Sud Ouest"},"content":{"rendered":"<ol>\n<li><a href=\"https:\/\/news.google.com\/rss\/articles\/CBMi7AFBVV95cUxPcVQyOF95eEcxUmUxbU5wM1Q3SF96aW5RcjNSVjFzSF8wdzR1R1pCRWluUE9MZWVEbVRCZVVjc0FQVUZjenJPdnZ6RVREWjNoN1V3UE91bVg5bzZzMzFjR3dtM0JhcEMzN1lVZTFubjRxZ2tiZmlCYUVxUEpkRXBEZ0ZnbWhDTlctbUQ1RDBZQWxrc1hhYWFQaG5OeHlVSk9UamJneEROcUxTT1p6VVhQVTMzdGFucThtaWlNcHJud0ZCeUI2bzdPb2ZxX21NMTFUeUloeTktZUlHOVQ5TmpmT0hwdmM5NzE3S3ZjVg?oc=5\" target=\"_blank\" rel=\"nofollow noopener\">\u00ab Bloquons tout \u00bb en Pyr\u00e9n\u00e9es-Atlantiques : \u00ab Une haine anti-flics \u00bb, d\u00e9nonce le syndicat de police Alliance<\/a>&nbsp;&nbsp;Sud Ouest<\/li>\n<li><a href=\"https:\/\/news.google.com\/rss\/articles\/CBMi0gFBVV95cUxNRXJZa2taN1hoNndacE9LcG9YVUVXNlNmd25hSzRqYWFub0xvYWF6Y0NmeDU4dUVzeEs3TmNlbXZxX3JDeEpyN1B0QktjUHJVQjdmT1M4Q3dFOEJVVFRrLThOTW5ZclpFVWhZMXVlMm5mRXRkNVVOV29kYndSQUx5Vy1Yc0dHZUw4UVpRa01maWZLTnVKdFhydDZWemRkdWNCN2NWMkRpN19ZaThaOFpGSkM0MEp3amNaS0JjYnJqRHBhVjlRejQxREVqNTNpX0Nlenc?oc=5\" target=\"_blank\" rel=\"nofollow noopener\">\u00ab\u00a0La France Insoumise a compl\u00e8tement noyaut\u00e9 les groupes\u00a0\u00bb : \u00e0 Toulouse, la mobilisation n&rsquo;a pas pris non plus<\/a>&nbsp;&nbsp;Marianne<\/li>\n<li><a href=\"https:\/\/news.google.com\/rss\/articles\/CBMigAJBVV95cUxNdE1hWnJUalgwMlloeWdrQ0dUTTNmX1dpTXBVS01fUVZFaGxQVTh1ay1KekpseW1SVGRxVGtjSjVwRlhKSkxOb0h5bFp5TW11bFpfYS1GWl9PdjV2dWxXbG5KYlBreERySXNTSWw2YlYyTGVqTnpRcGZRMUo5YzNqa1Y1TjFReU1BMHFfN2dYcUtvSm9LY19VLUVndFZMejJOWDFGUmVZM1lzS3YtbEhTWHNNWVJEeDFnVzNHQ2ZsSTU5a3F3RmF2d2xNdXJQSG8tU3hWTEJ6aTJkUDFySk9QRy1iQzZsV2I3Mm1NQnd1bll0bk9FQ2dON3p5bldndU43?oc=5\" target=\"_blank\" rel=\"nofollow noopener\">\u00ab Bloquons tout \u00bb : apr\u00e8s la mobilisation du 10 septembre, quelle suite pour le mouvement \u00e0 Foug\u00e8res<\/a>&nbsp;&nbsp;Ouest-France<\/li>\n<li><a href=\"https:\/\/news.google.com\/rss\/articles\/CBMiuAJBVV95cUxOd01VOTh0a2k3VWVVaXFTZWhyUlFDcUdsU193TUNLQzc1M1N1ZFpuamp4emZrSmczNXdQNU9lWFpLSW0tNmt0VkJwZVcxVlJrby1yRzNzbG1XUk50VkpyZHBxUjJLdzhZWm91UnlTNVNTbGZNVHI5TXktQ2UzbGZOdDRQaTdPVjFuYjhHLVNkVm5fM3pidzJvOVlRb05PT2ZHcl9WWVltcEFPWmliUUxfMHQ0MWVKTWZjQ2VMV0MwWXg2VTRqTHRVTjJKamhOVzEwc3Y2RFFEMDh1bDBtODVwSUR6b2lSNm1pejhEd2paY3JaQ1FZaFF5TU5UNlNtZ0ZwOWZpM091T0tzVklacFRkbTVmZU54YUhUN3JkUTNvQjJOelJxSFhPTE5XcUhnV1psMDcwaXN2S1k?oc=5\" target=\"_blank\" rel=\"nofollow noopener\">S\u00e9bastien Lecornu premier ministre : revivez les premi\u00e8res consultations et le mouvement du 10 septembre<\/a>&nbsp;&nbsp;Le Monde.fr<\/li>\n<li><a href=\"https:\/\/news.google.com\/rss\/articles\/CBMilAFBVV95cUxNUVlQTG4yWFlQLUNiU1ZVUVBPTWZnVjM3UUtvYzk4RjRlTDZWUk56RFRtTzZBWnRqbVJVbnBONzFLT1ExbG9uckxjVmFhSWl5Y2xXX1FyRG5aNkIzcjdnMmJnQUY5N3pGSExmbFhTZUlqOHZYSGdIajUtaXNsNXdDMk1BR3VyNi05S0FlNkpjRW9BNGc4?oc=5\" target=\"_blank\" rel=\"nofollow noopener\">Des urnes \u00e0 la rue : Macron contre le peuple<\/a>&nbsp;&nbsp;Mediapart<\/li>\n<\/ol>\n","protected":false},"excerpt":{"rendered":"\u00ab Bloquons tout \u00bb en Pyr\u00e9n\u00e9es-Atlantiques : \u00ab Une haine anti-flics \u00bb, d\u00e9nonce le syndicat de police Alliance&nbsp;&nbsp;Sud&hellip;\n","protected":false},"author":2,"featured_media":382923,"comment_status":"","ping_status":"","sticky":false,"template":"","format":"standard","meta":{"footnotes":""},"categories":[2],"tags":[11,1011,27,12,25],"class_list":{"0":"post-382922","1":"post","2":"type-post","3":"status-publish","4":"format-standard","5":"has-post-thumbnail","7":"category-actualites","8":"tag-actualites","9":"tag-fr","10":"tag-france","11":"tag-news","12":"tag-republique-francaise"},"share_on_mastodon":{"url":"https:\/\/pubeurope.com\/@fr\/115186013704579183","error":""},"_links":{"self":[{"href":"https:\/\/www.europesays.com\/fr\/wp-json\/wp\/v2\/posts\/382922","targetHints":{"allow":["GET"]}}],"collection":[{"href":"https:\/\/www.europesays.com\/fr\/wp-json\/wp\/v2\/posts"}],"about":[{"href":"https:\/\/www.europesays.com\/fr\/wp-json\/wp\/v2\/types\/post"}],"author":[{"embeddable":true,"href":"https:\/\/www.europesays.com\/fr\/wp-json\/wp\/v2\/users\/2"}],"replies":[{"embeddable":true,"href":"https:\/\/www.europesays.com\/fr\/wp-json\/wp\/v2\/comments?post=382922"}],"version-history":[{"count":0,"href":"https:\/\/www.europesays.com\/fr\/wp-json\/wp\/v2\/posts\/382922\/revisions"}],"wp:featuredmedia":[{"embeddable":true,"href":"https:\/\/www.europesays.com\/fr\/wp-json\/wp\/v2\/media\/382923"}],"wp:attachment":[{"href":"https:\/\/www.europesays.com\/fr\/wp-json\/wp\/v2\/media?parent=382922"}],"wp:term":[{"taxonomy":"category","embeddable":true,"href":"https:\/\/www.europesays.com\/fr\/wp-json\/wp\/v2\/categories?post=382922"},{"taxonomy":"post_tag","embeddable":true,"href":"https:\/\/www.europesays.com\/fr\/wp-json\/wp\/v2\/tags?post=382922"}],"curies":[{"name":"wp","href":"https:\/\/api.w.org\/{rel}","templated":true}]}}