{"id":382924,"date":"2025-09-11T13:57:21","date_gmt":"2025-09-11T13:57:21","guid":{"rendered":"https:\/\/www.europesays.com\/fr\/382924\/"},"modified":"2025-09-11T13:57:21","modified_gmt":"2025-09-11T13:57:21","slug":"le-suspect-a-avoue-avoir-tue-lucienne-thabuis","status":"publish","type":"post","link":"https:\/\/www.europesays.com\/fr\/382924\/","title":{"rendered":"le suspect a avou\u00e9 avoir tu\u00e9 Lucienne Thabuis"},"content":{"rendered":"<p>Comme nous l\u2019annoncions hier lors de nos r\u00e9v\u00e9lations relatives \u00e0 la <a href=\"https:\/\/www.ledauphine.com\/faits-divers-justice\/2025\/09\/10\/un-corps-emballe-dans-un-sac-retrouve-au-bord-d-une-route-dans-le-pays-rochois-une-macabre-decouverte-qui-fait-echo-a-deux-disparitions\" target=\"_blank\" rel=\"noopener\">d\u00e9couverte d\u2019un corps emball\u00e9 dans un sac<\/a> dans le foss\u00e9 d\u2019une route foresti\u00e8re \u00e0 Saint-Laurent, en Haute-Savoie, le parquet du p\u00f4le criminel d\u2019Annecy a communiqu\u00e9 ce jeudi 11\u00a0septembre sur l\u2019affaire judiciaire. La procureure de la R\u00e9publique d\u2019Annecy, Line Bonnet, a confirm\u00e9 que la macabre d\u00e9couverte d\u00e9coulait de l\u2019audition d\u2019un jeune suspect qui a indiqu\u00e9 aux gendarmes o\u00f9 se trouvait le corps.<\/p>\n<p>Le parquet d\u2019Annecy a retrac\u00e9 le fil de l\u2019enqu\u00eate. \u00ab\u00a0Le 6\u00a0juin dernier, la disparition depuis la veille d\u2019une femme \u00e2g\u00e9e de 73 ans demeurant \u00e0 Amancy \u00e9tait signal\u00e9e \u00e0 la gendarmerie par sa famille. Le parquet de Bonneville ouvrait imm\u00e9diatement une enqu\u00eate pour disparition inqui\u00e9tante. L\u2019enqu\u00eate \u00e9tait confi\u00e9e \u00e0 la brigade de recherche de la gendarmerie de Bonneville et \u00e0 la section de recherche de la gendarmerie de Chamb\u00e9ry\u00a0\u00bb, rappelle le parquet du p\u00f4le criminel.<\/p>\n<p>  Un suspect \u00e2g\u00e9 de 24 ans qui effectuait des travaux chez la victime<\/p>\n<p>\u00ab\u00a0Le 13\u00a0juin 2025, une information judiciaire \u00e9tait ouverte au p\u00f4le criminel du tribunal judiciaire d\u2019Annecy du chef d\u2019arrestation, enl\u00e8vement, s\u00e9questration ou d\u00e9tention arbitraire. De nombreuses investigations \u00e9taient r\u00e9alis\u00e9es sur commission rogatoire, sous le contr\u00f4le du juge d\u2019instruction. Le 9\u00a0septembre, un homme n\u00e9 en 2001 qui avait effectu\u00e9 des travaux chez la personne disparue a \u00e9t\u00e9 plac\u00e9 en garde \u00e0 vue.\u00a0\u00bb<\/p>\n<p>\u00ab\u00a0Il a reconnu l\u2019avoir tu\u00e9e et a conduit les enqu\u00eateurs dans une for\u00eat o\u00f9 un corps a \u00e9t\u00e9 retrouv\u00e9. Il a ajout\u00e9 qu\u2019il avait d\u00e9rob\u00e9 de l\u2019argent \u00e0 son domicile. Il a \u00e9t\u00e9 pr\u00e9sent\u00e9 au juge d\u2019instruction le 10\u00a0septembre et mis en examen pour meurtre et vol dans un local d\u2019habitation, et plac\u00e9 en d\u00e9tention provisoire\u00a0\u00bb, informe Line Bonnet.<\/p>\n<p>Le jeune homme est inconnu des services de police et de gendarmerie. Les investigations se poursuivent pour d\u00e9terminer les circonstances du d\u00e9c\u00e8s.<\/p>\n","protected":false},"excerpt":{"rendered":"Comme nous l\u2019annoncions hier lors de nos r\u00e9v\u00e9lations relatives \u00e0 la d\u00e9couverte d\u2019un corps emball\u00e9 dans un sac&hellip;\n","protected":false},"author":2,"featured_media":382925,"comment_status":"","ping_status":"","sticky":false,"template":"","format":"standard","meta":{"footnotes":""},"categories":[2],"tags":[11,51577,30885,271,272,3856,4637,9543,274,47729,107,1011,27,4638,12,25,13507,30884,51576],"class_list":{"0":"post-382924","1":"post","2":"type-post","3":"status-publish","4":"format-standard","5":"has-post-thumbnail","7":"category-actualites","8":"tag-actualites","9":"tag-amancy","10":"tag-bonneville","11":"tag-crime","12":"tag-delit-et-contravention","13":"tag-edition-annecy-rumilly-les-aravis","14":"tag-edition-grand-geneve-chablais-ain","15":"tag-edition-mont-blanc-arve","16":"tag-faits-divers-justice","17":"tag-faucigny-bassin","18":"tag-fil-info","19":"tag-fr","20":"tag-france","21":"tag-haute-savoie","22":"tag-news","23":"tag-republique-francaise","24":"tag-saint-laurent","25":"tag-saint-pierre-en-faucigny","26":"tag-vallee-de-larve"},"share_on_mastodon":{"url":"https:\/\/pubeurope.com\/@fr\/115186017657094154","error":""},"_links":{"self":[{"href":"https:\/\/www.europesays.com\/fr\/wp-json\/wp\/v2\/posts\/382924","targetHints":{"allow":["GET"]}}],"collection":[{"href":"https:\/\/www.europesays.com\/fr\/wp-json\/wp\/v2\/posts"}],"about":[{"href":"https:\/\/www.europesays.com\/fr\/wp-json\/wp\/v2\/types\/post"}],"author":[{"embeddable":true,"href":"https:\/\/www.europesays.com\/fr\/wp-json\/wp\/v2\/users\/2"}],"replies":[{"embeddable":true,"href":"https:\/\/www.europesays.com\/fr\/wp-json\/wp\/v2\/comments?post=382924"}],"version-history":[{"count":0,"href":"https:\/\/www.europesays.com\/fr\/wp-json\/wp\/v2\/posts\/382924\/revisions"}],"wp:featuredmedia":[{"embeddable":true,"href":"https:\/\/www.europesays.com\/fr\/wp-json\/wp\/v2\/media\/382925"}],"wp:attachment":[{"href":"https:\/\/www.europesays.com\/fr\/wp-json\/wp\/v2\/media?parent=382924"}],"wp:term":[{"taxonomy":"category","embeddable":true,"href":"https:\/\/www.europesays.com\/fr\/wp-json\/wp\/v2\/categories?post=382924"},{"taxonomy":"post_tag","embeddable":true,"href":"https:\/\/www.europesays.com\/fr\/wp-json\/wp\/v2\/tags?post=382924"}],"curies":[{"name":"wp","href":"https:\/\/api.w.org\/{rel}","templated":true}]}}