{"id":382930,"date":"2025-09-11T14:01:19","date_gmt":"2025-09-11T14:01:19","guid":{"rendered":"https:\/\/www.europesays.com\/fr\/382930\/"},"modified":"2025-09-11T14:01:19","modified_gmt":"2025-09-11T14:01:19","slug":"marius-domon-ou-melvyn-jaminet-contre-castres-pierre-mignoni-a-pris-sa-decision","status":"publish","type":"post","link":"https:\/\/www.europesays.com\/fr\/382930\/","title":{"rendered":"Marius Domon ou Melvyn Jaminet contre Castres ? Pierre Mignoni a pris sa d\u00e9cision !"},"content":{"rendered":"<p>Cette semaine, le Rugby Club Toulonnais pr\u00e9pare dans le plus grand des s\u00e9rieux la r\u00e9ception du Castres Olympique au Stade Mayol, programm\u00e9 samedi soir \u00e0 l\u2019occasion de la deuxi\u00e8me journ\u00e9e du Top 14.<\/p>\n<p>A noter le retour dans le groupe d\u2019un certain Melvyn Jaminet.<\/p>\n<p>L\u2019international Fran\u00e7ais n\u2019avait pas \u00e9t\u00e9 retenu par le manager Pierre Mignoni, la semaine derni\u00e8re, pour pr\u00e9parer le match contre Montpellier, en ouverture du Top 14.<\/p>\n<p>Cette fois-ci, Melvyn Jaminet appara\u00eet dans le groupe Varois et devrait donc avoir du temps de jeu contre les Tarnais.<\/p>\n<p>Cependant, selon <a href=\"https:\/\/www.rugbyrama.fr\/2025\/09\/11\/top-14-baubigny-a-ete-menage-jaminet-de-retour-toulon-mise-sur-la-continuite-avant-castres-12924512.php\" rel=\"nofollow noopener\" target=\"_blank\">Midi Olympique<\/a>, Pierre Mignoni aurait une nouvelle fois d\u00e9cid\u00e9 de titulariser Marius Domon \u00e0 l\u2019arri\u00e8re contre le Castres Olympique.<\/p>\n<p>De son c\u00f4t\u00e9, Melvyn Jaminet devrait prendre place sur le banc des rempla\u00e7ants et entrer en seconde p\u00e9riode de jeu.<\/p>\n<p><strong>Pierre Mignoni s\u2019est bri\u00e8vement confi\u00e9 sur le retour de Jaminet sur la feuille de match.. Extrait:<\/strong><\/p>\n<p>\u00ab\u00a0Melvyn le m\u00e9rite. Il s\u2019entra\u00eene et il est en forme.\u00a0\u00bb<\/p>\n<p>Toujours selon Midi Olympique, c\u2019est Marius Domon qui aura une nouvelle fois la responsabilit\u00e9 du but contre le CO, comme cela avait \u00e9t\u00e9 le cas contre Montpellier, le week-end dernier.<\/p>\n","protected":false},"excerpt":{"rendered":"Cette semaine, le Rugby Club Toulonnais pr\u00e9pare dans le plus grand des s\u00e9rieux la r\u00e9ception du Castres Olympique&hellip;\n","protected":false},"author":2,"featured_media":382931,"comment_status":"","ping_status":"","sticky":false,"template":"","format":"standard","meta":{"footnotes":""},"categories":[1416],"tags":[1011,27,479,1468,60],"class_list":{"0":"post-382930","1":"post","2":"type-post","3":"status-publish","4":"format-standard","5":"has-post-thumbnail","7":"category-rugby","8":"tag-fr","9":"tag-france","10":"tag-rugby","11":"tag-rugby-football","12":"tag-sports"},"share_on_mastodon":{"url":"https:\/\/pubeurope.com\/@fr\/115186033257465674","error":""},"_links":{"self":[{"href":"https:\/\/www.europesays.com\/fr\/wp-json\/wp\/v2\/posts\/382930","targetHints":{"allow":["GET"]}}],"collection":[{"href":"https:\/\/www.europesays.com\/fr\/wp-json\/wp\/v2\/posts"}],"about":[{"href":"https:\/\/www.europesays.com\/fr\/wp-json\/wp\/v2\/types\/post"}],"author":[{"embeddable":true,"href":"https:\/\/www.europesays.com\/fr\/wp-json\/wp\/v2\/users\/2"}],"replies":[{"embeddable":true,"href":"https:\/\/www.europesays.com\/fr\/wp-json\/wp\/v2\/comments?post=382930"}],"version-history":[{"count":0,"href":"https:\/\/www.europesays.com\/fr\/wp-json\/wp\/v2\/posts\/382930\/revisions"}],"wp:featuredmedia":[{"embeddable":true,"href":"https:\/\/www.europesays.com\/fr\/wp-json\/wp\/v2\/media\/382931"}],"wp:attachment":[{"href":"https:\/\/www.europesays.com\/fr\/wp-json\/wp\/v2\/media?parent=382930"}],"wp:term":[{"taxonomy":"category","embeddable":true,"href":"https:\/\/www.europesays.com\/fr\/wp-json\/wp\/v2\/categories?post=382930"},{"taxonomy":"post_tag","embeddable":true,"href":"https:\/\/www.europesays.com\/fr\/wp-json\/wp\/v2\/tags?post=382930"}],"curies":[{"name":"wp","href":"https:\/\/api.w.org\/{rel}","templated":true}]}}