{"id":382932,"date":"2025-09-11T14:02:13","date_gmt":"2025-09-11T14:02:13","guid":{"rendered":"https:\/\/www.europesays.com\/fr\/382932\/"},"modified":"2025-09-11T14:02:13","modified_gmt":"2025-09-11T14:02:13","slug":"atp-laver-cup-carlos-alcaraz-ne-lachera-pas-roger-federer","status":"publish","type":"post","link":"https:\/\/www.europesays.com\/fr\/382932\/","title":{"rendered":"ATP, Laver Cup > Carlos Alcaraz ne l\u00e2chera pas Roger Federer"},"content":{"rendered":"<p>Fer de lance de la Team Europe et star incon\u00adtest\u00e9 de la huiti\u00e8me \u00e9dition de la Laver Cup qui aura lieu du 19 au 21 septembre \u00e0 San Francisco, Carlos Alcaraz, r\u00e9cem\u00adment titr\u00e9 \u00e0 l\u2019US Open, sera bien de la partie, d\u2019apr\u00e8s les infor\u00adma\u00adtions de <a href=\"https:\/\/www.marca.com\/tenis\/2025\/09\/11\/plan-alcaraz-conquista-san-francisco-marcha-lunes-samuel-lopez-entrenador.html\" data-wpel-link=\"external\" target=\"_blank\" rel=\"nofollow external noopener\">Marca<\/a>. <\/p>\n<p>En effet, le cham\u00adpion espa\u00adgnol, actuel\u00adle\u00adment dans sa ville natale \u00e0 El Palmar, reprendra l\u2019en\u00adtra\u00ee\u00adne\u00adment ce vendredi avant de se rendre lundi en Californie o\u00f9 Roger Federer, patron de cette exhi\u00adbi\u00adtion par \u00e9quipes, l\u2019at\u00adtend de pied ferme, surtout apr\u00e8s les r\u00e9cents forfaits des Am\u00e9ricains Tommy Paul et Ben Shelton.<\/p>\n<p>Pour rappel, voici la compo\u00adsi\u00adtion offi\u00adcielle des deux \u00e9quipes\u00a0: Taylor Fritz, Frances Tiafoe, Francisco Cerundolo, Joao Fonseca, Alex Michelsen et Reilly Opelka pour la <strong>Team World<\/strong>. Alexander Zverev, Holger Rune, Casper Ruud, Jakub Mensik, Flavio Cobolli et, donc, Carlos Alcaraz pour la <strong>Team Europe<\/strong>. <\/p>\n<p>Les deux \u00e9quipes seront respec\u00adti\u00adve\u00adment entra\u00ee\u00adn\u00e9es par Andre Agassi et Yannick Noah.\u00a0<\/p>\n<p class=\"post-published-date\" style=\"color: silver; font-size: 75%; text-align: left;\">Publi\u00e9 le jeudi 11 septembre 2025 \u00e0 14:13<\/p>\n","protected":false},"excerpt":{"rendered":"Fer de lance de la Team Europe et star incon\u00adtest\u00e9 de la huiti\u00e8me \u00e9dition de la Laver Cup&hellip;\n","protected":false},"author":2,"featured_media":366378,"comment_status":"","ping_status":"","sticky":false,"template":"","format":"standard","meta":{"footnotes":""},"categories":[1415],"tags":[18937,1744,2199,1011,27,60,1467,4542],"class_list":{"0":"post-382932","1":"post","2":"type-post","3":"status-publish","4":"format-standard","5":"has-post-thumbnail","7":"category-tennis","8":"tag-agassi","9":"tag-alcaraz","10":"tag-federer","11":"tag-fr","12":"tag-france","13":"tag-sports","14":"tag-tennis","15":"tag-zverev"},"share_on_mastodon":{"url":"https:\/\/pubeurope.com\/@fr\/115186037105443981","error":""},"_links":{"self":[{"href":"https:\/\/www.europesays.com\/fr\/wp-json\/wp\/v2\/posts\/382932","targetHints":{"allow":["GET"]}}],"collection":[{"href":"https:\/\/www.europesays.com\/fr\/wp-json\/wp\/v2\/posts"}],"about":[{"href":"https:\/\/www.europesays.com\/fr\/wp-json\/wp\/v2\/types\/post"}],"author":[{"embeddable":true,"href":"https:\/\/www.europesays.com\/fr\/wp-json\/wp\/v2\/users\/2"}],"replies":[{"embeddable":true,"href":"https:\/\/www.europesays.com\/fr\/wp-json\/wp\/v2\/comments?post=382932"}],"version-history":[{"count":0,"href":"https:\/\/www.europesays.com\/fr\/wp-json\/wp\/v2\/posts\/382932\/revisions"}],"wp:featuredmedia":[{"embeddable":true,"href":"https:\/\/www.europesays.com\/fr\/wp-json\/wp\/v2\/media\/366378"}],"wp:attachment":[{"href":"https:\/\/www.europesays.com\/fr\/wp-json\/wp\/v2\/media?parent=382932"}],"wp:term":[{"taxonomy":"category","embeddable":true,"href":"https:\/\/www.europesays.com\/fr\/wp-json\/wp\/v2\/categories?post=382932"},{"taxonomy":"post_tag","embeddable":true,"href":"https:\/\/www.europesays.com\/fr\/wp-json\/wp\/v2\/tags?post=382932"}],"curies":[{"name":"wp","href":"https:\/\/api.w.org\/{rel}","templated":true}]}}