{"id":382933,"date":"2025-09-11T14:04:18","date_gmt":"2025-09-11T14:04:18","guid":{"rendered":"https:\/\/www.europesays.com\/fr\/382933\/"},"modified":"2025-09-11T14:04:18","modified_gmt":"2025-09-11T14:04:18","slug":"motogp-yamaha-sort-le-chequier-et-offre-une-m1-speciale-a-fabio-quartararo-pour-quil-reste","status":"publish","type":"post","link":"https:\/\/www.europesays.com\/fr\/382933\/","title":{"rendered":"MotoGP : Yamaha sort le ch\u00e9quier\u2026 et offre une M1 sp\u00e9ciale \u00e0 Fabio Quartararo pour qu\u2019il reste"},"content":{"rendered":"<p><strong>Yamaha sait qu\u2019elle joue son avenir avec Fabio<br \/>\nQuartararo. Le Fran\u00e7ais n\u2019est pas seulement le seul pilote \u00e0 avoir<br \/>\nredonn\u00e9 au constructeur d\u2019Iwata un titre mondial depuis l\u2019\u00e8re<br \/>\nValentino Rossi et Jorge Lorenzo \u2013 celui de 2021 \u2013, il est aussi,<br \/>\nen 2025, le seul \u00e0 sauver les meubles.<\/strong><\/p>\n<p>Il suffit de regarder le classement : <strong>Quartararo<br \/>\n8<\/strong><strong>\u1d49 avec 129 points<\/strong>, son plus proche<br \/>\nco\u00e9quipier <strong>Jack Miller<\/strong> plafonne \u00e0 54, <strong>Alex<br \/>\nRins<\/strong> \u00e0 45, et <strong>Miguel Oliveira<\/strong> \u00e0 17.<br \/>\nAutrement dit : aujourd\u2019hui comme demain, <strong>Yamaha, c\u2019est<br \/>\nFabio<\/strong>.<\/p>\n<p>Pour choyer son champion et prendre de l\u2019avance dans des<br \/>\nn\u00e9gociations qui s\u2019annoncent br\u00fblantes (son contrat expire en<br \/>\n2026), <strong>Yamaha<\/strong> a d\u00e9cid\u00e9 de marquer les esprits.<br \/>\n<strong>Quartararo<\/strong> a re\u00e7u\u2026 une vraie MotoGP M1.<\/p>\n<p>Mais pas n\u2019importe laquelle : <strong>la toute premi\u00e8re machine<br \/>\nde Fabio en cat\u00e9gorie reine, la YZR-M1 version 2019<\/strong>, aux<br \/>\ncouleurs du team <strong>Petronas SRT<\/strong>. Celle avec laquelle<br \/>\nle rookie fran\u00e7ais avait sign\u00e9 une saison de feu : sept podiums,<br \/>\ndes duels m\u00e9morables contre <strong>Marc Marquez<\/strong>, et une<br \/>\nentr\u00e9e fracassante dans la cour des grands \u2013 m\u00eame sans<br \/>\nvictoire.<\/p>\n<p><img loading=\"lazy\" decoding=\"async\" class=\"aligncenter\" src=\"https:\/\/www.europesays.com\/fr\/wp-content\/uploads\/2025\/09\/FabioQuartararoM2_compressed.jpg\" alt=\"\/FabioQuartararo\" width=\"1150\" height=\"1180\"\/><\/p>\n<p><strong>Fabio Quartararo, \u00e9mu comme<br \/>\nau premier jour<\/strong><\/p>\n<p>\u00c0 l\u2019\u00e9poque, <a href=\"https:\/\/www.paddock-gp.com\/motogp-ducati-rabat-ses-cartes-nous-le-recompenserons-alex-marquez-recevra-un-prix-technique-il-aura-certainement-quelque-chose-de-plus\/\" target=\"_blank\" rel=\"noopener\"><br \/>\n<strong>Marquez<\/strong><\/a> allait d\u00e9crocher son dernier titre<br \/>\navec <strong>Honda<\/strong>, mais <strong>Quartararo<\/strong> avait<br \/>\nd\u00e9j\u00e0 prouv\u00e9 qu\u2019il serait son futur cauchemar.<\/p>\n<p>Le Ni\u00e7ois a partag\u00e9 son \u00e9motion sur les r\u00e9seaux sociaux<br \/>\n:\u00a0<strong>\u00ab Ma premi\u00e8re course MotoGP est \u00e0 la maison !<br \/>\nVous ne pouvez pas imaginer ce que cela signifie pour<br \/>\nmoi<\/strong>. \u00bb<\/p>\n<p>Chez lui, <strong>Quartararo<\/strong> a r\u00e9serv\u00e9 un emplacement<br \/>\nsp\u00e9cial pour exposer cette <a href=\"https:\/\/www.motogp.com\/en\" target=\"_blank\" rel=\"noopener\">MotoGP<\/a> qui a lanc\u00e9 sa l\u00e9gende.<\/p>\n<p>\u00c0 <strong>26 ans<\/strong>, Fabio fait partie de ces rares<br \/>\npilotes qui n\u2019ont connu qu\u2019un seul constructeur en MotoGP. Depuis<br \/>\nses d\u00e9buts en <strong>2019<\/strong> avec Petronas SRT, puis son<br \/>\npassage en \u00e9quipe usine en 2021 aux c\u00f4t\u00e9s de <strong>Maverick<br \/>\nVi\u00f1ales<\/strong> et <strong>Alex Rins<\/strong>, il n\u2019a jamais<br \/>\nquitt\u00e9 la M1.<\/p>\n<p>Oui, il a flirt\u00e9 avec d\u2019autres constructeurs. Oui, il a song\u00e9 \u00e0<br \/>\npartir. Mais <strong>Quartararo<\/strong> est toujours rest\u00e9 fid\u00e8le<br \/>\n\u00e0 <a href=\"https:\/\/www.paddock-gp.com\/motogp-yamaha-leve-le-voile-quartararo-rins-et-miller-ont-teste-la-v4-tant-attendue\/\" target=\"_blank\" rel=\"noopener\"><br \/>\n<strong>Yamaha<\/strong><\/a>. Et aujourd\u2019hui, alors que la firme<br \/>\npr\u00e9pare son r\u00e9volutionnaire <strong>moteur V4<\/strong> pr\u00e9vu pour<br \/>\n2026 \u2013 d\u00e9j\u00e0 test\u00e9 lundi dernier \u00e0 Montmel\u00f2 par <strong>Fabio,<br \/>\nRins<\/strong> et <a href=\"https:\/\/www.paddock-gp.com\/motogp-jack-miller-vs-toprak-razgatlioglu-en-2026-le-duel-des-stoppies-et-une-energie-positive-a-venir-chez-pramac\/\" target=\"_blank\" rel=\"noopener\"><br \/>\n<strong>Miller<\/strong><\/a> \u2013, tout laisse penser que l\u2019histoire<br \/>\nd\u2019amour est loin d\u2019\u00eatre finie.<\/p>\n<p>Alors que le <strong>projet V4<\/strong> repr\u00e9sente un nouveau<br \/>\nd\u00e9part pour <strong>Yamaha<\/strong>, la marque japonaise s\u2019assure<br \/>\nque son leader historique en sera bien le pilote de lance. Un coup<br \/>\nde g\u00e9nie marketing et humain qui pourrait bien s\u2019av\u00e9rer d\u00e9cisif<br \/>\nautour de la table des n\u00e9gociations.<\/p>\n<p><img decoding=\"async\" class=\"aligncenter\" src=\"https:\/\/www.europesays.com\/fr\/wp-content\/uploads\/2025\/09\/FabioQuartararoM12019_compressed.jpg\" alt=\"Fabio Quartararo\"\/><\/p>\n","protected":false},"excerpt":{"rendered":"Yamaha sait qu\u2019elle joue son avenir avec Fabio Quartararo. Le Fran\u00e7ais n\u2019est pas seulement le seul pilote \u00e0&hellip;\n","protected":false},"author":2,"featured_media":382934,"comment_status":"","ping_status":"","sticky":false,"template":"","format":"standard","meta":{"footnotes":""},"categories":[1413],"tags":[1011,27,1457,1456,60],"class_list":{"0":"post-382933","1":"post","2":"type-post","3":"status-publish","4":"format-standard","5":"has-post-thumbnail","7":"category-moto","8":"tag-fr","9":"tag-france","10":"tag-moto","11":"tag-motocycle","12":"tag-sports"},"share_on_mastodon":{"url":"https:\/\/pubeurope.com\/@fr\/115186045735047338","error":""},"_links":{"self":[{"href":"https:\/\/www.europesays.com\/fr\/wp-json\/wp\/v2\/posts\/382933","targetHints":{"allow":["GET"]}}],"collection":[{"href":"https:\/\/www.europesays.com\/fr\/wp-json\/wp\/v2\/posts"}],"about":[{"href":"https:\/\/www.europesays.com\/fr\/wp-json\/wp\/v2\/types\/post"}],"author":[{"embeddable":true,"href":"https:\/\/www.europesays.com\/fr\/wp-json\/wp\/v2\/users\/2"}],"replies":[{"embeddable":true,"href":"https:\/\/www.europesays.com\/fr\/wp-json\/wp\/v2\/comments?post=382933"}],"version-history":[{"count":0,"href":"https:\/\/www.europesays.com\/fr\/wp-json\/wp\/v2\/posts\/382933\/revisions"}],"wp:featuredmedia":[{"embeddable":true,"href":"https:\/\/www.europesays.com\/fr\/wp-json\/wp\/v2\/media\/382934"}],"wp:attachment":[{"href":"https:\/\/www.europesays.com\/fr\/wp-json\/wp\/v2\/media?parent=382933"}],"wp:term":[{"taxonomy":"category","embeddable":true,"href":"https:\/\/www.europesays.com\/fr\/wp-json\/wp\/v2\/categories?post=382933"},{"taxonomy":"post_tag","embeddable":true,"href":"https:\/\/www.europesays.com\/fr\/wp-json\/wp\/v2\/tags?post=382933"}],"curies":[{"name":"wp","href":"https:\/\/api.w.org\/{rel}","templated":true}]}}