{"id":382935,"date":"2025-09-11T14:05:13","date_gmt":"2025-09-11T14:05:13","guid":{"rendered":"https:\/\/www.europesays.com\/fr\/382935\/"},"modified":"2025-09-11T14:05:13","modified_gmt":"2025-09-11T14:05:13","slug":"24-heures-du-mans-theo-pourchaire-devient-pilote-officiel-de-lecurie-peugeot","status":"publish","type":"post","link":"https:\/\/www.europesays.com\/fr\/382935\/","title":{"rendered":"24 heures du Mans\u00a0: Th\u00e9o Pourchaire devient pilote officiel de l&rsquo;\u00e9curie Peugeot"},"content":{"rendered":"<p>Le Fran\u00e7ais devient l&rsquo;un des pilotes officiels de Peugeot engag\u00e9 au championnat du monde d&rsquo;endurance dont font partie les 24 heures du Mans. Le Grassois, champion du monde de F2 en 2023, pilotera l&rsquo;une des deux Hypercars de la marque au lion.  <\/p>\n<p>\u00ab\u00a0Je suis super heureux, merci au Team Peugeot TotalEnergies de r\u00e9aliser mon r\u00eave\u00a0\u00bb. Th\u00e9o Pourchaire gravit un \u00e9chelon suppl\u00e9mentaire dans le sport automobile. Apr\u00e8s avoir \u00e9t\u00e9 sacr\u00e9 champion du monde de F2 en 2023, apr\u00e8s plusieurs exp\u00e9riences en Super Formula et IndyCar, apr\u00e8s avoir \u00e9t\u00e9 pilote de r\u00e9serve en Formule 1, le pilote grassois devient pilote officiel de l&rsquo;\u00e9curie Peugeot Sport.\u00a0Une \u00e9quipe qu&rsquo;il a int\u00e9gr\u00e9 cette saison en tant que pilote de d\u00e9veloppement.<\/p>\n<p>\u00c0 lire aussi   <img decoding=\"async\" src=\"https:\/\/www.europesays.com\/fr\/wp-content\/uploads\/2025\/09\/1757599513_692_560x315\" alt=\"Th\u00e9o Pourchaire pilotera l'Oreca #25 (au premier plan) pour ses 24 Heures du Mans avec ses co\u00e9quipiers Matthias Kaiser Matthias et Lorenzo Fluxa\" style=\"--_image-preview:url('data:image\/jpeg;base64,\/9j\/2wBDACgcHiMeGSgjISMtKygwPGRBPDc3PHtYXUlkkYCZlo+AjIqgtObDoKrarYqMyP\/L2u71\/\/\/\/m8H\/\/\/\/6\/+b9\/\/j\/2wBDASstLTw1PHZBQXb4pYyl+Pj4+Pj4+Pj4+Pj4+Pj4+Pj4+Pj4+Pj4+Pj4+Pj4+Pj4+Pj4+Pj4+Pj4+Pj4+Pj4+Pj\/wAARCAAXACoDASIAAhEBAxEB\/8QAFwABAQEBAAAAAAAAAAAAAAAAAAECBf\/EABYQAQEBAAAAAAAAAAAAAAAAAAARAf\/EABcBAQADAAAAAAAAAAAAAAAAAAIAAQP\/xAAWEQEBAQAAAAAAAAAAAAAAAAAAARH\/2gAMAwEAAhEDEQA\/AOZBqJERFwi4tQsXMIWDqQgAYuYBQauKDWM6\/9k=');\" loading=\"lazy\" fetchpriority=\"low\" aria-hidden=\"true\" class=\"svelte-1pnmlwx rounded\" onload=\"this.__e=event\" onerror=\"this.__e=event\"\/><\/p>\n<p>Cette fois-ci, c&rsquo;est dans la cat\u00e9gorie reine, celle des Hypercar, que Th\u00e9o Pourchaire devra faire ses preuves. Le Fran\u00e7ais, \u00e2g\u00e9 de 22 ans, sera l&rsquo;un des pilotes des deux 9X8 engag\u00e9es au championnat du monde par le constructeur fran\u00e7ais. Th\u00e9o Pourchaire a d\u00e9j\u00e0 eu l&rsquo;ocacsion de conduire la voiture puisqu&rsquo;il a particip\u00e9 \u00e0 plusieurs s\u00e9ances d\u2019essais priv\u00e9es au volant de l\u2019Hypercar ainsi qu\u2019\u00e0 de nombreuses sessions sur simulateur.\u00a0Mais cette fois-ci, il montera bien dans le baquet lors des huit \u00e9preuves du championnat du monde d&rsquo;endurance et notamment lors des prochaines <strong>24 heures du Mans, les 13 et 14 juin 2026.<\/strong>\u00a0Ce sera sa deuxi\u00e8me participation \u00e0 la classique sarthoise. En juin dernier,\u00a0Il avait termin\u00e9 8e de la cat\u00e9gorie LMP2 avec l&rsquo;\u00e9quipe portugaise Algarve Pro Racing.<\/p>\n<p>Il va meme prendre un peu d&rsquo;avance en disputant comme titulaire les 8 Heures de Bahre\u00efn 2025,\u00a0la derni\u00e8re \u00e9preuve du WEC.\u00a0 Il remplacera l&rsquo;ancien pilote de F1 belge Stoffel Vandoorne.<\/p>\n<p><img loading=\"lazy\" decoding=\"async\" class=\"VisualPreview svelte-1rldrkz\" src=\"data:image\/jpeg;base64,\/9j\/2wBDACgcHiMeGSgjISMtKygwPGRBPDc3PHtYXUlkkYCZlo+AjIqgtObDoKrarYqMyP\/L2u71\/\/\/\/m8H\/\/\/\/6\/+b9\/\/j\/2wBDASstLTw1PHZBQXb4pYyl+Pj4+Pj4+Pj4+Pj4+Pj4+Pj4+Pj4+Pj4+Pj4+Pj4+Pj4+Pj4+Pj4+Pj4+Pj4+Pj4+Pj\/wAARCAAcACoDASIAAhEBAxEB\/8QAGAAAAwEBAAAAAAAAAAAAAAAAAAEDAgX\/xAAYEAEBAQEBAAAAAAAAAAAAAAAAARESAv\/EABUBAQEAAAAAAAAAAAAAAAAAAAAB\/8QAFBEBAAAAAAAAAAAAAAAAAAAAAP\/aAAwDAQACEQMRAD8A52Hy1IeKifJXyrhWAlYWK3yXKKoYCgGGAZwY0EH\/2Q==\" alt=\"En juin dernier, Th\u00e9o Pourchaire a termin\u00e9 8e de la cat\u00e9gorie LMP2 pour sa premi\u00e8re partiicipation aux 24 heures du Mans\" width=\"600\" height=\"400\"\/>  En juin dernier, Th\u00e9o Pourchaire a termin\u00e9 8e de la cat\u00e9gorie LMP2 pour sa premi\u00e8re partiicipation aux 24 heures du Mans \u00a9 Maxppp &#8211; Federico Manoni\/IPA Sport \/<\/p>\n<p>\u00ab\u00a0Th\u00e9o poursuit son apprentissage de la 9X8 et cette course repr\u00e9sente une \u00e9tape logique dans son int\u00e9gration au programme Hypercar\u00a0\u00bb explique Olivier Jansonnie, le Directeur Technique de Peugeot Sport sur le\u00a0<a target=\"_blank\" rel=\"nofollow noopener noreferrer\" class=\"IciLink ici-link IciArticleLink g-ici-body-regular-1 underline brand svelte-lu7k6w\" href=\"https:\/\/peugeot-sport.com\/2025\/09\/11\/theo-pourchaire-devient-pilote-officiel-du-team-peugeot-totalenergies-en-2026\/\">site internet de l&rsquo;\u00e9quipe<\/a>. \u00ab\u00a0Apr\u00e8s une saison aboutie en ELMS et une mont\u00e9e en puissance constante, Th\u00e9o a d\u00e9montr\u00e9 qu\u2019il avait les qualit\u00e9s n\u00e9cessaires pour \u00e9voluer au plus haut niveau de l\u2019endurance [&#8230;]\u00a0Le faire d\u00e9buter en WEC \u00e0 Bahre\u00efn s\u2019inscrit naturellement dans la continuit\u00e9 de son parcours avec l\u2019\u00e9quipe. Nous avons toute confiance en sa capacit\u00e9 \u00e0 r\u00e9pondre aux exigences du championnat du monde. Cette opportunit\u00e9 s\u2019inscrit dans notre volont\u00e9 de pr\u00e9parer l\u2019avenir en int\u00e9grant progressivement des jeunes talents \u00e0 fort potentiel\u00a0\u00bb.<\/p>\n<p>Th\u00e9o Pourchaire se dit \u00ab\u00a0<strong>fier de repr\u00e9senter Peugeot, une marque qui a un riche pass\u00e9 en sport automobile et qui a remport\u00e9 les 24 Heures du Mans. J\u2019ai h\u00e2te d\u2019\u00eatre au d\u00e9part de cette course mythique en cat\u00e9gorie reine.<\/strong>\u00a0\u00bb<\/p>\n","protected":false},"excerpt":{"rendered":"Le Fran\u00e7ais devient l&rsquo;un des pilotes officiels de Peugeot engag\u00e9 au championnat du monde d&rsquo;endurance dont font partie&hellip;\n","protected":false},"author":2,"featured_media":382936,"comment_status":"","ping_status":"","sticky":false,"template":"","format":"standard","meta":{"footnotes":""},"categories":[1412],"tags":[1451,1452,1453,1454,1455,1011,27,60],"class_list":{"0":"post-382935","1":"post","2":"type-post","3":"status-publish","4":"format-standard","5":"has-post-thumbnail","7":"category-f1","8":"tag-f1","9":"tag-formula-1","10":"tag-formula1","11":"tag-formule-1","12":"tag-formule1","13":"tag-fr","14":"tag-france","15":"tag-sports"},"share_on_mastodon":{"url":"https:\/\/pubeurope.com\/@fr\/115186049170408787","error":""},"_links":{"self":[{"href":"https:\/\/www.europesays.com\/fr\/wp-json\/wp\/v2\/posts\/382935","targetHints":{"allow":["GET"]}}],"collection":[{"href":"https:\/\/www.europesays.com\/fr\/wp-json\/wp\/v2\/posts"}],"about":[{"href":"https:\/\/www.europesays.com\/fr\/wp-json\/wp\/v2\/types\/post"}],"author":[{"embeddable":true,"href":"https:\/\/www.europesays.com\/fr\/wp-json\/wp\/v2\/users\/2"}],"replies":[{"embeddable":true,"href":"https:\/\/www.europesays.com\/fr\/wp-json\/wp\/v2\/comments?post=382935"}],"version-history":[{"count":0,"href":"https:\/\/www.europesays.com\/fr\/wp-json\/wp\/v2\/posts\/382935\/revisions"}],"wp:featuredmedia":[{"embeddable":true,"href":"https:\/\/www.europesays.com\/fr\/wp-json\/wp\/v2\/media\/382936"}],"wp:attachment":[{"href":"https:\/\/www.europesays.com\/fr\/wp-json\/wp\/v2\/media?parent=382935"}],"wp:term":[{"taxonomy":"category","embeddable":true,"href":"https:\/\/www.europesays.com\/fr\/wp-json\/wp\/v2\/categories?post=382935"},{"taxonomy":"post_tag","embeddable":true,"href":"https:\/\/www.europesays.com\/fr\/wp-json\/wp\/v2\/tags?post=382935"}],"curies":[{"name":"wp","href":"https:\/\/api.w.org\/{rel}","templated":true}]}}