{"id":382937,"date":"2025-09-11T14:06:13","date_gmt":"2025-09-11T14:06:13","guid":{"rendered":"https:\/\/www.europesays.com\/fr\/382937\/"},"modified":"2025-09-11T14:06:13","modified_gmt":"2025-09-11T14:06:13","slug":"suivez-le-contre-la-montre-de-la-18e-etape-a-valladolid-en-live","status":"publish","type":"post","link":"https:\/\/www.europesays.com\/fr\/382937\/","title":{"rendered":"suivez le contre-la-montre de la 18e \u00e9tape \u00e0 Valladolid en live"},"content":{"rendered":"<p>16h05<\/p>\n<p>D\u00e9part canon pour Ayuso et K\u00fcng<\/p>\n<p>Les deux coureurs ne sont pas l\u00e0 pour faire de la figuration et font un d\u00e9part en fanfare. On va garder un oeil au chrono !<\/p>\n<p>16h01<\/p>\n<p>Stefan K\u00fcng en place<\/p>\n<p>\u00ab\u00a0King K\u00fcng\u00a0\u00bb est sur la rampe de lancement et compte bien faire \u00e0 fond ce contre-la-montre raccourci !<\/p>\n<p>15h59<\/p>\n<p>Juan Ayuso s&rsquo;\u00e9lancera dans quelques instants<\/p>\n<p>D\u00e9j\u00e0 vainqueur de deux \u00e9tapes et du contre-la-montre par \u00e9quipe sur cette Vuelta 2025, Juan Ayuso et le premier coureur \u00e0 s&rsquo;\u00e9lancer qui pourrait venir se rapprocher, voire battre Filippo Ganna.<\/p>\n<p>15h56<\/p>\n<p>Au tour de Fisher-Black<\/p>\n<p>Le champion de Nouvelle-Z\u00e9lande de la discipline pourrait pr\u00e9tendre \u00e0 une belle place aujourd&rsquo;hui.<\/p>\n<p>15h52<\/p>\n<p>Alec Segaert 4e provisoire<\/p>\n<p>Le jeune belge \u00e0 fait un tr\u00e8s gros chrono en prenant la 4e place provisoire en 13&rsquo;16\u00a0\u00bb \u00e0 16&Prime; de Filippo Ganna. Malgr\u00e9 tout, ce temps ne devrait pas tenir.<\/p>\n<p>15h44<\/p>\n<p>Alec Segaert fait jeu \u00e9gal !<\/p>\n<p>Le jeune Belge est \u00e0 seulement 3&Prime; au premier pointage interm\u00e9diaire de Filippo Ganna !<\/p>\n<p>15h40<\/p>\n<p>Enorme performance pour Pier-Andr\u00e9 C\u00f4t\u00e9<\/p>\n<p>Le Canadien r\u00e9alise sans doute la meilleure performance de sa jeune carri\u00e8re en chrono. Il termine ce contre-la-montre en 13&rsquo;20\u00a0\u00bb \u00e0 20&Prime; de Filippo Ganna et devant des coureurs comme R\u00e9mi Cavagna, Mads Pedersen, Ethan Vernon et Mikkel Bjerg.<\/p>\n<p>15h38<\/p>\n<p>Tr\u00e8s gros chrono d&rsquo;Ivo Oliveira<\/p>\n<p>C&rsquo;est la surprise de ce chrono pour le moment. Le Portugais Ivo Oliveira termine en 13&rsquo;11\u00a0\u00bb \u00e0 \u00ab\u00a0seulement\u00a0\u00bb 10&Prime; du leader Filippo Ganna.<\/p>\n<p>15h28<\/p>\n<p>David Gaudu sera le prochain Fran\u00e7ais \u00e0 s&rsquo;\u00e9lancer<\/p>\n<p>Vainqueur d&rsquo;\u00e9tape et porteur du maillot rouge, David Gaudu sera le prochain Fran\u00e7ais \u00e0 se pr\u00e9senter sur la rampe de lancement.<\/p>\n<p>15h24<\/p>\n<p>Cavagna prend la 3e place provisoire<\/p>\n<p>Il a termin\u00e9 \u00e0 bloc mais \u00e7a n&rsquo;a pas suffit. R\u00e9mi Cavagna termine \u00e0 la 3e place provisoire en 13&rsquo;21\u00a0\u00bb \u00e0 20&Prime; de Filippo Ganna.<\/p>\n<p>15h21<\/p>\n<p>Pedersen 3e provisoire<\/p>\n<p>Il avait faire un d\u00e9part canon mais a cal\u00e9 sur le fin. Mads Pedersen termine \u00e0 la 3e place provisoire en 13&rsquo;21\u00a0\u00bb \u00e0 20&Prime; de Filippo Ganna.<\/p>\n<p>15h19<\/p>\n<p>Cavagna 5e au premier interm\u00e9diaire<\/p>\n<p>Le Fran\u00e7ais est dans les temps des meilleurs, mais devra se montrer plus rapide sur la deuxi\u00e8me partie du chrono pour esp\u00e9rer un top10. Il en est capable !<\/p>\n<p>15h13<\/p>\n<p>Mads Pedersen, en t\u00eate au premier pointage<\/p>\n<p>Les sensations sont tr\u00e8s bonnes pour le champion du Danemark de la discipline. Il est le plus rapide au premier pointage interm\u00e9diaire en 4&rsquo;44\u00a0\u00bb.<\/p>\n<p>15h09<\/p>\n<p>R\u00e9mi Cavagna au d\u00e9part<\/p>\n<p>L&rsquo;ancien champion de France, un peu d\u00e9\u00e7u de ce chrono raccourci, esp\u00e8re tout de m\u00eame faire un gros r\u00e9sultat apr\u00e8s une Vuelta tr\u00e8s discr\u00e8te.<\/p>\n<p>15h07<\/p>\n<p>Au tour de Mads Pedersen<\/p>\n<p>Le Danois, lib\u00e9r\u00e9 par une victoire d&rsquo;\u00e9tape sur cette Vuelta peut bien figurer sur ce contre-la-montre, mais l&rsquo;actuel maillot vert \u00e9tait ext\u00e9nu\u00e9 hier soir \u00e0 l&rsquo;arriv\u00e9e de l&rsquo;\u00e9tape.<\/p>\n<p>15h05<\/p>\n<p>Filippo Ganna prend la t\u00eate du chrono<\/p>\n<p>Le champion d&rsquo;Italie \u00e9crase ce chrono et termine les 12,2km en 13&prime; \u00e0 56,2km\/h. Il devance Dan Hoole de 19&Prime; et Ethan Vernon de 21&Prime;.<\/p>\n<p>15h02<\/p>\n<p>Ganna en t\u00eate au deuxi\u00e8me pointage<\/p>\n<p>La machine italienne est bien en route. Apr\u00e8s un d\u00e9part prudent, le champion d&rsquo;Italie met 4&Prime; \u00e0 Ethan Vernon au second pointage. Il devrait continuer de creuser l&rsquo;\u00e9cart sur la deuxi\u00e8me partie de chrono.<\/p>\n<p>14h58<\/p>\n<p>Ethan Vernon prend la 2e place provisoire<\/p>\n<p>Alors qu&rsquo;il \u00e9tait en t\u00eate au premier pointage avec une seconde d&rsquo;avance sur Dan Hoole, le Britannique termine finalement \u00e0 la deuxi\u00e8me place provioire, \u00e0 2&Prime; du leader N\u00e9erlandais.<\/p>\n<p>14h54<\/p>\n<p>Dan Hoole, premier proivisoire<\/p>\n<p>Il est le plus rapide pour le moment en 13&rsquo;19\u00a0\u00bb, soit 55k\/h sur 12,2km. Mais ce temps ne devrait pas durer longtemps.<\/p>\n<p>14h52<\/p>\n<p>Le grand favori Filippo Ganna va s&rsquo;\u00e9lancer<\/p>\n<p>L&rsquo;Italien, le favori ultime de ce chrono malgr\u00e9 une Vuelta tr\u00e8s discr\u00e8te, mais n&rsquo;oublions pas sa commotion c\u00e9r\u00e9brale sur le Tour de France.<\/p>\n<p>Le champion d&rsquo;Italie de la discipline et ancien champion du monde a l&rsquo;occasion de s&rsquo;exprimer aujourd&rsquo;hui.<\/p>\n<p>14h50<\/p>\n<p>Ethan Vernon le plus rapide<\/p>\n<p>Et bien elle est la la petite surprise de ce d\u00e9but contre-la-montre. Ethan Vernon prend la t\u00eate au premier pointage en 4&rsquo;44&Prime;27, soit 1&Prime;47 plus rapide que Dan Hoole.<\/p>\n<p>14h47<\/p>\n<p>Dan Hoole en t\u00eate au premier pointage<\/p>\n<p>Ce n&rsquo;est pas une surprise, le N\u00e9erlandais est premier provisoirement au premier pointage interm\u00e9diaire en 4&rsquo;46&Prime;24.<\/p>\n<p>14h44<\/p>\n<p>Au tour d&rsquo;Ethan Vernon<\/p>\n<p>Le premier coureur d&rsquo;Isra\u00ebl-Premier Tech au d\u00e9part. Il s&rsquo;\u00e9lance sous les sifflets des manifestants.<\/p>\n<p>14h43<\/p>\n<p>Dan Hoole s&rsquo;est \u00e9lanc\u00e9<\/p>\n<p>L&rsquo;un des favoris vient de partir et sera l&rsquo;une des premi\u00e8res marques de r\u00e9f\u00e9rence sur ce chrono. Le N\u00e9erlandais quittera la formation Lidl-Trek \u00e0 la fin de l&rsquo;ann\u00e9e pour porter les couleurs de Decathlon CMA-CGM la saison prochaine.<\/p>\n<p>14h39<\/p>\n<p>De nombreux manifestants pro-Palestine sur le parcours<\/p>\n<p>Pour le moment, les manifestants sont pacifistes et on esp\u00e8re que ce sera le cas tout au long de ce contre-la-montre. Le premier coureur de la formation Isra\u00ebl-Premier Tech s&rsquo;\u00e9lancera \u00e0 14h43, en la personne d&rsquo;Ethan Vernon.<\/p>\n<p>14h35<\/p>\n<p>Oscar Reisebeek est le premier coureur \u00e0 s&rsquo;\u00e9lancer<\/p>\n<p>C&rsquo;est parti pour ce contre-la-montre individuel avec le N\u00e9erlandais de la formation Alpecin-Deuceuninck. Les poursuivants partiront toutes les minutes.<\/p>\n<p>14h30<\/p>\n<p>Un d\u00e9but de contre-la-montre tr\u00e8s technique<\/p>\n<p>Raccourci \u00e0 12,2km pour assurer la s\u00e9curit\u00e9 des coureurs en raison des manifestations pro-Palestine, le parcours du contre-la-montre n&rsquo;en reste pas moins technique.<\/p>\n<p>Les coureurs devront entamer ce chrono par un encha\u00eenement de virages en angle droit qui pourrait cr\u00e9er les premiers \u00e9carts, avant de se retrouver sur une longue ligne droite aller-retour.<\/p>\n<p>14h17<\/p>\n<p>Qui sont les favoris de cette \u00e9tape apr\u00e8s un parcours raccourci ?<\/p>\n<p>Au lendemain de l&rsquo;arriv\u00e9e au sommet de l&rsquo;Alto de El Morredero, la Vuelta aborde l&rsquo;un des grands rendez-vous de la derni\u00e8re semaine, le contre-la-montre autour de Valladolid. Sur un parcours plat et raccourci, le duel entre Jonas Vingegaard et Jo\u00e3o Almeida sera attendu.<\/p>\n<p><strong>&gt;&gt;<\/strong> <strong><a href=\"https:\/\/rmcsport.bfmtv.com\/cyclisme\/tour-d-espagne\/vuelta-2025-etape-18-parcours-profil-favoris-tout-ce-que-vous-devez-savoir-sur-l-etape-du-jour_AV-202509100776.html\" title=\"Vuelta 2025, \u00e9tape 18: parcours, profil, favoris... tout ce que vous devez savoir sur l&#039;\u00e9tape de jeudi\" class=\"internal_link\" rel=\"nofollow noopener\" target=\"_blank\">Parcours, profil, favoris&#8230; tout ce que vous devez savoir sur l&rsquo;\u00e9tape de jeudi<\/a><\/strong><\/p>\n<p>11h16<\/p>\n<p>Bonjour \u00e0 tous !<\/p>\n<p>Bienvenue sur le live de la 18e \u00e9tape de cette Vuelta 2025. Au programme, un contre-la-montre individuel autour de Valladolid. Initialement pr\u00e9vu sur 27,2km, les organisateurs ont d\u00e9cid\u00e9 de raccourcir le trac\u00e9 \u00e0 12,2km par mesure de s\u00e9curit\u00e9.<\/p>\n<p><strong>&gt;&gt;<\/strong> <strong><a href=\"https:\/\/rmcsport.bfmtv.com\/cyclisme\/tour-d-espagne\/une-nouvelle-mesure-radicale-la-vuelta-raccourcie-le-parcours-du-contre-la-montre-en-raison-des-manifestations-pro-palestine_AV-202509100908.html\" title=\"Une nouvelle mesure radicale: la Vuelta raccourcit le parcours du contre-la-montre en raison des manifestations pro-Palestine\" class=\"internal_link\" rel=\"nofollow noopener\" target=\"_blank\">La Vuelta raccourcit le parcours du contre-la-montre en raison des manifestations pro-Palestine<\/a><\/strong><\/p>\n","protected":false},"excerpt":{"rendered":"16h05 D\u00e9part canon pour Ayuso et K\u00fcng Les deux coureurs ne sont pas l\u00e0 pour faire de la&hellip;\n","protected":false},"author":2,"featured_media":382938,"comment_status":"","ping_status":"","sticky":false,"template":"","format":"standard","meta":{"footnotes":""},"categories":[1411],"tags":[1154,207,1011,27,60],"class_list":{"0":"post-382937","1":"post","2":"type-post","3":"status-publish","4":"format-standard","5":"has-post-thumbnail","7":"category-cyclisme","8":"tag-cycling","9":"tag-cyclisme","10":"tag-fr","11":"tag-france","12":"tag-sports"},"share_on_mastodon":{"url":"https:\/\/pubeurope.com\/@fr\/115186052918760388","error":""},"_links":{"self":[{"href":"https:\/\/www.europesays.com\/fr\/wp-json\/wp\/v2\/posts\/382937","targetHints":{"allow":["GET"]}}],"collection":[{"href":"https:\/\/www.europesays.com\/fr\/wp-json\/wp\/v2\/posts"}],"about":[{"href":"https:\/\/www.europesays.com\/fr\/wp-json\/wp\/v2\/types\/post"}],"author":[{"embeddable":true,"href":"https:\/\/www.europesays.com\/fr\/wp-json\/wp\/v2\/users\/2"}],"replies":[{"embeddable":true,"href":"https:\/\/www.europesays.com\/fr\/wp-json\/wp\/v2\/comments?post=382937"}],"version-history":[{"count":0,"href":"https:\/\/www.europesays.com\/fr\/wp-json\/wp\/v2\/posts\/382937\/revisions"}],"wp:featuredmedia":[{"embeddable":true,"href":"https:\/\/www.europesays.com\/fr\/wp-json\/wp\/v2\/media\/382938"}],"wp:attachment":[{"href":"https:\/\/www.europesays.com\/fr\/wp-json\/wp\/v2\/media?parent=382937"}],"wp:term":[{"taxonomy":"category","embeddable":true,"href":"https:\/\/www.europesays.com\/fr\/wp-json\/wp\/v2\/categories?post=382937"},{"taxonomy":"post_tag","embeddable":true,"href":"https:\/\/www.europesays.com\/fr\/wp-json\/wp\/v2\/tags?post=382937"}],"curies":[{"name":"wp","href":"https:\/\/api.w.org\/{rel}","templated":true}]}}