{"id":382939,"date":"2025-09-11T14:07:14","date_gmt":"2025-09-11T14:07:14","guid":{"rendered":"https:\/\/www.europesays.com\/fr\/382939\/"},"modified":"2025-09-11T14:07:14","modified_gmt":"2025-09-11T14:07:14","slug":"lom-en-revait-le-psg-fonce-dessus","status":"publish","type":"post","link":"https:\/\/www.europesays.com\/fr\/382939\/","title":{"rendered":"L&rsquo;OM en r\u00eavait, le PSG fonce dessus !"},"content":{"rendered":"<p><b>Le PSG a envoy\u00e9 ses scouts suivre un grand talent sud-am\u00e9ricain ces derniers jours. Il s&rsquo;agit de Joel Ordonez, suivi par l&rsquo;OM pendant tout l&rsquo;\u00e9t\u00e9.\u00a0<\/b><\/p>\n<p>Il n\u2019y avait pas grand monde au centre d\u2019entrainement du <a href=\"https:\/\/www.foot01.com\/paris\" target=\"_self\" rel=\"nofollow noopener\">PSG<\/a> ces derniers jours, la tr\u00eave internationale envoyant tous les joueurs de Luis Enrique aux quatre coins du monde. M\u00eame les scouts du club de la capitale \u00e9taient au travail \u00e0 l\u2019\u00e9tranger. Dans son effectif, le Paris SG a \u00e9t\u00e9 tr\u00e8s satisfait du recrutement de Willian Pacho, qui a fait ses preuves la saison derni\u00e8re et est d\u00e9sormais vu comme un titulaire, et peut-\u00eatre bient\u00f4t un cadre de la formation francilienne. Dans ces conditions, pourquoi ne pas aller chercher son compatriote Joel Ordonez, qui est rest\u00e9 \u00e0 Bruges cet \u00e9t\u00e9 \u00e0 la surprise g\u00e9n\u00e9rale ?<\/p>\n<p>L\u2019OM a suivi pendant tr\u00e8s longtemps le d\u00e9fenseur central du club belge cet \u00e9t\u00e9, mais malgr\u00e9 des offres et un gros forcing de la part du joueur pour rejoindre la Canebi\u00e8re, rien n\u2019a \u00e9t\u00e9 concr\u00e9tis\u00e9. Le FC Bruges peut \u00eatre fier de son coup, d\u2019autant plus qu\u2019il est certain que l\u2019int\u00e9r\u00eat ne pourra que grandir pour Ordonez. La preuve, TBR Football annonce que Chelsea et Aston Villa ont fait comme le PSG, et sont all\u00e9s envoyer des scouts pour suivre les matchs de l\u2019Equateur ces derniers jours, et surveiller Joel Ordonez.\u00a0<\/p>\n<p>Le d\u00e9fenseur central fait saliver beaucoup de monde, et un transfert en janvier 2026 n\u2019est pas \u00e0 \u00e9carter. Ce sera du coup pour un montant sup\u00e9rieur \u00e0 30 millions d\u2019euros, mais le PSG n\u2019a pas peur de mettre une telle somme si cela lui permet de se renforcer de mani\u00e8re s\u00e9rieuse. Il l\u2019a prouv\u00e9 cet \u00e9t\u00e9 avec Illya Zabarny, recrut\u00e9 pour 70 ME en provenance de Bournemouth. Et nul doute que si Paris se met en action pour Ordonez, c\u2019est aussi parce que Pacho en a dit le plus grand bien en interne. De quoi laisser l\u2019OM et la Premier League sur le carreau pour une recrue d\u2019ampleur dans un secteur o\u00f9 la formation de Luis Enrique a pourtant du monde.\u00a0<\/p>\n","protected":false},"excerpt":{"rendered":"Le PSG a envoy\u00e9 ses scouts suivre un grand talent sud-am\u00e9ricain ces derniers jours. Il s&rsquo;agit de Joel&hellip;\n","protected":false},"author":2,"featured_media":382940,"comment_status":"","ping_status":"","sticky":false,"template":"","format":"standard","meta":{"footnotes":""},"categories":[1410],"tags":[63,1011,27,60],"class_list":{"0":"post-382939","1":"post","2":"type-post","3":"status-publish","4":"format-standard","5":"has-post-thumbnail","7":"category-football","8":"tag-football","9":"tag-fr","10":"tag-france","11":"tag-sports"},"share_on_mastodon":{"url":"https:\/\/pubeurope.com\/@fr\/115186056838181994","error":""},"_links":{"self":[{"href":"https:\/\/www.europesays.com\/fr\/wp-json\/wp\/v2\/posts\/382939","targetHints":{"allow":["GET"]}}],"collection":[{"href":"https:\/\/www.europesays.com\/fr\/wp-json\/wp\/v2\/posts"}],"about":[{"href":"https:\/\/www.europesays.com\/fr\/wp-json\/wp\/v2\/types\/post"}],"author":[{"embeddable":true,"href":"https:\/\/www.europesays.com\/fr\/wp-json\/wp\/v2\/users\/2"}],"replies":[{"embeddable":true,"href":"https:\/\/www.europesays.com\/fr\/wp-json\/wp\/v2\/comments?post=382939"}],"version-history":[{"count":0,"href":"https:\/\/www.europesays.com\/fr\/wp-json\/wp\/v2\/posts\/382939\/revisions"}],"wp:featuredmedia":[{"embeddable":true,"href":"https:\/\/www.europesays.com\/fr\/wp-json\/wp\/v2\/media\/382940"}],"wp:attachment":[{"href":"https:\/\/www.europesays.com\/fr\/wp-json\/wp\/v2\/media?parent=382939"}],"wp:term":[{"taxonomy":"category","embeddable":true,"href":"https:\/\/www.europesays.com\/fr\/wp-json\/wp\/v2\/categories?post=382939"},{"taxonomy":"post_tag","embeddable":true,"href":"https:\/\/www.europesays.com\/fr\/wp-json\/wp\/v2\/tags?post=382939"}],"curies":[{"name":"wp","href":"https:\/\/api.w.org\/{rel}","templated":true}]}}