{"id":382941,"date":"2025-09-11T14:08:16","date_gmt":"2025-09-11T14:08:16","guid":{"rendered":"https:\/\/www.europesays.com\/fr\/382941\/"},"modified":"2025-09-11T14:08:16","modified_gmt":"2025-09-11T14:08:16","slug":"qui-est-lhomme-le-plus-riche-du-monde-elon-musk-detrone-par-larry-ellison-oracle-pendant-quelques-heures-selon-bloomberg-11-09-2025-a-1010","status":"publish","type":"post","link":"https:\/\/www.europesays.com\/fr\/382941\/","title":{"rendered":"Qui est l&rsquo;homme le plus riche du monde ? Elon Musk d\u00e9tr\u00f4n\u00e9 par Larry Ellison (Oracle) pendant quelques heures, selon Bloomberg &#8211; 11\/09\/2025 \u00e0 10:10"},"content":{"rendered":"<p> Les pr\u00e9visions astronomiques communiqu\u00e9es par Oracle ont fait bondir la valeur du titre du g\u00e9ant technologique, ainsi que la fortune de son fondateur. A 81 ans, Larry Ellison rivalise d\u00e9sormais le patron de<br \/>\n <a href=\"https:\/\/www.boursorama.com\/cours\/TSLA\/\" target=\"_blank\" rel=\"noopener\"><br \/>\n  Tesla<br \/>\n <\/a><br \/>\n et Space X.<\/p>\n<p>        <img fetchpriority=\"high\" decoding=\"async\" src=\"https:\/\/www.europesays.com\/fr\/wp-content\/uploads\/2025\/09\/632f9da6ac34dece81db3cb01566caeb-760x570.jpg\" alt=\"Le duo Larry Ellison\/Elon Musk domine nettement le classement des fortunes mondiales (illustration) ( AFP\/POOL \/ TORU YAMANAKA )\" loading=\"eager\" width=\"760\" height=\"570\" style=\"max-width: 100%!important; height: auto;\"\/><\/p>\n<p class=\"c-image-news__legend\">Le duo Larry Ellison\/Elon Musk domine nettement le classement des fortunes mondiales (illustration) ( AFP\/POOL \/ TORU YAMANAKA )<\/p>\n<p>\n Au gr\u00e9 des flamb\u00e9es du cours d&rsquo;Oracle, Larry Ellison est devenu pendant quelques heures l&rsquo;homme le plus riche du monde, devant Elon Musk, mercredi 10 septembre, selon l&rsquo;agence Bloomberg. Les \u00e9volutions de ce duel en tr\u00e8s haute altitude entre les deux milliardaires sont suivies par le \u00ab\u00a0Bloomberg Billionaires Index\u00a0\u00bb, indice qui fait r\u00e9f\u00e9rence en mati\u00e8re de classement des fortunes mondiales.\n<\/p>\n<p>\n Le magnat de la tech, fondateur et actionnaire \u00e0 41% d&rsquo;Oracle, a b\u00e9n\u00e9fici\u00e9 de<br \/>\n <a href=\"https:\/\/www.boursorama.com\/cours\/ORCL\/\" target=\"_blank\" rel=\"noopener\"><br \/>\n  l&rsquo;explosion du cours de l&rsquo;entreprise sp\u00e9cialis\u00e9e dans la gestion de bases de donn\u00e9es et de cloud<br \/>\n <\/a><br \/>\n , qui a fini la s\u00e9ance en hausse de 36% mercredi 10 septembre. La soci\u00e9t\u00e9 a ravi les investisseurs \u00e0 Wall Street en annon\u00e7ant que son chiffre d&rsquo;affaires dans les infrastructures \u00ab\u00a0cloud\u00a0\u00bb (informatique \u00e0 distance) atteindrait 144 milliards de dollars d&rsquo;ici 2030 &#8211; contre 10 milliards en 2025 &#8211; gr\u00e2ce aux besoins croissants pour le d\u00e9veloppement de l&rsquo;intelligence artificielle (IA).\n<\/p>\n<p>\n En cons\u00e9quence,<br \/>\n <strong><br \/>\n  la richesse d\u00e9tenue par Larry Ellison a atteint pendant quelques heures 393 milliards de dollars selon l&rsquo;index de Bloomberg, contre 385 milliards pour Elon Musk.<br \/>\n <\/strong>\n<\/p>\n<p>\n Cette \u00ab\u00a0prise\u00a0\u00bb virtuelle du tr\u00f4ne de la plus grande fortune du monde<br \/>\n <strong><br \/>\n  reste toutefois aussi temporaire que th\u00e9orique.<br \/>\n <\/strong><br \/>\n Ainsi, l&rsquo;indice<\/p>\n<p>  Forbes<\/p>\n<p> \u00ab\u00a0The Real-Time Billionaires List\u00a0\u00bb laisse une marge d&rsquo;avance confortable \u00e0 Elon Musk, dont la fortune culmine, selon cet autre classement, \u00e0 436 milliards.\n<\/p>\n<p> Une concurrence \u00e0 relativiser sur le long terme<\/p>\n<p>\n Larry Ellison poss\u00e8de plus de 41% du capital d&rsquo;Oracle, selon des documents financiers publi\u00e9s par l&rsquo;entreprise en septembre dernier. Personnage haut en couleurs, le magnat de la tech de 81 ans n&rsquo;a jamais cach\u00e9 son immense ambition, clamant, \u00e0 la fin des ann\u00e9es 90, qu&rsquo;il allait rendre<br \/>\n <a href=\"https:\/\/www.boursorama.com\/cours\/MSFT\/\" target=\"_blank\" rel=\"noopener\"><br \/>\n  Microsoft<br \/>\n <\/a><br \/>\n obsol\u00e8te, puis promettant plus r\u00e9cemment de d\u00e9tr\u00f4ner Amazon sur le cloud. Sympathisant r\u00e9publicain de longue date, il s&rsquo;est rapproch\u00e9 de Donald Trump d\u00e8s la premi\u00e8re campagne pr\u00e9sidentielle du promoteur immobilier. Et avait plac\u00e9 des cadres d&rsquo;Oracle dans l&rsquo;\u00e9quipe charg\u00e9e en 2016 de pr\u00e9parer la prise de fonction de Donald Trump.\n<\/p>\n<p>\n Elon Musk peut toutefois se rassurer: sur le long terme, il devrait conforter sa place de champion des plus grosses fortunes mondiales. Il est promis \u00e0 un pactole d\u00e9passant les 1.000 milliards de dollars s&rsquo;il m\u00e8ne Tesla au triomphe gr\u00e2ce au nouveau plan de r\u00e9mun\u00e9ration concoct\u00e9 par le conseil d&rsquo;administration du constructeur de v\u00e9hicules \u00e9lectriques. Ce projet reste toutefois soumis \u00e0 l&rsquo;approbation des actionnaires, qui l&rsquo;examineront lors de l&rsquo;assembl\u00e9e g\u00e9n\u00e9rale de Tesla le 6 novembre prochain.<\/p>\n","protected":false},"excerpt":{"rendered":"Les pr\u00e9visions astronomiques communiqu\u00e9es par Oracle ont fait bondir la valeur du titre du g\u00e9ant technologique, ainsi que&hellip;\n","protected":false},"author":2,"featured_media":382942,"comment_status":"","ping_status":"","sticky":false,"template":"","format":"standard","meta":{"footnotes":""},"categories":[1359],"tags":[400,398,408,405,58,59,1011,27,403,402,399,404,973,401,406,407],"class_list":{"0":"post-382941","1":"post","2":"type-post","3":"status-publish","4":"format-standard","5":"has-post-thumbnail","7":"category-people","8":"tag-action-cac-40","9":"tag-bourse-de-paris","10":"tag-boursorama","11":"tag-cotations","12":"tag-divertissement","13":"tag-entertainment","14":"tag-fr","15":"tag-france","16":"tag-indices-devises","17":"tag-investir","18":"tag-investissement","19":"tag-marche-boursier","20":"tag-people","21":"tag-sicav","22":"tag-trackers","23":"tag-warrants"},"share_on_mastodon":{"url":"https:\/\/pubeurope.com\/@fr\/115186061345750964","error":""},"_links":{"self":[{"href":"https:\/\/www.europesays.com\/fr\/wp-json\/wp\/v2\/posts\/382941","targetHints":{"allow":["GET"]}}],"collection":[{"href":"https:\/\/www.europesays.com\/fr\/wp-json\/wp\/v2\/posts"}],"about":[{"href":"https:\/\/www.europesays.com\/fr\/wp-json\/wp\/v2\/types\/post"}],"author":[{"embeddable":true,"href":"https:\/\/www.europesays.com\/fr\/wp-json\/wp\/v2\/users\/2"}],"replies":[{"embeddable":true,"href":"https:\/\/www.europesays.com\/fr\/wp-json\/wp\/v2\/comments?post=382941"}],"version-history":[{"count":0,"href":"https:\/\/www.europesays.com\/fr\/wp-json\/wp\/v2\/posts\/382941\/revisions"}],"wp:featuredmedia":[{"embeddable":true,"href":"https:\/\/www.europesays.com\/fr\/wp-json\/wp\/v2\/media\/382942"}],"wp:attachment":[{"href":"https:\/\/www.europesays.com\/fr\/wp-json\/wp\/v2\/media?parent=382941"}],"wp:term":[{"taxonomy":"category","embeddable":true,"href":"https:\/\/www.europesays.com\/fr\/wp-json\/wp\/v2\/categories?post=382941"},{"taxonomy":"post_tag","embeddable":true,"href":"https:\/\/www.europesays.com\/fr\/wp-json\/wp\/v2\/tags?post=382941"}],"curies":[{"name":"wp","href":"https:\/\/api.w.org\/{rel}","templated":true}]}}