{"id":382945,"date":"2025-09-11T14:10:17","date_gmt":"2025-09-11T14:10:17","guid":{"rendered":"https:\/\/www.europesays.com\/fr\/382945\/"},"modified":"2025-09-11T14:10:17","modified_gmt":"2025-09-11T14:10:17","slug":"caroline-lamarche-le-bel-obscur-fait-voler-la-maison-liberation","status":"publish","type":"post","link":"https:\/\/www.europesays.com\/fr\/382945\/","title":{"rendered":"Caroline Lamarche, \u00able Bel Obscur\u00bb fait voler la maison \u2013 Lib\u00e9ration"},"content":{"rendered":"<p>Le livre sur la place<\/p>\n<p class=\"sc-cPiKLX sc-bJBgwP faNIPg dnqATq content-text-framed\" color=\"#1A1A1A\">Critiques, interviews, s\u00e9lection&#8230; \u00abLib\u00e9\u00bb vous guide dans les all\u00e9es de la 47e \u00e9dition du Salon du livre de Nancy, grand rendez-vous de la rentr\u00e9e litt\u00e9raire, qui se tient du 12 au 14 septembre. <\/p>\n<p class=\"sc-cPiKLX AiZTS text-element\">Une porte, un angle mort et une \u00abmaison qui vole\u00bb, ainsi pourrait se r\u00e9sumer le Bel Obscur, roman de l\u2019autrice belge <a href=\"https:\/\/www.liberation.fr\/livres\/2019\/03\/15\/caroline-lamarche-la-cane-frappait-au-carreau_1715379\/\" target=\"_blank\" rel=\"noopener\" title=\"https:\/\/www.liberation.fr\/livres\/2019\/03\/15\/caroline-lamarche-la-cane-frappait-au-carreau_1715379\/\">Caroline Lamarche<\/a>. La porte d\u2019entr\u00e9e du livre, c\u2019est l\u2019histoire d\u2019un anc\u00eatre, banni de l\u2019arbre g\u00e9n\u00e9alogique et sur lequel la narratrice va enqu\u00eater. Passant des documents concernant Edmond \u2013 mort \u00e0 30 ans en 1865 loin de son Li\u00e8ge natal \u2013 \u00e0 ses archives personnelles, cette femme mari\u00e9e \u00e0 un homme pr\u00e9nomm\u00e9 Vincent, son premier et grand amour, reconsid\u00e8re parall\u00e8lement sa propre existence apr\u00e8s trois d\u00e9cennies de vie conjugale. Alors qu\u2019elle pr\u00e9sume que l\u2019a\u00efeul aimait les hommes, elle se penche sur son \u00e9pop\u00e9e maritale. Apr\u00e8s sept ans de mariage et la naissance de deux filles, Vincent lui avait r\u00e9v\u00e9l\u00e9 qu\u2019il \u00e9tait homosexuel. Mais il ne fut pas question de divorce, la vie dans la grande maison pr\u00e8s de Bruxelles allait donc continuer, avec Brian, Markus, J\u00e9r\u00f4me, Jo\u00e3o, Nikola\u00ef, copains successifs de Vincent. <\/p>\n<p class=\"sc-cPiKLX AiZTS text-element\">La vie des \u00e9pouses d\u2019homosexuels est un sujet peu document\u00e9, un \u00abangle mort de la litt\u00e9rature\u00bb, comme l\u2019affirme la romanci\u00e8re \u00e0 la radio belge RTBF. Son personnage, qui \u00e9crit, puise dans l\u2019histoire. Surgissent de c\u00e9l\u00e8bres \u00abfemmes de connivence\u00bb comme celle d\u2019<a href=\"https:\/\/www.liberation.fr\/arts\/2016\/1 &lt;div style=\" clear:=\"\" both=\"\" target=\"_blank\" rel=\"noopener\"><\/p>\n","protected":false},"excerpt":{"rendered":"Le livre sur la place Critiques, interviews, s\u00e9lection&#8230; \u00abLib\u00e9\u00bb vous guide dans les all\u00e9es de la 47e \u00e9dition&hellip;\n","protected":false},"author":2,"featured_media":382946,"comment_status":"","ping_status":"","sticky":false,"template":"","format":"standard","meta":{"footnotes":""},"categories":[1357],"tags":[828,1379,10488,58,59,1011,27,1380],"class_list":{"0":"post-382945","1":"post","2":"type-post","3":"status-publish","4":"format-standard","5":"has-post-thumbnail","7":"category-livres","8":"tag-belgique","9":"tag-books","10":"tag-cahier-livres","11":"tag-divertissement","12":"tag-entertainment","13":"tag-fr","14":"tag-france","15":"tag-livres"},"share_on_mastodon":{"url":"https:\/\/pubeurope.com\/@fr\/115186068676387281","error":""},"_links":{"self":[{"href":"https:\/\/www.europesays.com\/fr\/wp-json\/wp\/v2\/posts\/382945","targetHints":{"allow":["GET"]}}],"collection":[{"href":"https:\/\/www.europesays.com\/fr\/wp-json\/wp\/v2\/posts"}],"about":[{"href":"https:\/\/www.europesays.com\/fr\/wp-json\/wp\/v2\/types\/post"}],"author":[{"embeddable":true,"href":"https:\/\/www.europesays.com\/fr\/wp-json\/wp\/v2\/users\/2"}],"replies":[{"embeddable":true,"href":"https:\/\/www.europesays.com\/fr\/wp-json\/wp\/v2\/comments?post=382945"}],"version-history":[{"count":0,"href":"https:\/\/www.europesays.com\/fr\/wp-json\/wp\/v2\/posts\/382945\/revisions"}],"wp:featuredmedia":[{"embeddable":true,"href":"https:\/\/www.europesays.com\/fr\/wp-json\/wp\/v2\/media\/382946"}],"wp:attachment":[{"href":"https:\/\/www.europesays.com\/fr\/wp-json\/wp\/v2\/media?parent=382945"}],"wp:term":[{"taxonomy":"category","embeddable":true,"href":"https:\/\/www.europesays.com\/fr\/wp-json\/wp\/v2\/categories?post=382945"},{"taxonomy":"post_tag","embeddable":true,"href":"https:\/\/www.europesays.com\/fr\/wp-json\/wp\/v2\/tags?post=382945"}],"curies":[{"name":"wp","href":"https:\/\/api.w.org\/{rel}","templated":true}]}}