{"id":382951,"date":"2025-09-11T14:13:15","date_gmt":"2025-09-11T14:13:15","guid":{"rendered":"https:\/\/www.europesays.com\/fr\/382951\/"},"modified":"2025-09-11T14:13:15","modified_gmt":"2025-09-11T14:13:15","slug":"connemara-ladaptation-melancolique-dalex-lutz-du-roman-de-nicolas-mathieu-rts-ch","status":"publish","type":"post","link":"https:\/\/www.europesays.com\/fr\/382951\/","title":{"rendered":"\u00ab\u00a0Connemara\u00a0\u00bb, l&rsquo;adaptation m\u00e9lancolique d&rsquo;Alex Lutz du roman de Nicolas Mathieu &#8211; rts.ch"},"content":{"rendered":"<p>Le r\u00e9alisateur et com\u00e9dien fran\u00e7ais Alex Lutz signe avec\u00a0\u00ab\u00a0Connemara\u00a0\u00bb\u00a0sorti le 10 septembre une adaptation sensible et m\u00e9lancolique du roman \u00e9ponyme de Nicolas Mathieu. Un drame sentimental centr\u00e9 sur les retrouvailles de deux anciens amants incarn\u00e9s par M\u00e9lanie Thierry et Bastien Bouillon.<\/p>\n<p>H\u00e9l\u00e8ne (M\u00e9lanie Thierry) est une cadre parisienne au bord de l\u2019\u00e9puisement. Victime d\u2019un burn-out, elle quitte la capitale pour retourner dans sa r\u00e9gion natale, les Vosges. L\u00e0, elle retrouve Christophe (Bastien Bouillon), son amour de jeunesse.<\/p>\n<p>Ancienne gloire locale du hockey, Christophe est aujourd\u2019hui divorc\u00e9. Il partage son temps entre son p\u00e8re, atteint de d\u00e9mence, et son fils qu\u2019il ne voit qu\u2019une semaine sur deux &#8211; un \u00e9quilibre pr\u00e9caire menac\u00e9 par le d\u00e9m\u00e9nagement imminent de son ex-compagne.<\/p>\n<p>Contenu externe<\/p>\n<p> Ce contenu externe ne peut pas \u00eatre affich\u00e9 car il est susceptible de collecter des donn\u00e9es personnelles. Pour voir ce contenu vous devez autoriser la cat\u00e9gorie <strong>R\u00e9seaux sociaux<\/strong>. <\/p>\n<p> Accepter Plus d&rsquo;info <\/p>\n<p>\u00c0 travers cette histoire d\u2019amour tardive, Alex Lutz explore les blessures du pass\u00e9, les d\u00e9sillusions de l\u2019\u00e2ge adulte et la qu\u00eate de sens. \u00ab\u00a0J\u2019ai voulu construire une tresse, m\u00ealant pass\u00e9 et pr\u00e9sent, corps en devenir et corps devenus\u00a0\u00bb, explique-t-il dans l\u2019\u00e9mission\u00a0Vertigo\u00a0du 1er septembre. Cette m\u00e9taphore capillaire, inspir\u00e9e par les cheveux de l\u2019h\u00e9ro\u00efne, structure la narration du film.<\/p>\n<p>Le r\u00e9alisateur accorde une attention particuli\u00e8re \u00e0 la complexit\u00e9 de ses personnages. \u00ab\u00a0Je voulais dresser le portrait d\u2019une femme d\u2019aujourd\u2019hui, de ma g\u00e9n\u00e9ration, avec sa col\u00e8re et ses luttes quotidiennes\u00a0\u00bb, confie-t-il \u00e0 propos d\u2019H\u00e9l\u00e8ne. Quant \u00e0 Christophe, il le d\u00e9crit comme \u00ab\u00a0un grand h\u00e9ros du quotidien, loyal malgr\u00e9 les \u00e9preuves\u00a0\u00bb.<\/p>\n<p> &gt;&gt; Ecouter l&rsquo;interview d&rsquo;Alex Lutz dans l&rsquo;\u00e9mission Vertigo\u00a0:    L\u02b9invit\u00e9\u00a0: Alex Lutz \u00ab\u00a0Connemara\u00a0\u00bb \/ Vertigo \/ 22 min. \/ le 1 septembre 2025 M\u00e9lancolique et pas nostalgique<\/p>\n<p>La m\u00e9lancolie et le passage du temps traversent tout le film, des th\u00e8mes chers \u00e0 Lutz. \u00ab\u00a0Ce n\u2019est pas de la nostalgie, mais le constat du temps perdu qu\u2019on ne rattrape plus\u00a0\u00bb, pr\u00e9cise-t-il.<\/p>\n<p>La musique joue \u00e9galement un r\u00f4le central, notamment la chanson\u00a0\u00ab\u00a0Les lacs du Connemara\u00a0\u00bb\u00a0de Michel Sardou, qui cl\u00f4t le film. \u00ab\u00a0C\u2019est une immense chanson populaire qui fait vibrer tout le monde\u00a0\u00bb, s\u2019enthousiasme le r\u00e9alisateur. Pourtant, c\u2019est sur ce morceau qu\u2019H\u00e9l\u00e8ne comprend qu\u2019elle n\u2019appartient plus \u00e0 ce monde auquel elle pensait pouvoir revenir.<\/p>\n<p class=\"sources\">Propos recueillis par Anne Laure Gannac<\/p>\n<p class=\"credit\">Adaptation web: S\u00e9bastien Foggiato<\/p>\n<p class=\"article-footnote\">\u00ab\u00a0Connemara\u00a0\u00bb d\u2019Alex Lutz, avec M\u00e9lanie Thierry et Bastien Bouillon. A voir dans les salles romandes depuis le 10 septembre 2025.<\/p>\n<p class=\"article-footnote\">Alex Lutz sera de retour en Suisse d\u00e9but 2026 pour son spectacle \u00ab\u00a0Sexe, grog et rocking chair\u00a0\u00bb \u00e0 Bulle, Monthey et Morges.<\/p>\n","protected":false},"excerpt":{"rendered":"Le r\u00e9alisateur et com\u00e9dien fran\u00e7ais Alex Lutz signe avec\u00a0\u00ab\u00a0Connemara\u00a0\u00bb\u00a0sorti le 10 septembre une adaptation sensible et m\u00e9lancolique du&hellip;\n","protected":false},"author":2,"featured_media":382952,"comment_status":"","ping_status":"","sticky":false,"template":"","format":"standard","meta":{"footnotes":""},"categories":[1354],"tags":[1622,1693,51578,650,51579,251,58,59,2081,1346,1011,27,1351,8003,1360,40269,4233,2004],"class_list":{"0":"post-382951","1":"post","2":"type-post","3":"status-publish","4":"format-standard","5":"has-post-thumbnail","7":"category-films","8":"tag-alex-lutz","9":"tag-arts-et-divertissement","10":"tag-bastien-bouillon","11":"tag-cinema","12":"tag-connemara","13":"tag-culture","14":"tag-divertissement","15":"tag-entertainment","16":"tag-film","17":"tag-films","18":"tag-fr","19":"tag-france","20":"tag-litterature","21":"tag-melanie-thierry","22":"tag-movies","23":"tag-nicolas-mathieu","24":"tag-realisateur","25":"tag-roman"},"share_on_mastodon":{"url":"https:\/\/pubeurope.com\/@fr\/115186080554758395","error":""},"_links":{"self":[{"href":"https:\/\/www.europesays.com\/fr\/wp-json\/wp\/v2\/posts\/382951","targetHints":{"allow":["GET"]}}],"collection":[{"href":"https:\/\/www.europesays.com\/fr\/wp-json\/wp\/v2\/posts"}],"about":[{"href":"https:\/\/www.europesays.com\/fr\/wp-json\/wp\/v2\/types\/post"}],"author":[{"embeddable":true,"href":"https:\/\/www.europesays.com\/fr\/wp-json\/wp\/v2\/users\/2"}],"replies":[{"embeddable":true,"href":"https:\/\/www.europesays.com\/fr\/wp-json\/wp\/v2\/comments?post=382951"}],"version-history":[{"count":0,"href":"https:\/\/www.europesays.com\/fr\/wp-json\/wp\/v2\/posts\/382951\/revisions"}],"wp:featuredmedia":[{"embeddable":true,"href":"https:\/\/www.europesays.com\/fr\/wp-json\/wp\/v2\/media\/382952"}],"wp:attachment":[{"href":"https:\/\/www.europesays.com\/fr\/wp-json\/wp\/v2\/media?parent=382951"}],"wp:term":[{"taxonomy":"category","embeddable":true,"href":"https:\/\/www.europesays.com\/fr\/wp-json\/wp\/v2\/categories?post=382951"},{"taxonomy":"post_tag","embeddable":true,"href":"https:\/\/www.europesays.com\/fr\/wp-json\/wp\/v2\/tags?post=382951"}],"curies":[{"name":"wp","href":"https:\/\/api.w.org\/{rel}","templated":true}]}}