{"id":382957,"date":"2025-09-11T14:16:12","date_gmt":"2025-09-11T14:16:12","guid":{"rendered":"https:\/\/www.europesays.com\/fr\/382957\/"},"modified":"2025-09-11T14:16:12","modified_gmt":"2025-09-11T14:16:12","slug":"pourquoi-le-concours-de-m6-va-t-il-etre-deprogramme","status":"publish","type":"post","link":"https:\/\/www.europesays.com\/fr\/382957\/","title":{"rendered":"Pourquoi le concours de M6 va-t-il \u00eatre d\u00e9programm\u00e9\u00a0?"},"content":{"rendered":"<p>La concurrence est un plat qui se mange froid. Mercredi soir, <a href=\"https:\/\/www.20minutes.fr\/dossier\/m6\" class=\"c-link c-link--is-underlined\" target=\"_blank\" rel=\"noopener\">M6<\/a> a lanc\u00e9 la quatorzi\u00e8me saison du \u00ab\u00a0<a href=\"https:\/\/www.20minutes.fr\/dossier\/le_meilleur_patissier\" class=\"c-link c-link--is-underlined\" target=\"_blank\" rel=\"noopener\">Meilleur P\u00e2tissier<\/a>\u00a0\u00bb. Un retour qui a marqu\u00e9 le pas par rapport \u00e0 la pr\u00e9c\u00e9dente saison, puisque 1,65\u00a0million de t\u00e9l\u00e9spectateurs (8,7\u00a0% du public) ont savour\u00e9 le premier \u00e9pisode de la derni\u00e8re saison de Mercotte, contre 2,15\u00a0millions (11,3\u00a0% du public) pour le lancement de la saison 13. La Six avait pourtant d\u00e9cal\u00e9 son programme au mercredi, avant de lui r\u00e9attribuer, d\u00e8s le mois d\u2019octobre, la case du jeudi soir.<\/p>\n<p>Ne pas \u00eatre dans la sauce<\/p>\n<p>A compter du 2\u00a0octobre donc, \u00ab\u00a0Le Meilleur P\u00e2tissier\u00a0\u00bb sera \u00e0 nouveau propos\u00e9 le jeudi \u00e0 21h10 avec l\u2019\u00e9pisode \u00ab\u00a0Accros au choco\u00a0\u00bb, qui met d\u00e9j\u00e0 l\u2019eau \u00e0 la bouche. Un choix des plus strat\u00e9giques pour M6 qui doit composer avec la concurrence f\u00e9roce de <a href=\"https:\/\/www.20minutes.fr\/dossier\/tf1\" class=\"c-link c-link--is-underlined\" target=\"_blank\" rel=\"noopener\">TF1<\/a>. La Une cartonne, en effet, avec \u00ab\u00a0HPI\u00a0\u00bb, et en diffusera les trois derniers \u00e9pisodes de l\u2019actuelle saison les trois prochains jeudis. Pour ne pas se retrouver en confrontation directe avec la s\u00e9rie emmen\u00e9e par <a href=\"https:\/\/www.20minutes.fr\/arts-stars\/people\/audrey-fleurot\/\" class=\"c-link c-link--is-underlined\" target=\"_blank\" rel=\"noopener\">Audrey Fleurot<\/a>, le programme anim\u00e9 par La\u00ebtitia Milot ne retrouvera sa case du jeudi qu\u2019apr\u00e8s la fin de la saison de \u00ab\u00a0HPI\u00a0\u00bb.<\/p>\n<p>Pour celles et ceux qui souhaiteraient rester \u00e0 la table de M6 le mercredi soir, ils pourront d\u00e9guster des nouveaux num\u00e9ros d&rsquo;\u00ab\u00a0Arnaques\u00a0!\u00a0\u00bb. L\u2019\u00e9mission de <a href=\"https:\/\/www.20minutes.fr\/dossier\/julien_courbet\" class=\"c-link c-link--is-underlined\" target=\"_blank\" rel=\"noopener\">Julien Courbet<\/a> fera face \u00e0 \u00ab\u00a0Enqu\u00eate en famille\u00a0\u00bb, la nouvelle s\u00e9rie de TF1, avec Cl\u00e9mentine C\u00e9lari\u00e9 et Bernard Le\u00a0Coq au casting.<\/p>\n<p>Un savoir-faire mondial<\/p>\n<p>Pour ce premier \u00e9pisode de cette saison 14, baptis\u00e9 \u00ab\u00a0Bienvenue sous la tente\u00a0\u00bb, les candidats et candidates ont d\u00fb s\u2019affronter sur le classique revisit\u00e9, l\u2019\u00e9preuve cr\u00e9ative avec le chef invit\u00e9 Yann Couvreur, mais aussi l\u2019\u00e9preuve technique de Mercotte [remport\u00e9e par Camille, mercredi soir]. A noter que la blogueuse culinaire, \u00e2g\u00e9e de 82 ans, figure du programme, <a href=\"https:\/\/www.20minutes.fr\/arts-stars\/4168482-20250819-meilleur-patissier-mercotte-quitte-emission-apres-14-saisons-cotes-cyril-lignac\" class=\"c-link c-link--is-underlined\" target=\"_blank\" rel=\"noopener\">participe \u00e0 sa toute derni\u00e8re saison<\/a>.<\/p>\n<\/p>\n<p>Une saison toujours anim\u00e9e par La\u00ebtitia Milot qui veut revenir aux fondamentaux du concours, avec davantage de p\u00e2tisserie et moins d\u2019artifices. Elle mettra en lumi\u00e8re des savoir-faire mondiaux, avec des candidats venus d\u2019<a href=\"https:\/\/www.20minutes.fr\/dossier\/alsace\" class=\"c-link c-link--is-underlined\" target=\"_blank\" rel=\"noopener\">Alsace<\/a>, de <a href=\"https:\/\/www.20minutes.fr\/dossier\/belgique\" class=\"c-link c-link--is-underlined\" target=\"_blank\" rel=\"noopener\">Belgique<\/a>, du <a href=\"https:\/\/www.20minutes.fr\/monde\/maghreb\/\" class=\"c-link c-link--is-underlined\" target=\"_blank\" rel=\"noopener\">Maghreb<\/a>, de <a href=\"https:\/\/www.20minutes.fr\/monde\/cote-d-ivoire-2\/\" class=\"c-link c-link--is-underlined\" target=\"_blank\" rel=\"noopener\">C\u00f4te d\u2019Ivoire<\/a> ou encore du <a href=\"https:\/\/www.20minutes.fr\/monde\/quebec\/\" class=\"c-link c-link--is-underlined\" target=\"_blank\" rel=\"noopener\">Qu\u00e9bec<\/a>. <\/p>\n<p><a href=\"https:\/\/www.20minutes.fr\/dossier\/le_meilleur_patissier\" class=\"c-link c-btn c-btn--primary\" target=\"_blank\" rel=\"noopener\">Notre dossier sur \u00ab\u00a0Le Meilleur p\u00e2tissier\u00a0\u00bb<\/a><\/p>\n<p>Ces diff\u00e9rents profils tenteront de succ\u00e9der \u00e0 <a href=\"https:\/\/www.20minutes.fr\/arts-stars\/television\/4132989-20250110-meilleur-patissier-thimothee-jeune-vainqueur-saison-13-emission-m6\" class=\"c-link c-link--is-underlined\" target=\"_blank\" rel=\"noopener\">Timoth\u00e9e, qui avait remport\u00e9<\/a> le concours culinaire en janvier dernier, \u00e0 seulement 17 ans. Et pour savoir qui aura tap\u00e9 dans l\u2019\u0153il de <a href=\"https:\/\/www.20minutes.fr\/dossier\/cyril_lignac\" class=\"c-link c-link--is-underlined\" target=\"_blank\" rel=\"noopener\">Cyril Lignac<\/a>, de Mercotte et des diff\u00e9rents chefs invit\u00e9s, rendez-vous tous les mercredis, \u00e0 21h10, sur M6 en septembre puis les jeudis, d\u00e8s 21h10, en octobre.<\/p>\n","protected":false},"excerpt":{"rendered":"La concurrence est un plat qui se mange froid. Mercredi soir, M6 a lanc\u00e9 la quatorzi\u00e8me saison du&hellip;\n","protected":false},"author":2,"featured_media":382958,"comment_status":"","ping_status":"","sticky":false,"template":"","format":"standard","meta":{"footnotes":""},"categories":[8],"tags":[46556,58,59,1011,27,10839,38532,494,252],"class_list":{"0":"post-382957","1":"post","2":"type-post","3":"status-publish","4":"format-standard","5":"has-post-thumbnail","7":"category-divertissement","8":"tag-cyril-lignac","9":"tag-divertissement","10":"tag-entertainment","11":"tag-fr","12":"tag-france","13":"tag-laetitia-milot","14":"tag-le-meilleur-patissier","15":"tag-m6","16":"tag-television"},"share_on_mastodon":{"url":"https:\/\/pubeurope.com\/@fr\/115186092267058279","error":""},"_links":{"self":[{"href":"https:\/\/www.europesays.com\/fr\/wp-json\/wp\/v2\/posts\/382957","targetHints":{"allow":["GET"]}}],"collection":[{"href":"https:\/\/www.europesays.com\/fr\/wp-json\/wp\/v2\/posts"}],"about":[{"href":"https:\/\/www.europesays.com\/fr\/wp-json\/wp\/v2\/types\/post"}],"author":[{"embeddable":true,"href":"https:\/\/www.europesays.com\/fr\/wp-json\/wp\/v2\/users\/2"}],"replies":[{"embeddable":true,"href":"https:\/\/www.europesays.com\/fr\/wp-json\/wp\/v2\/comments?post=382957"}],"version-history":[{"count":0,"href":"https:\/\/www.europesays.com\/fr\/wp-json\/wp\/v2\/posts\/382957\/revisions"}],"wp:featuredmedia":[{"embeddable":true,"href":"https:\/\/www.europesays.com\/fr\/wp-json\/wp\/v2\/media\/382958"}],"wp:attachment":[{"href":"https:\/\/www.europesays.com\/fr\/wp-json\/wp\/v2\/media?parent=382957"}],"wp:term":[{"taxonomy":"category","embeddable":true,"href":"https:\/\/www.europesays.com\/fr\/wp-json\/wp\/v2\/categories?post=382957"},{"taxonomy":"post_tag","embeddable":true,"href":"https:\/\/www.europesays.com\/fr\/wp-json\/wp\/v2\/tags?post=382957"}],"curies":[{"name":"wp","href":"https:\/\/api.w.org\/{rel}","templated":true}]}}