{"id":382965,"date":"2025-09-11T14:20:14","date_gmt":"2025-09-11T14:20:14","guid":{"rendered":"https:\/\/www.europesays.com\/fr\/382965\/"},"modified":"2025-09-11T14:20:14","modified_gmt":"2025-09-11T14:20:14","slug":"la-taxe-zucman-transformerait-la-france-en-veritable-taxe-up-nation","status":"publish","type":"post","link":"https:\/\/www.europesays.com\/fr\/382965\/","title":{"rendered":"\u00abLa taxe Zucman transformerait la France en v\u00e9ritable \u201ctaxe-up nation\u201d\u00bb"},"content":{"rendered":"<p><strong>FIGAROVOX\/CHRONIQUE &#8211;<\/strong> L\u2019adoption d\u2019un imp\u00f4t plancher de 2% sur le patrimoine des plus grandes fortunes dissuaderait les entrepreneurs de prendre des risques et porterait un coup fatal aux \u00abstart-up\u00bb dans leur d\u00e9veloppement, argumente notre chroniqueuse.<\/p>\n<p class=\"fig-paragraph\">Aur\u00e9lie Jean est docteur en sciences et entrepreneuse. Elle a notamment publi\u00e9\u00a0Le code a chang\u00e9. Amour et sexualit\u00e9 au temps des algorithmes (L\u2019Observatoire, 2024).<\/p>\n<p class=\"fig-paragraph\">L\u2019\u00e9conomiste\u00a0<a href=\"http:\/\/www.lefigaro.fr\/conjoncture\/taxe-sur-les-grandes-fortunes-les-calculs-de-gabriel-zucman-remis-en-cause-par-ses-pairs-20250617\" target=\"_blank\" data-fig-type=\"Article\" rel=\"noopener\" data-gtm-custom-categorie=\"navigation\" data-gtm-custom-action=\"crossclick\" data-gtm-custom-label=\"Contextuel\" data-gtm-event=\"customEventSPE\" data-fig-domain=\"LEFIGARO\">Gabriel Zucman<\/a>\u00a0a r\u00e9cemment \u00e0 nouveau d\u00e9fendu son id\u00e9e d\u2019un imp\u00f4t plancher de 2\u00a0% sur le patrimoine des 0,01 % des Fran\u00e7ais les plus riches. La start-up fran\u00e7aise Mistral, qui vient d\u2019\u00eatre \u00e9valu\u00e9e \u00e0 14 milliards de dollars, imposerait \u00e0 ses cofondateurs selon la taxe Zucman de payer sans doute plusieurs dizaines de millions d\u2019euros (en fonction du nombre de parts de l\u2019entreprise qu\u2019ils poss\u00e8dent) avant m\u00eame d\u2019avoir vu la couleur de ce capital qui ne se transformera qu\u2019en cas de rachat m\u00eame partiel. De toute \u00e9vidence, cette taxe serait hors sol, et les entrepreneurs dont je suis en feraient partie des nombreuses victimes.<\/p>\n<p class=\"fig-paragraph\">J\u2019ai d\u00e9j\u00e0 eu l\u2019occasion\u00a0<a href=\"https:\/\/www.lefigaro.fr\/vox\/politique\/aurelie-jean-la-taxe-zucman-ce-nouveau-projet-de-loi-hors-sol-porte-par-les-ecologistes-20250227\" target=\"_blank\" data-fig-type=\"Article\" rel=\"noopener\" data-gtm-custom-categorie=\"navigation\" data-gtm-custom-action=\"crossclick\" data-gtm-custom-label=\"Contextuel\" data-gtm-event=\"customEventSPE\" data-fig-domain=\"LEFIGARO\">d\u2019\u00e9crire sur les failles d\u2019une mise en application d\u2019une telle taxe<\/a>\u00a0qui viendrait mettre \u00e0 mal la fluidit\u00e9 \u00e9conomique (et donc sociale) de notre pays en s\u2019attaquant au patrimoine\u2026<\/p>\n<p class=\"fig-premium-paywall__infos\">\n        Cet article est r\u00e9serv\u00e9 aux abonn\u00e9s.        Il vous reste 74% \u00e0 d\u00e9couvrir.\n    <\/p>\n<p>                <img  data- alt=\"Le Figaro\" class=\"fig-img--complete fig-img\"\/><\/p>\n<p class=\"fig-premium-paywall__title\">Vous avez envie de lire la suite ?<\/p>\n<p class=\"fig-premium-paywall__subtitle\">D\u00e9bloquez tous les articles imm\u00e9diatement.<\/p>\n<p class=\"fig-premium-paywall__connect\">\n                D\u00e9j\u00e0 abonn\u00e9\u00a0?                <a class=\"fig-premium-paywall__connect-link\" href=\"https:\/\/connect.lefigaro.fr\/login?client=horizon_web&amp;type=main&amp;redirect_uri=https%3A%2F%2Fwww.lefigaro.fr%2Fvox%2Feconomie%2Faurelie-jean-la-taxe-zucman-transformerait-la-france-en-veritable-taxe-up-nation-20250911\" data-js-gtm=\"{&quot;customCategorie&quot;: &quot;conversion&quot;, &quot;customAction&quot;: &quot;before_Landing_Connexion_paywall_auto&quot;, &quot;customLabel&quot;: &quot;bGVmaWdhcm8uZnJfXzFmMDhlZWE5LTU0YjQtNjE5MC04NjQzLTkzMDFmNThlYzA4Yl9fQXJ0aWNsZQ==_Aur\u00e9lie Jean\u00a0: \u00abLa taxe Zucman transformerait la France en v\u00e9ritable \u201ctaxe-up nation\u201d\u00bb_196&quot;, &quot;customIDSPE&quot;: &quot;bGVmaWdhcm8uZnJfXzFmMDhlZWE5LTU0YjQtNjE5MC04NjQzLTkzMDFmNThlYzA4Yl9fQXJ0aWNsZQ==&quot;, &quot;event&quot;: &quot;customEventSPE&quot;}\" target=\"_blank\" rel=\"noopener\"><br \/>\n                    Connectez-vous<br \/>\n                <\/a>\n            <\/p>\n","protected":false},"excerpt":{"rendered":"FIGAROVOX\/CHRONIQUE &#8211; L\u2019adoption d\u2019un imp\u00f4t plancher de 2% sur le patrimoine des plus grandes fortunes dissuaderait les entrepreneurs&hellip;\n","protected":false},"author":2,"featured_media":382966,"comment_status":"","ping_status":"","sticky":false,"template":"","format":"standard","meta":{"footnotes":""},"categories":[4],"tags":[11,313,1011,27,342,12,25],"class_list":{"0":"post-382965","1":"post","2":"type-post","3":"status-publish","4":"format-standard","5":"has-post-thumbnail","7":"category-france","8":"tag-actualites","9":"tag-entreprises","10":"tag-fr","11":"tag-france","12":"tag-impots","13":"tag-news","14":"tag-republique-francaise"},"share_on_mastodon":{"url":"https:\/\/pubeurope.com\/@fr\/115186107910407278","error":""},"_links":{"self":[{"href":"https:\/\/www.europesays.com\/fr\/wp-json\/wp\/v2\/posts\/382965","targetHints":{"allow":["GET"]}}],"collection":[{"href":"https:\/\/www.europesays.com\/fr\/wp-json\/wp\/v2\/posts"}],"about":[{"href":"https:\/\/www.europesays.com\/fr\/wp-json\/wp\/v2\/types\/post"}],"author":[{"embeddable":true,"href":"https:\/\/www.europesays.com\/fr\/wp-json\/wp\/v2\/users\/2"}],"replies":[{"embeddable":true,"href":"https:\/\/www.europesays.com\/fr\/wp-json\/wp\/v2\/comments?post=382965"}],"version-history":[{"count":0,"href":"https:\/\/www.europesays.com\/fr\/wp-json\/wp\/v2\/posts\/382965\/revisions"}],"wp:featuredmedia":[{"embeddable":true,"href":"https:\/\/www.europesays.com\/fr\/wp-json\/wp\/v2\/media\/382966"}],"wp:attachment":[{"href":"https:\/\/www.europesays.com\/fr\/wp-json\/wp\/v2\/media?parent=382965"}],"wp:term":[{"taxonomy":"category","embeddable":true,"href":"https:\/\/www.europesays.com\/fr\/wp-json\/wp\/v2\/categories?post=382965"},{"taxonomy":"post_tag","embeddable":true,"href":"https:\/\/www.europesays.com\/fr\/wp-json\/wp\/v2\/tags?post=382965"}],"curies":[{"name":"wp","href":"https:\/\/api.w.org\/{rel}","templated":true}]}}