{"id":38297,"date":"2025-04-20T07:14:23","date_gmt":"2025-04-20T07:14:23","guid":{"rendered":"https:\/\/www.europesays.com\/fr\/38297\/"},"modified":"2025-04-20T07:14:23","modified_gmt":"2025-04-20T07:14:23","slug":"une-juge-americaine-empeche-lequipe-delon-musk-dacceder-a-des-donnees-de-la","status":"publish","type":"post","link":"https:\/\/www.europesays.com\/fr\/38297\/","title":{"rendered":"Une juge am\u00e9ricaine emp\u00eache l\u2019\u00e9quipe d\u2019Elon Musk d\u2019acc\u00e9der \u00e0 des donn\u00e9es de la"},"content":{"rendered":"<p>C\u2019est une d\u00e9convenue pour Elon Musk. La juge am\u00e9ricaine Ellen Hollander a \u00e9mis le jeudi 17\u00a0avril 2025, une injonction pr\u00e9liminaire pour emp\u00eacher le Doge d\u2019avoir acc\u00e8s \u00e0 des donn\u00e9es personnelles d\u00e9tenues par la S\u00e9curit\u00e9 sociale (SSA). <a href=\"https:\/\/rennes.maville.com\/actu\/actudet_-etats-unis-le-doge-d-elon-musk-a-jusqu-a-juillet-pour-poursuivre-ses-coupes-budgetaires-_54135-6756102_actu.Htm\" target=\"_self\" rel=\"noopener\">Le Doge, le Department of government efficiency,<\/a> est l\u2019\u00e9quipe form\u00e9e par le patron de Tesla apr\u00e8s l\u2019\u00e9lection de Donald Trump visant \u00e0 r\u00e9duire les d\u00e9penses publiques.<\/p>\n<p>D\u2019apr\u00e8s un document judiciaire consult\u00e9 par l\u2019Agence France-Presse (AFP), les membres de la commission pour l\u2019efficacit\u00e9 gouvernementale n\u2019auront donc pas acc\u00e8s aux dossiers m\u00e9dicaux, aux relev\u00e9s bancaires ou encore aux bulletins de salaire d\u00e9tenus par la SSA.\u00a0Cette agence f\u00e9d\u00e9rale est notamment charg\u00e9e de verser les retraites et ne pourra d\u00e9sormais fournir que des donn\u00e9es anonymis\u00e9es au Doge.<\/p>\n<p>Tenter de prouver des fraudes \u00e0 la pension<\/p>\n<p>L\u2019administration Trump souhaitait y avoir acc\u00e8s pour prouver que <a href=\"https:\/\/rennes.maville.com\/actu\/actudet_-etats-unis.-la-methode-musk-brutale-et-opaque-pour-affaiblir-l-etat-federal-_54135-6666726_actu.Htm\" target=\"_self\" rel=\"noopener\">de nombreuses fraudes minent le fonctionnement de la SSA<\/a>. Ils l\u2019accusent notamment de verser des pensions \u00e0 des millions de personnes mortes depuis des ann\u00e9es.<\/p>\n<p>L\u2019affaire avait \u00e9t\u00e9 port\u00e9e en justice par l\u2019organisation Democracy Forward, deux syndicats et une association de retrait\u00e9s. Skye Perryman, la pr\u00e9sidente de l\u2019organisation, s\u2019est f\u00e9licit\u00e9 de cette issue\u00a0: <strong>\u00ab\u00a0C\u2019est un grand soulagement pour les millions de personnes qui comptent sur la S\u00e9curit\u00e9 sociale pour prot\u00e9ger leurs informations les plus personnelles et sensibles.\u00a0\u00bb<\/strong><\/p>\n<p><strong>\u00ab\u00a0La d\u00e9cision du tribunal envoie un message clair \u00e0 Elon Musk et \u00e0 ses sbires du Doge\u00a0: <a href=\"https:\/\/rennes.maville.com\/actu\/actudet_-donald-trump-veut-sabrer-un-tiers-du-budget-du-ministere-de-la-sante-_54135-6768271_actu.Htm\" target=\"_self\" rel=\"noopener\">ne touchez pas \u00e0 la S\u00e9curit\u00e9 sociale<\/a>\u00a0\u00bb,<\/strong> estime Lee Saunders, le pr\u00e9sident de l\u2019AFSCME (American Federation of State, County and Municipal Employees) l\u2019un des deux syndicats concern\u00e9s.<\/p>\n<p>\u00a0<\/p>\n","protected":false},"excerpt":{"rendered":"C\u2019est une d\u00e9convenue pour Elon Musk. La juge am\u00e9ricaine Ellen Hollander a \u00e9mis le jeudi 17\u00a0avril 2025, une&hellip;\n","protected":false},"author":2,"featured_media":38298,"comment_status":"","ping_status":"","sticky":false,"template":"","format":"standard","meta":{"footnotes":""},"categories":[2815],"tags":[12075,1111,11,6370,12076,12074,12073,2263,1777,674,1011,27,811,9342,1307,3997,12,25,656,2812],"class_list":{"0":"post-38297","1":"post","2":"type-post","3":"status-publish","4":"format-standard","5":"has-post-thumbnail","7":"category-lille","8":"tag-acceder","9":"tag-actu","10":"tag-actualites","11":"tag-americaine","12":"tag-donnees","13":"tag-elon","14":"tag-empeche","15":"tag-equipe","16":"tag-eu","17":"tag-europe","18":"tag-fr","19":"tag-france","20":"tag-hauts-de-france","21":"tag-juge","22":"tag-lille","23":"tag-musk","24":"tag-news","25":"tag-republique-francaise","26":"tag-securite","27":"tag-sociale"},"share_on_mastodon":{"url":"https:\/\/pubeurope.com\/@fr\/114369060215693156","error":""},"_links":{"self":[{"href":"https:\/\/www.europesays.com\/fr\/wp-json\/wp\/v2\/posts\/38297","targetHints":{"allow":["GET"]}}],"collection":[{"href":"https:\/\/www.europesays.com\/fr\/wp-json\/wp\/v2\/posts"}],"about":[{"href":"https:\/\/www.europesays.com\/fr\/wp-json\/wp\/v2\/types\/post"}],"author":[{"embeddable":true,"href":"https:\/\/www.europesays.com\/fr\/wp-json\/wp\/v2\/users\/2"}],"replies":[{"embeddable":true,"href":"https:\/\/www.europesays.com\/fr\/wp-json\/wp\/v2\/comments?post=38297"}],"version-history":[{"count":0,"href":"https:\/\/www.europesays.com\/fr\/wp-json\/wp\/v2\/posts\/38297\/revisions"}],"wp:featuredmedia":[{"embeddable":true,"href":"https:\/\/www.europesays.com\/fr\/wp-json\/wp\/v2\/media\/38298"}],"wp:attachment":[{"href":"https:\/\/www.europesays.com\/fr\/wp-json\/wp\/v2\/media?parent=38297"}],"wp:term":[{"taxonomy":"category","embeddable":true,"href":"https:\/\/www.europesays.com\/fr\/wp-json\/wp\/v2\/categories?post=38297"},{"taxonomy":"post_tag","embeddable":true,"href":"https:\/\/www.europesays.com\/fr\/wp-json\/wp\/v2\/tags?post=38297"}],"curies":[{"name":"wp","href":"https:\/\/api.w.org\/{rel}","templated":true}]}}