{"id":382977,"date":"2025-09-11T14:26:13","date_gmt":"2025-09-11T14:26:13","guid":{"rendered":"https:\/\/www.europesays.com\/fr\/382977\/"},"modified":"2025-09-11T14:26:13","modified_gmt":"2025-09-11T14:26:13","slug":"a-toulon-les-parcs-et-les-jardins-fermes-ce-jeudi-apres-midi-a-cause-de-la-meteo","status":"publish","type":"post","link":"https:\/\/www.europesays.com\/fr\/382977\/","title":{"rendered":"\u00c0 Toulon les parcs et les jardins ferm\u00e9s ce jeudi apr\u00e8s-midi \u00e0 cause de la m\u00e9t\u00e9o"},"content":{"rendered":"<p>Sur Toulon, le vent s\u2019est progressivement lev\u00e9 depuis ce jeudi matin. Et visiblement cela ne devrait pas s\u2019arranger cet apr\u00e8s-midi. Des<strong> rafales \u00e0 70km\/h<\/strong> sont annonc\u00e9es par <strong>M\u00e9t\u00e9o France.<\/strong><\/p>\n<p>La Ville a ainsi d\u00e9cid\u00e9, par mesure de pr\u00e9cautions, d\u2019interdire l\u2019acc\u00e8s \u00e0 ses <strong>parcs<\/strong> et <strong>jardins<\/strong>.<\/p>\n<p>Il ne sera donc pas possible ce jeudi apr\u00e8s-midi d\u2019aller fl\u00e2ner \u00e0 <strong>Chalucet<\/strong> ou encore \u00e0 <strong>La Loubi\u00e8re.<\/strong><\/p>\n<p>La mairie a pr\u00e9cis\u00e9 sur ses r\u00e9seaux sociaux que les infrastructures rouvriront vendredi aux horaires habituels.<\/p>\n","protected":false},"excerpt":{"rendered":"Sur Toulon, le vent s\u2019est progressivement lev\u00e9 depuis ce jeudi matin. Et visiblement cela ne devrait pas s\u2019arranger&hellip;\n","protected":false},"author":2,"featured_media":382978,"comment_status":"","ping_status":"","sticky":false,"template":"","format":"standard","meta":{"footnotes":""},"categories":[9619],"tags":[1111,11,1777,674,1011,27,12,882,25,2310,3366],"class_list":{"0":"post-382977","1":"post","2":"type-post","3":"status-publish","4":"format-standard","5":"has-post-thumbnail","7":"category-toulon","8":"tag-actu","9":"tag-actualites","10":"tag-eu","11":"tag-europe","12":"tag-fr","13":"tag-france","14":"tag-news","15":"tag-provence-alpes-cote-dazur","16":"tag-republique-francaise","17":"tag-toulon","18":"tag-vie-locale"},"share_on_mastodon":{"url":"https:\/\/pubeurope.com\/@fr\/115186131648366960","error":""},"_links":{"self":[{"href":"https:\/\/www.europesays.com\/fr\/wp-json\/wp\/v2\/posts\/382977","targetHints":{"allow":["GET"]}}],"collection":[{"href":"https:\/\/www.europesays.com\/fr\/wp-json\/wp\/v2\/posts"}],"about":[{"href":"https:\/\/www.europesays.com\/fr\/wp-json\/wp\/v2\/types\/post"}],"author":[{"embeddable":true,"href":"https:\/\/www.europesays.com\/fr\/wp-json\/wp\/v2\/users\/2"}],"replies":[{"embeddable":true,"href":"https:\/\/www.europesays.com\/fr\/wp-json\/wp\/v2\/comments?post=382977"}],"version-history":[{"count":0,"href":"https:\/\/www.europesays.com\/fr\/wp-json\/wp\/v2\/posts\/382977\/revisions"}],"wp:featuredmedia":[{"embeddable":true,"href":"https:\/\/www.europesays.com\/fr\/wp-json\/wp\/v2\/media\/382978"}],"wp:attachment":[{"href":"https:\/\/www.europesays.com\/fr\/wp-json\/wp\/v2\/media?parent=382977"}],"wp:term":[{"taxonomy":"category","embeddable":true,"href":"https:\/\/www.europesays.com\/fr\/wp-json\/wp\/v2\/categories?post=382977"},{"taxonomy":"post_tag","embeddable":true,"href":"https:\/\/www.europesays.com\/fr\/wp-json\/wp\/v2\/tags?post=382977"}],"curies":[{"name":"wp","href":"https:\/\/api.w.org\/{rel}","templated":true}]}}