{"id":382994,"date":"2025-09-11T14:35:20","date_gmt":"2025-09-11T14:35:20","guid":{"rendered":"https:\/\/www.europesays.com\/fr\/382994\/"},"modified":"2025-09-11T14:35:20","modified_gmt":"2025-09-11T14:35:20","slug":"mercato-rennes-alemdar-finalement-vers-basaksehir-yildirim-aussi","status":"publish","type":"post","link":"https:\/\/www.europesays.com\/fr\/382994\/","title":{"rendered":"Mercato Rennes\u00a0: Alemdar finalement vers Basaksehir, Yildirim aussi\u00a0?"},"content":{"rendered":"<p class=\"paragraph text_align_left lp-f-body-02\">Dogan Alemdar devrait quitter le Stade Rennais pour retourner en Turquie, mais, <a href=\"https:\/\/www.leparisien.fr\/sports\/football\/ligue-1\/mercato-rennes-alemdar-et-yildirim-vont-etre-transferes-en-turquie-09-09-2025-C5J4XYSXD5G5BLTLPDULM5DXPY.php\" target=\"_blank\" rel=\"nofollow noopener\">alors qu\u2019il se dirigeait vers G\u00f6ztepe<\/a>, le gardien international turc de 22\u00a0ans pourrait finalement s\u2019engager avec un autre club de S\u00fcperLig (premi\u00e8re division). M\u00eame chose pour l\u2019attaquant Bertug Yildirim.<\/p>\n<p class=\"paragraph text_align_left lp-f-body-02\">En effet, alors qu\u2019un double transfert semblait act\u00e9 il y a 48\u00a0heures avec G\u00f6ztepe, le dossier a connu plusieurs rebondissements. Istanbul Basaksehir semble avoir pris les devants pour r\u00e9cup\u00e9rer les deux joueurs, mais l\u2019agitation des derniers jours incite \u00e0 la plus grande prudence. G\u00f6ztepe n\u2019a peut-\u00eatre pas dit son dernier mot.<\/p>\n<p class=\"paragraph text_align_left lp-f-body-02\">Alemdar, sous contrat jusqu\u2019en 2027, \u00e9tait la doublure de Brice Samba sur le d\u00e9but de saison. Yildirim, li\u00e9 \u00e0 Rennes jusqu\u2019en 2028, allait manquer de temps de jeu apr\u00e8s les arriv\u00e9es de <a href=\"https:\/\/www.leparisien.fr\/sports\/football\/ligue-1\/mercato-monaco-lattaquant-breel-embolo-tout-proche-de-rennes-31-08-2025-LFQJ2UJFC5DTVNG3H2HNNAVOPE.php\" rel=\"nofollow noopener\" target=\"_blank\">Breel Embolo<\/a> et <a href=\"https:\/\/www.leparisien.fr\/sports\/football\/ligue-1\/mercato-rennes-lattaquant-esteban-lepaul-arrive-27-08-2025-6UXXINPYLBD6TDRQ6G3IQLF42M.php\" rel=\"nofollow noopener\" target=\"_blank\">Esteban Lepaul<\/a>.<\/p>\n<p class=\"paragraph text_align_left lp-f-body-02\">D\u00e9j\u00e0 cl\u00f4tur\u00e9 en France, le mercato se termine ce vendredi 12\u00a0septembre en Turquie.<\/p>\n","protected":false},"excerpt":{"rendered":"Dogan Alemdar devrait quitter le Stade Rennais pour retourner en Turquie, mais, alors qu\u2019il se dirigeait vers G\u00f6ztepe,&hellip;\n","protected":false},"author":2,"featured_media":382995,"comment_status":"","ping_status":"","sticky":false,"template":"","format":"standard","meta":{"footnotes":""},"categories":[2821],"tags":[1111,11,829,1777,674,63,1011,27,66,12,584,25,60],"class_list":{"0":"post-382994","1":"post","2":"type-post","3":"status-publish","4":"format-standard","5":"has-post-thumbnail","7":"category-rennes","8":"tag-actu","9":"tag-actualites","10":"tag-bretagne","11":"tag-eu","12":"tag-europe","13":"tag-football","14":"tag-fr","15":"tag-france","16":"tag-ligue-1","17":"tag-news","18":"tag-rennes","19":"tag-republique-francaise","20":"tag-sports"},"share_on_mastodon":{"url":"https:\/\/pubeurope.com\/@fr\/115186167043523928","error":""},"_links":{"self":[{"href":"https:\/\/www.europesays.com\/fr\/wp-json\/wp\/v2\/posts\/382994","targetHints":{"allow":["GET"]}}],"collection":[{"href":"https:\/\/www.europesays.com\/fr\/wp-json\/wp\/v2\/posts"}],"about":[{"href":"https:\/\/www.europesays.com\/fr\/wp-json\/wp\/v2\/types\/post"}],"author":[{"embeddable":true,"href":"https:\/\/www.europesays.com\/fr\/wp-json\/wp\/v2\/users\/2"}],"replies":[{"embeddable":true,"href":"https:\/\/www.europesays.com\/fr\/wp-json\/wp\/v2\/comments?post=382994"}],"version-history":[{"count":0,"href":"https:\/\/www.europesays.com\/fr\/wp-json\/wp\/v2\/posts\/382994\/revisions"}],"wp:featuredmedia":[{"embeddable":true,"href":"https:\/\/www.europesays.com\/fr\/wp-json\/wp\/v2\/media\/382995"}],"wp:attachment":[{"href":"https:\/\/www.europesays.com\/fr\/wp-json\/wp\/v2\/media?parent=382994"}],"wp:term":[{"taxonomy":"category","embeddable":true,"href":"https:\/\/www.europesays.com\/fr\/wp-json\/wp\/v2\/categories?post=382994"},{"taxonomy":"post_tag","embeddable":true,"href":"https:\/\/www.europesays.com\/fr\/wp-json\/wp\/v2\/tags?post=382994"}],"curies":[{"name":"wp","href":"https:\/\/api.w.org\/{rel}","templated":true}]}}