{"id":383015,"date":"2025-09-11T14:46:13","date_gmt":"2025-09-11T14:46:13","guid":{"rendered":"https:\/\/www.europesays.com\/fr\/383015\/"},"modified":"2025-09-11T14:46:13","modified_gmt":"2025-09-11T14:46:13","slug":"braderie-de-lille-2025-avec-pres-de-15-million-de-tickets-valides-ilevia-soffre-un-record-daffluence","status":"publish","type":"post","link":"https:\/\/www.europesays.com\/fr\/383015\/","title":{"rendered":"Braderie de Lille 2025. Avec pr\u00e8s de 1,5 million de tickets valid\u00e9s, Il\u00e9via s&rsquo;offre un record d&rsquo;affluence"},"content":{"rendered":"<p>            Par<br \/>\n        <strong><br \/>\n            <a href=\"https:\/\/actu.fr\/auteur\/margot-nicodeme\" title=\"Consulter tous les articles de Margot Nicod\u00e8me\" target=\"_blank\" rel=\"noopener\">Margot Nicod\u00e8me<\/a><br \/>\n        <\/strong><\/p>\n<p>        Publi\u00e9 le<\/p>\n<p>            11 sept. 2025 \u00e0 16h15        <\/p>\n<p>2024 \u00e9tait <a href=\"https:\/\/actu.fr\/hauts-de-france\/lille_59350\/bilan-braderie-a-lille-plus-de-13-million-de-validations-sur-le-reseau-ilevia-en-trois-jours_61622684.html\" target=\"_blank\" rel=\"noopener\">d\u00e9j\u00e0 une \u00e9dition record<\/a>,<b> 2025 a \u00e9t\u00e9 encore plus fort<\/b>. <a href=\"https:\/\/actu.fr\/tag\/ilevia\" target=\"_blank\" rel=\"noopener\">Il\u00e9via<\/a> annonce ce jeudi 11 septembre que le grand week-end de <a href=\"https:\/\/actu.fr\/tag\/braderie-de-lille\" target=\"_blank\" rel=\"noopener\">Braderie de Lille<\/a> a affich\u00e9 <b>une fr\u00e9quentation in\u00e9gal\u00e9e<\/b> <b>des transports<\/b> de son r\u00e9seau. Alors que ces trois jours d\u2019\u00e9v\u00e9nement se sont \u00e0 peu pr\u00e8s d\u00e9roul\u00e9s sans <a href=\"https:\/\/actu.fr\/hauts-de-france\/lille_59350\/la-ligne-1-du-metro-de-lille-ilevia-interrompue-ce-lundi-1er-septembre-jour-de-rentree-scolaire_63098884.html\" target=\"_blank\" rel=\"noopener\">panne<\/a>, \u00e0 la diff\u00e9rence <a href=\"https:\/\/actu.fr\/hauts-de-france\/lille_59350\/metro-de-lille-pannes-a-repetition-sur-la-ligne-1-entre-mercredi-et-jeudi-le-pilote-automatique-en-cause_63116899.html\" target=\"_blank\" rel=\"noopener\">du tumulte des jours pr\u00e9c\u00e9dents<\/a>, ce sont <b>1,45 million de tickets qui ont \u00e9t\u00e9 valid\u00e9s<\/b>. Entre les 5 et 7 septembre, \u00ab\u00a0cela repr\u00e9sente <b>une progression de + 4%<\/b> sur l\u2019ensemble du r\u00e9seau par rapport \u00e0 2024, qui constituait d\u00e9j\u00e0 une ann\u00e9e record\u00a0\u00bb, se r\u00e9jouit l\u2019exploitant.\u00a0<\/p>\n<p>Record de fr\u00e9quentation battu pour la Braderie de Lille 2025, avec des pics nocturnes<\/p>\n<p class=\" wall-content\">Pour cette \u00e9dition encore, les deux lignes de m\u00e9tro et de tramway ont circul\u00e9 en continu, ce qui a consid\u00e9rablement <b>boost\u00e9 la fr\u00e9quentation nocturne<\/b>. Des pics \u00ab\u00a0allant jusqu\u2019\u00e0 +40 \u00e0 +50% sur certaines tranches horaires de nuit, notamment sur le r\u00e9seau m\u00e9tro\u00a0\u00bb, sont ainsi rapport\u00e9s par Il\u00e9via.\u00a0<\/p>\n<p class=\" wall-content\">De fa\u00e7on g\u00e9n\u00e9rale, la progression concerne l\u2019int\u00e9gralit\u00e9 du r\u00e9seau, et sur les trois journ\u00e9es : +2% le vendredi, +5% le samedi et +6% le dimanche. L\u2019\u00e9quivalent de 1,45 million de validations de titres de transport, <a href=\"https:\/\/actu.fr\/hauts-de-france\/lille_59350\/bilan-braderie-a-lille-plus-de-13-million-de-validations-sur-le-reseau-ilevia-en-trois-jours_61622684.html\" target=\"_blank\" rel=\"noopener\">contre 1,3 million en 2024<\/a>.<\/p>\n<p class=\" wall-content\">Autre succ\u00e8s mentionn\u00e9 par Il\u00e9via : l\u2019exp\u00e9rimentation, pour la premi\u00e8re fois, <b>de \u00ab\u00a0safe places\u00a0\u00bb <\/b>dans trois stations strat\u00e9giques (Gare Lille-Flandres, R\u00e9publique Beaux-Arts et Rihour) en partenariat avec UMAY, une application citoyenne pour s\u00e9curiser les d\u00e9placements. Ces \u00ab\u00a0espaces s\u00e9curis\u00e9s, situ\u00e9s avant les portillons de contr\u00f4le\u00a0\u00bb \u00e9taient g\u00e9r\u00e9s par une quarantaine de collaborateurs form\u00e9s.<\/p>\n<p>Des voyageurs accueillis dans les \u00ab\u00a0safe places\u00a0\u00bb, nouveau dispositif dans trois stations de m\u00e9tro<\/p>\n<p class=\" wall-content\">Ce sont quelque 130 personnes qui ont sollicit\u00e9 des renseignements sur l\u2019application UMAY sur les trois jours. En parall\u00e8le, \u00ab\u00a0<b>plusieurs voyageurs [y] ont \u00e9t\u00e9 pris en charge<\/b>, t\u00e9moignant de la diversit\u00e9 des besoins : situations li\u00e9es \u00e0 des incivilit\u00e9s, accompagnement de personnes en \u00e9tat de vuln\u00e9rabilit\u00e9 ou encore demandes ponctuelles de soutien\u00a0\u00bb.\u00a0<\/p>\n<p class=\" wall-content\">Enfin, plus de 700 agents \u00e9taient mobilis\u00e9s pour ce long week-end de bonnes affaires et de f\u00eate, pour faciliter la vente des tickets, \u00ab\u00a0g\u00e9rer les flux et garantir la s\u00e9curit\u00e9 des voyageurs\u00a0\u00bb, conclut Il\u00e9via.<\/p>\n<p class=\" wall-content\">Personnalisez votre actualit\u00e9 en ajoutant vos villes et m\u00e9dias en favori avec <a href=\"https:\/\/moncompte.actu.fr\" title=\"D\u00e9couvez Mon Actu\" rel=\"nofollow noopener\" data-trk=\"{&quot;cta&quot;:{&quot;action&quot;:&quot;https:\\\/\\\/moncompte.actu.fr&quot;,&quot;category&quot;:&quot;mon compte&quot;,&quot;from&quot;:&quot;article footer&quot;,&quot;name&quot;:&quot;Mon actu&quot;,&quot;type&quot;:&quot;cta&quot;}}\" target=\"_blank\">Mon Actu<\/a>.<\/p>\n","protected":false},"excerpt":{"rendered":"Par Margot Nicod\u00e8me Publi\u00e9 le 11 sept. 2025 \u00e0 16h15 2024 \u00e9tait d\u00e9j\u00e0 une \u00e9dition record, 2025 a&hellip;\n","protected":false},"author":2,"featured_media":383016,"comment_status":"","ping_status":"","sticky":false,"template":"","format":"standard","meta":{"footnotes":""},"categories":[2815],"tags":[1111,11,18703,1777,674,1011,27,811,4288,1307,12,25,104,2803],"class_list":{"0":"post-383015","1":"post","2":"type-post","3":"status-publish","4":"format-standard","5":"has-post-thumbnail","7":"category-lille","8":"tag-actu","9":"tag-actualites","10":"tag-braderie-de-lille","11":"tag-eu","12":"tag-europe","13":"tag-fr","14":"tag-france","15":"tag-hauts-de-france","16":"tag-ilevia","17":"tag-lille","18":"tag-news","19":"tag-republique-francaise","20":"tag-societe","21":"tag-transport"},"share_on_mastodon":{"url":"https:\/\/pubeurope.com\/@fr\/115186210396029593","error":""},"_links":{"self":[{"href":"https:\/\/www.europesays.com\/fr\/wp-json\/wp\/v2\/posts\/383015","targetHints":{"allow":["GET"]}}],"collection":[{"href":"https:\/\/www.europesays.com\/fr\/wp-json\/wp\/v2\/posts"}],"about":[{"href":"https:\/\/www.europesays.com\/fr\/wp-json\/wp\/v2\/types\/post"}],"author":[{"embeddable":true,"href":"https:\/\/www.europesays.com\/fr\/wp-json\/wp\/v2\/users\/2"}],"replies":[{"embeddable":true,"href":"https:\/\/www.europesays.com\/fr\/wp-json\/wp\/v2\/comments?post=383015"}],"version-history":[{"count":0,"href":"https:\/\/www.europesays.com\/fr\/wp-json\/wp\/v2\/posts\/383015\/revisions"}],"wp:featuredmedia":[{"embeddable":true,"href":"https:\/\/www.europesays.com\/fr\/wp-json\/wp\/v2\/media\/383016"}],"wp:attachment":[{"href":"https:\/\/www.europesays.com\/fr\/wp-json\/wp\/v2\/media?parent=383015"}],"wp:term":[{"taxonomy":"category","embeddable":true,"href":"https:\/\/www.europesays.com\/fr\/wp-json\/wp\/v2\/categories?post=383015"},{"taxonomy":"post_tag","embeddable":true,"href":"https:\/\/www.europesays.com\/fr\/wp-json\/wp\/v2\/tags?post=383015"}],"curies":[{"name":"wp","href":"https:\/\/api.w.org\/{rel}","templated":true}]}}