{"id":383017,"date":"2025-09-11T14:47:13","date_gmt":"2025-09-11T14:47:13","guid":{"rendered":"https:\/\/www.europesays.com\/fr\/383017\/"},"modified":"2025-09-11T14:47:13","modified_gmt":"2025-09-11T14:47:13","slug":"de-lagos-a-lille-la-photographe-rachel-seidu-documente-la-liberte-relative-des-communautes-queers","status":"publish","type":"post","link":"https:\/\/www.europesays.com\/fr\/383017\/","title":{"rendered":"De Lagos \u00e0 Lille, la photographe Rachel Seidu documente la libert\u00e9 relative des communaut\u00e9s queers"},"content":{"rendered":"<p>Immersion dans l\u2019intimit\u00e9 des personnes LGBTQIA+, entre un pays o\u00f9 l\u2019homosexualit\u00e9 est punie de prison, et un autre o\u00f9 le mariage entre personnes du m\u00eame sexe est l\u00e9gal.<\/p>\n<p>L\u2019herbe est-elle plus verte ailleurs ? C\u2019est la question que s\u2019est pos\u00e9e la photographe Rachel Seidu. Nig\u00e9riane et queer dans un pays qui punit d\u2019emprisonnement l\u2019homosexualit\u00e9 et la transidentit\u00e9, la jeune artiste, qui centre son travail sur les th\u00e8mes du genre, de la sexualit\u00e9 et de l\u2019intimit\u00e9, a \u00e9t\u00e9 invit\u00e9e en r\u00e9sidence dans la communaut\u00e9 queer lilloise. Une fa\u00e7on de croiser portraits et moments d\u2019intimit\u00e9 dans des communaut\u00e9s queers aux marges de libert\u00e9 radicalement diff\u00e9rentes. Et de se rendre compte que, m\u00eame dans les lieux r\u00e9put\u00e9s comme s\u00fbrs, la notion de libert\u00e9 reste toute relative. De cette r\u00e9sidence est n\u00e9e l\u2019exposition <a href=\"https:\/\/www.institut-photo.com\/event\/peas-in-a-pod\/\" target=\"_blank\" rel=\"noopener\">\u00ab\u00a0Peas in a pod*\u00a0\u00bb<\/a>, visible du 19 septembre au 20 d\u00e9cembre 2025, au Th\u00e9\u00e2tre du Nord de Lille et organis\u00e9e par l\u2019Institut pour la photographie de Lille.<\/p>\n<p class=\"text-konbiniBlack px-3 pt-0 text-left font-bold text-2xl\">\u00c0 voir aussi sur Konbini<\/p>\n<p>\u00ab\u00a0Le projet \u00ab\u00a0Peas in a Pod*\u00a0\u00bb est n\u00e9 d\u2019une curiosit\u00e9 et d\u2019un besoin personnel \u2013 \u00e9tant une Nig\u00e9riane queer, j\u2019ai souvent entendu dire que la vie serait meilleure \u00ab\u00a0l\u00e0-bas\u00a0\u00bb, que toutes les difficult\u00e9s dispara\u00eetraient en quittant le Nig\u00e9ria. C\u2019est un espoir auquel beaucoup d\u2019entre nous s\u2019accrochent, parfois d\u00e9sesp\u00e9r\u00e9ment. Mais lorsque j\u2019ai commenc\u00e9 \u00e0 voyager, \u00e0 parler avec d\u2019autres personnes queers et \u00e0 documenter leur vie \u00e0 travers la photographie, j\u2019ai r\u00e9alis\u00e9 que la libert\u00e9 ne nous est jamais totalement offerte \u2013 pas m\u00eame dans les espaces consid\u00e9r\u00e9s comme s\u00fbrs\u00a0\u00bb, d\u00e9roule Rachel Seidu.<\/p>\n<p><img alt=\"\"  src=\"https:\/\/www.europesays.com\/fr\/wp-content\/uploads\/2025\/09\/peasinapod2.jpg\" width=\"1000\" height=\"667\" decoding=\"async\" data-nimg=\"1\" class=\"mx-auto\" loading=\"lazy\" style=\"color:transparent;object-fit:contain\"\/><\/p>\n<p><strong>Same Sex Marriage Prohibition Act et humiliations publiques<\/strong><\/p>\n<p>N\u00e9e en 1997, la photographe nig\u00e9riane immortalise, \u00e0 Lagos, les instants d\u2019intimit\u00e9 heureux de la communaut\u00e9 queer. La douceur de ses images contraste largement avec le traitement des personnes LGBTQIA+ au Nig\u00e9ria, o\u00f9 l\u2019homosexualit\u00e9 est consid\u00e9r\u00e9e comme un crime. Depuis le Same Sex Marriage Prohibition Act (SSMP) promulgu\u00e9 en 2014, l\u2019homosexualit\u00e9 est punie d\u2019une peine de 10 ans de prison, \u00e9tendue \u00e0 14 ans en cas d\u2019union.<\/p>\n<p>Les d\u00e9monstrations affectives entre personnes du m\u00eame sexe sont elles aussi punies par la loi, tandis que cette hostilit\u00e9 est aussi nourrie par la population nig\u00e9riane, dont <a href=\"https:\/\/whereloveisacrime.org\/files\/2023\/05\/SOCIAL-PERCEPTION-SURVEY-ON-LESBIAN-GAY-BISEXUAL-AND-TRANSGENDER-PERSONS-RIGHTS-IN-NIGERIA-1.pdf\" target=\"_blank\" rel=\"noopener\">pr\u00e8s de la moiti\u00e9<\/a> se d\u00e9clare en faveur du du SSMP \u2013 un chiffre toutefois en d\u00e9clin puisqu\u2019un an apr\u00e8s sa promulgation, 77 % des r\u00e9pondants soutenaient la loi. Une part homophobe de la population alimente quant \u00e0 elle \u00e0 une autre forme de violence, le <a href=\"https:\/\/www.huckmag.com\/article\/the-dangers-of-queer-dating-in-nigeria-kito-diaries\" target=\"_blank\" rel=\"noopener\">\u00ab\u00a0kito\u00a0\u00bb<\/a>, qui consiste \u00e0 cr\u00e9er de faux profils ouvertement homosexuels sur les r\u00e9seaux sociaux pour d\u00e9busquer, violenter, humilier et extorquer leurs victimes.<\/p>\n<p><img alt=\"\"  src=\"https:\/\/www.europesays.com\/fr\/wp-content\/uploads\/2025\/09\/peasinapod4.jpg\" width=\"1000\" height=\"667\" decoding=\"async\" data-nimg=\"1\" class=\"mx-auto\" loading=\"lazy\" style=\"color:transparent;object-fit:contain\"\/><\/p>\n<p><strong>Faire la lumi\u00e8re sur les espaces de r\u00e9sistance<\/strong><\/p>\n<p>Dans ce contexte violent et oppressant, Rachel Seidu capture les espaces de r\u00e9sistance, dont la sc\u00e8ne ballroom, o\u00f9 les communaut\u00e9s queers trouvent de minces filets de libert\u00e9 dans lesquels exister, aimer et faire famille. En parall\u00e8le, l\u2019artiste a explor\u00e9 la sc\u00e8ne LGBTQIA+ de Lille durant deux semaines et est all\u00e9e \u00e0 la rencontre de la sc\u00e8ne drag, de personnes queers racis\u00e9es, de couples lesbiens et gays\u2026 Au plus pr\u00e8s de ses sujets, qu\u2019elle raconte dans des portraits lumineux, la photographe a eu l\u2019opportunit\u00e9 de saisir des diff\u00e9rences, mais aussi des similitudes entre ses deux terrains d\u2019investigation :<\/p>\n<p>\u00ab\u00a0En France comme au Nig\u00e9ria, les personnes queers se cr\u00e9ent des espaces de s\u00e9curit\u00e9, restent profond\u00e9ment attach\u00e9es aux familles qu\u2019elles se sont choisies et font face \u00e0 des microagressions ainsi qu\u2019\u00e0 des probl\u00e8mes structurels qui ne disparaissent pas comme par magie avec un visa. Il y a aussi une tendresse partag\u00e9e : le fait que les gens prennent soin les uns des autres, que la joie devienne une forme de r\u00e9sistance et que nos vies ne s\u2019arr\u00eatent pas \u00e0 cause de la douleur. Au Nig\u00e9ria, la survie prend souvent une forme plus \u00ab\u00a0bruyante\u00a0\u00bb. En France, elle est plus discr\u00e8te, mais bien pr\u00e9sente. La pression de la norme et les peurs int\u00e9rioris\u00e9es ne disparaissent pas simplement parce que l\u2019on franchit une fronti\u00e8re.\u00a0\u00bb<\/p>\n<p>Le projet \u00ab\u00a0Peas in a pod*\u00a0\u00bb, que l\u2019on peut traduire par \u00ab\u00a0Comme deux gouttes d\u2019eau\u00a0\u00bb, met ainsi en parall\u00e8le des v\u00e9cus queers dans deux contextes politiques et sociaux radicalement diff\u00e9rents. Et la photographe nig\u00e9riane compte bien ajouter d\u2019autres gouttes d\u2019eau \u00e0 son projet, en allant photographier d\u2019autres communaut\u00e9s, comme \u00e0 Berlin, \u00e0 Johannesburg et \u00e0 S\u00e3o Paulo. \u00ab\u00a0Je souhaite que ce projet soit per\u00e7u comme un dialogue \u00e0 l\u2019\u00e9chelle mondiale, qui ne porte pas uniquement sur les difficult\u00e9s, mais aussi sur la tendresse et la r\u00e9silience \u2013 sur ces petits rituels et ces communaut\u00e9s qui nous permettent de continuer \u00e0 avancer, o\u00f9 que nous soyons\u00a0\u00bb.<\/p>\n<p><img alt=\"\"  src=\"https:\/\/www.europesays.com\/fr\/wp-content\/uploads\/2025\/09\/peasinapod3.jpg\" width=\"1000\" height=\"1500\" decoding=\"async\" data-nimg=\"1\" class=\"mx-auto\" loading=\"lazy\" style=\"color:transparent;object-fit:contain\"\/><img alt=\"\"  src=\"https:\/\/www.europesays.com\/fr\/wp-content\/uploads\/2025\/09\/peasinapod1.jpg\" width=\"1000\" height=\"667\" decoding=\"async\" data-nimg=\"1\" class=\"mx-auto\" loading=\"lazy\" style=\"color:transparent;object-fit:contain\"\/><\/p>\n<p>L\u2019exposition <a href=\"https:\/\/www.institut-photo.com\/event\/peas-in-a-pod\/\" target=\"_blank\" rel=\"noopener\">\u00ab\u00a0Peas in a pod*\u00a0\u00bb<\/a> de Rachel Seidu est visible au Th\u00e9\u00e2tre du Nord de Lille, et organis\u00e9e par l\u2019Institut pour la photographie de Lille, du 19 septembre au 20 d\u00e9cembre 2025.<\/p>\n<p>Konbini, partenaire de l\u2019Institut de la photographie.<\/p>\n","protected":false},"excerpt":{"rendered":"Immersion dans l\u2019intimit\u00e9 des personnes LGBTQIA+, entre un pays o\u00f9 l\u2019homosexualit\u00e9 est punie de prison, et un autre&hellip;\n","protected":false},"author":2,"featured_media":383018,"comment_status":"","ping_status":"","sticky":false,"template":"","format":"standard","meta":{"footnotes":""},"categories":[2815],"tags":[1111,11,1777,674,1011,27,811,1307,12,1970,25],"class_list":{"0":"post-383017","1":"post","2":"type-post","3":"status-publish","4":"format-standard","5":"has-post-thumbnail","7":"category-lille","8":"tag-actu","9":"tag-actualites","10":"tag-eu","11":"tag-europe","12":"tag-fr","13":"tag-france","14":"tag-hauts-de-france","15":"tag-lille","16":"tag-news","17":"tag-pop-culture","18":"tag-republique-francaise"},"share_on_mastodon":{"url":"https:\/\/pubeurope.com\/@fr\/115186214488029449","error":""},"_links":{"self":[{"href":"https:\/\/www.europesays.com\/fr\/wp-json\/wp\/v2\/posts\/383017","targetHints":{"allow":["GET"]}}],"collection":[{"href":"https:\/\/www.europesays.com\/fr\/wp-json\/wp\/v2\/posts"}],"about":[{"href":"https:\/\/www.europesays.com\/fr\/wp-json\/wp\/v2\/types\/post"}],"author":[{"embeddable":true,"href":"https:\/\/www.europesays.com\/fr\/wp-json\/wp\/v2\/users\/2"}],"replies":[{"embeddable":true,"href":"https:\/\/www.europesays.com\/fr\/wp-json\/wp\/v2\/comments?post=383017"}],"version-history":[{"count":0,"href":"https:\/\/www.europesays.com\/fr\/wp-json\/wp\/v2\/posts\/383017\/revisions"}],"wp:featuredmedia":[{"embeddable":true,"href":"https:\/\/www.europesays.com\/fr\/wp-json\/wp\/v2\/media\/383018"}],"wp:attachment":[{"href":"https:\/\/www.europesays.com\/fr\/wp-json\/wp\/v2\/media?parent=383017"}],"wp:term":[{"taxonomy":"category","embeddable":true,"href":"https:\/\/www.europesays.com\/fr\/wp-json\/wp\/v2\/categories?post=383017"},{"taxonomy":"post_tag","embeddable":true,"href":"https:\/\/www.europesays.com\/fr\/wp-json\/wp\/v2\/tags?post=383017"}],"curies":[{"name":"wp","href":"https:\/\/api.w.org\/{rel}","templated":true}]}}