{"id":383025,"date":"2025-09-11T14:51:15","date_gmt":"2025-09-11T14:51:15","guid":{"rendered":"https:\/\/www.europesays.com\/fr\/383025\/"},"modified":"2025-09-11T14:51:15","modified_gmt":"2025-09-11T14:51:15","slug":"jai-entendu-la-victime-agoniser","status":"publish","type":"post","link":"https:\/\/www.europesays.com\/fr\/383025\/","title":{"rendered":"J&rsquo;ai entendu la victime agoniser"},"content":{"rendered":"<p>            Par<br \/>\n        <strong><br \/>\n            <a href=\"https:\/\/actu.fr\/auteur\/julien-damboise\" title=\"Consulter tous les articles de Julien Damboise\" rel=\"nofollow noopener\" target=\"_blank\">Julien Damboise<\/a><br \/>\n        <\/strong><\/p>\n<p>        Publi\u00e9 le<\/p>\n<p>            11 sept. 2025 \u00e0 16h30        <\/p>\n<p>Le <strong>choc est immense<\/strong> dans le quartier de Gorge de Loup, dans le 9e arrondissement de <a href=\"https:\/\/actu.fr\/auvergne-rhone-alpes\/lyon_69123\" rel=\"nofollow noopener\" target=\"_blank\">Lyon<\/a>, ce jeudi 11 septembre. Mercredi soir, un homme a \u00e9t\u00e9 <strong>tu\u00e9 \u00e0 l\u2019arme blanche<\/strong> <a href=\"https:\/\/actu.fr\/auvergne-rhone-alpes\/lyon_69123\/lyon-un-homme-en-fauteuil-roulant-tue-a-l-arme-blanche-en-pleine-rue_63146659.html\" rel=\"nofollow noopener\" target=\"_blank\">au pied d\u2019un immeuble d\u2019habitations<\/a>. Les riverains t\u00e9moignent aupr\u00e8s d\u2019actu Lyon.<br \/>Sur les lieux du crime, qui s\u2019est d\u00e9roul\u00e9 vers 23 h 15 en pleine rue sergent Michel Berthet pr\u00e8s de la station de m\u00e9tro TCL Gorge de Loup, il reste encore des traces de sang. Sur les murs ou au sol, les stigmates sont encore apparents malgr\u00e9 le nettoyage effectu\u00e9 par le gardien de l\u2019immeuble.<\/p>\n<p>    <a href=\"https:\/\/www.google.com\/maps\/embed?pb=!1m18!1m12!1m3!1d4435.716875127827!2d4.8035028754572435!3d45.767282471080584!2m3!1f0!2f0!3f0!3m2!1i1024!2i768!4f13.1!3m3!1m2!1s0x47f4eb7501bbcbd9%3A0xffe935d99977abb5!2s53%20Rue%20du%20Sergent%20Michel%20Berthet%2C%2069009%20Lyon!5e1!3m2!1sfr!2sfr!4v1757596117460!5m2!1sfr!2sfr\" title=\"Ouvrie le lien\" rel=\"nofollow noopener\" target=\"_blank\">Cliquez ici pour visualiser le contenu<\/a><\/p>\n<p>Un Irakien de 45 ans<\/p>\n<p class=\" wall-content\">La victime, un <strong>Irakien \u00e2g\u00e9 de 45 ans<\/strong> en situation irr\u00e9guli\u00e8re, a perdu la vie sur place. Ashur faisait un live sur les r\u00e9seaux sociaux au moment o\u00f9 il a \u00e9t\u00e9 frapp\u00e9, ont rapport\u00e9 des proches \u00e0 l\u2019AFP.<\/p>\n<p class=\" wall-content\">Les voisins sont particuli\u00e8rement choqu\u00e9s.<\/p>\n<p>\u00ab\u00a0J\u2019ai entendu agoniser\u00a0\u00bb<\/p>\n<p class=\" wall-content\">Sous couvert d\u2019anonymat, une riveraine t\u00e9moigne de <strong>l\u2019horreur<\/strong> qui s\u2019est empar\u00e9e du secteur. La m\u00e8re de famille \u00e9tait chez elle avec ses enfants lors du crime.<\/p>\n<blockquote class=\"ac-article-quote wall-content\">\n<p>J&rsquo;ai entendu quelqu&rsquo;un agoniser, et juste avant, nous avions entendu des petites chamailleries, mais en \u00e9tant devant le m\u00e9tro avec tout ce qu&rsquo;il se passe&#8230; C&rsquo;est quand j&rsquo;ai entendu la victime agoniser que j&rsquo;ai demand\u00e9 \u00e0 mon mari de descendre voir ce qu&rsquo;il se passait, car je pensais qu&rsquo;une personne s&rsquo;\u00e9touffait. On avait l&rsquo;impression qu&rsquo;elle \u00e9tait en train de vomir.<\/p>\n<p>    <strong>Riveraine de la rue du Sergent Michel Berthet<\/strong>\n            <\/p><\/blockquote>\n<p class=\" wall-content\">Mais il \u00e9tait d\u00e9j\u00e0 trop tard, l\u2019homme \u00e9tait d\u00e9j\u00e0 dans un \u00e9tat trop grave, malgr\u00e9 le secours de deux autres voisines. Son <strong>d\u00e9c\u00e8s a \u00e9t\u00e9 prononc\u00e9 sur place<\/strong>.<\/p>\n<p>    <img   decoding=\"async\" loading=\"lazy\" src=\"https:\/\/www.europesays.com\/fr\/wp-content\/uploads\/2025\/09\/meutre-fauteil-roulant-lyon-gorge-de-loup-960x640.jpeg\" alt=\"Un homme en fauteuil roulant a \u00e9t\u00e9 tu\u00e9 \u00e0 l'arme blanche ce mercredi 10 septembre dans le 9e arrondissement de Lyon.\" width=\"960\" height=\"640\"\/><br \/>\n    Un homme en fauteuil roulant a \u00e9t\u00e9 tu\u00e9 \u00e0 l\u2019arme blanche ce mercredi 10 septembre dans le 9e arrondissement de Lyon. (\u00a9Julien Damboise \/ actu Lyon)<\/p>\n<p>Votre r\u00e9gion, votre actu !<\/p>\n<p>Recevez chaque jour les infos qui comptent pour vous.<\/p>\n<p>\t<a href=\"https:\/\/actu.fr\/newsletter\" class=\"ac-btn ac-btn--corner ac-btn--medium ac-btn--blue800\" rel=\"nofollow noopener\" target=\"_blank\">S&rsquo;incrire<\/a><\/p>\n<p class=\" wall-content\">\u00ab\u00a0Je suis assez stup\u00e9faite de ce qu\u2019il s\u2019est pass\u00e9 \u00e0 quelques pas finalement des habitations, d\u2019une entr\u00e9e de m\u00e9tro, d\u2019un <strong>accueil petite enfance<\/strong>. Hier soir, la journ\u00e9e s\u2019\u00e9tait tr\u00e8s bien pass\u00e9e, compl\u00e8tement habituelle. Rien ne pouvait pr\u00e9sager \u00e7a\u00a0\u00bb, explique une responsable de l\u2019\u00e9tablissement d\u2019o\u00f9 sortent de jeunes bambins avec leurs assistantes maternelles. Ces derni\u00e8res sont \u00e9galement choqu\u00e9es de la nouvelle qu\u2019elles apprennent par les nombreux journalistes sur place.<\/p>\n<p>Un voisin tranquille ?<\/p>\n<p class=\" wall-content\">D\u2019apr\u00e8s Ahmed, qui habite le b\u00e2timent au pied duquel s\u2019est produit le meurtre, l\u2019homme tu\u00e9 habitait dans le secteur depuis au moins un an, voire plus.<\/p>\n<p class=\" wall-content\">Il le voyait monter et descendre depuis Valmy pour aller faire ses courses, \u00ab\u00a0il ne faisait que \u00e7a\u00a0\u00bb, mais aussi des lives sur <a href=\"https:\/\/actu.fr\/tag\/tiktok\" rel=\"nofollow noopener\" target=\"_blank\">TikTok<\/a>. \u00ab\u00a0Il ne provoquait personne\u00a0\u00bb, conclut Ahmed.<\/p>\n<p>    <img   decoding=\"async\" loading=\"lazy\" src=\"https:\/\/www.europesays.com\/fr\/wp-content\/uploads\/2025\/09\/homme-handicape-tue-lyon-960x640.jpeg\" alt=\"La police sur les lieux du meurtre, dans le 9e arrondissement de Lyon, ce jeudi 11 septembre 2025.\" width=\"960\" height=\"640\"\/><br \/>\n    La police sur les lieux du meurtre, dans le 9\u1d49 arrondissement de Lyon, ce jeudi 11 septembre 2025. (\u00a9Julien Damboise\/ actu Lyon)<\/p>\n<p class=\" wall-content\">Ces directs sur les r\u00e9seaux sociaux, qui selon ses proches portaient sur la religion chr\u00e9tienne, pourraient \u00eatre une <strong>piste \u00e9tudi\u00e9e par les enqu\u00eateurs<\/strong>. La brigade criminelle \u00e9tait pr\u00e9sente sur place ce jeudi matin. Des agents qui traquent l\u2019auteur des faits, en fuite \u00e0 cette heure.<\/p>\n<p class=\" wall-content\">Personnalisez votre actualit\u00e9 en ajoutant vos villes et m\u00e9dias en favori avec <a href=\"https:\/\/moncompte.actu.fr\" title=\"D\u00e9couvez Mon Actu\" rel=\"nofollow noopener\" data-trk=\"{&quot;cta&quot;:{&quot;action&quot;:&quot;https:\\\/\\\/moncompte.actu.fr&quot;,&quot;category&quot;:&quot;mon compte&quot;,&quot;from&quot;:&quot;article footer&quot;,&quot;name&quot;:&quot;Mon actu&quot;,&quot;type&quot;:&quot;cta&quot;}}\" target=\"_blank\">Mon Actu<\/a>.<\/p>\n","protected":false},"excerpt":{"rendered":"Par Julien Damboise Publi\u00e9 le 11 sept. 2025 \u00e0 16h30 Le choc est immense dans le quartier de&hellip;\n","protected":false},"author":2,"featured_media":383026,"comment_status":"","ping_status":"","sticky":false,"template":"","format":"standard","meta":{"footnotes":""},"categories":[1889],"tags":[1111,11,2430,1777,674,118,1011,27,1943,2428,777,12,1072,25],"class_list":{"0":"post-383025","1":"post","2":"type-post","3":"status-publish","4":"format-standard","5":"has-post-thumbnail","7":"category-lyon","8":"tag-actu","9":"tag-actualites","10":"tag-auvergne-rhone-alpes","11":"tag-eu","12":"tag-europe","13":"tag-faits-divers","14":"tag-fr","15":"tag-france","16":"tag-handicap","17":"tag-lyon","18":"tag-meurtre","19":"tag-news","20":"tag-police","21":"tag-republique-francaise"},"share_on_mastodon":{"url":"https:\/\/pubeurope.com\/@fr\/115186229828174058","error":""},"_links":{"self":[{"href":"https:\/\/www.europesays.com\/fr\/wp-json\/wp\/v2\/posts\/383025","targetHints":{"allow":["GET"]}}],"collection":[{"href":"https:\/\/www.europesays.com\/fr\/wp-json\/wp\/v2\/posts"}],"about":[{"href":"https:\/\/www.europesays.com\/fr\/wp-json\/wp\/v2\/types\/post"}],"author":[{"embeddable":true,"href":"https:\/\/www.europesays.com\/fr\/wp-json\/wp\/v2\/users\/2"}],"replies":[{"embeddable":true,"href":"https:\/\/www.europesays.com\/fr\/wp-json\/wp\/v2\/comments?post=383025"}],"version-history":[{"count":0,"href":"https:\/\/www.europesays.com\/fr\/wp-json\/wp\/v2\/posts\/383025\/revisions"}],"wp:featuredmedia":[{"embeddable":true,"href":"https:\/\/www.europesays.com\/fr\/wp-json\/wp\/v2\/media\/383026"}],"wp:attachment":[{"href":"https:\/\/www.europesays.com\/fr\/wp-json\/wp\/v2\/media?parent=383025"}],"wp:term":[{"taxonomy":"category","embeddable":true,"href":"https:\/\/www.europesays.com\/fr\/wp-json\/wp\/v2\/categories?post=383025"},{"taxonomy":"post_tag","embeddable":true,"href":"https:\/\/www.europesays.com\/fr\/wp-json\/wp\/v2\/tags?post=383025"}],"curies":[{"name":"wp","href":"https:\/\/api.w.org\/{rel}","templated":true}]}}